{"id":1167,"date":"2005-08-07T00:00:00","date_gmt":"2005-08-06T22:00:00","guid":{"rendered":""},"modified":"2024-12-16T09:15:54","modified_gmt":"2024-12-16T08:15:54","slug":"la-verit-su-katyn-alla-luce-di-un-documento","status":"publish","type":"post","link":"https:\/\/www.rassegnastampa-totustuus.it\/cattolica\/la-verit-su-katyn-alla-luce-di-un-documento\/","title":{"rendered":"La verit&agrave; su Katyn alla luce di un documento"},"content":{"rendered":"<div style=\"text-align: center;\"><a href=\"https:\/\/www.rassegnastampa-totustuus.it\/cattolica\/wp-content\/uploads\/2005\/08\/Katyn.jpg\"><img loading=\"lazy\" decoding=\"async\" class=\"alignleft wp-image-29556\" src=\"https:\/\/www.rassegnastampa-totustuus.it\/cattolica\/wp-content\/uploads\/2005\/08\/Katyn.jpg\" alt=\"Katyn\" width=\"250\" height=\"161\" \/><\/a>Articolo pubblicato su <strong>Cristianit\u00e0<\/strong> n. 175<\/div>\n<p style=\"text-align: justify;\"><em>Come si \u00e8 giunti all\u2019identificazione dei colpevoli dell\u2019eccidio di diecimila ufficiali polacchi &#8211; internati nell\u2019Unione Sovietica e liquidati nel 1940 ad opera dei socialcomunisti russi &#8211; in una ricostruzione comparsa con lo stesso titolo in <\/em>Tygodnik Powszechny<em>, &#8220;Rivista Universale&#8221;, anno LIII, n. 27 (2088), 2-7-1989, una pubblicazione socioculturale cattolica edita a Cracovia, in Polonia. La traduzione dall\u2019originale \u00e8 redazionale<\/em><\/p>\n<p><!--more--><\/p>\n<div style=\"text-align: justify;\">La commissione internazionale [composta da polacchi e da sovietici] che indaga sull\u2019eccidio degli ufficiali polacchi internati nell\u2019Unione Sovietica non riesce a trovare i documenti relativi negli archivi del NKVD [il Commissariato del Popolo per gli Affari Interni, cio\u00e8 la polizia politica dell\u2019Unione Sovietica dal 1934 al 1946, corrispondente all\u2019attuale KGB, il Comitato di Sicurezza dello Stato, all\u2019opera dal 1954]. Per questa ragione desidero ricordare una piccola parte di una serie di cinque articoli apparsi sul settimanale tedesco <em>7 Tage<\/em>, pubblicato a Karlsruhe, fra il 22 giugno 1957 e il 20 luglio dello stesso 1957, nei numeri dal 26 al 30.<\/div>\n<p style=\"text-align: justify;\">Nel numero 26 del citato settimanale, in un articolo intitolato <em>La verit\u00e0 su Katyn<\/em>, la redazione rivel\u00f2 di essere riuscita a entrare in possesso di un documento sconvolgente, che veniva pubblicato per la prima volta. Come spiegato nell\u2019introduzione, questo documento era stato portato in Germania a rischio della vita.Il settimanale si rif\u00e0 alle ricerche iniziate nel 1946, per incarico del ministero della Giustizia della Repubblica Popolare Polacca, dal procuratore di Cracovia, dottor Roman Martini.<\/p>\n<p style=\"text-align: justify;\">Il dottor Martini, che durante l\u2019occupazione tedesca venne internato in un <em>Oflag<\/em> [un campo di concentramento per ufficiali], al ritorno in patria occup\u00f2 l\u2019ufficio di viceprocuratore regionale per gli affari riguardanti la ricerca di criminali hitleriani.<\/p>\n<p style=\"text-align: justify;\">Egli era convinto di riuscire a dimostrare al mondo che l\u2019eccidio di diecimila ufficiali polacchi ritenuti dispersi era stato commesso dai tedeschi e non dai russi, come i tedeschi stessi volevano far credere dopo aver scoperto le fosse comuni a Katyn. Per la sua impresa, il dottor Martini trov\u00f2 un completo appoggio dei governi polacco e sovietico.<\/p>\n<p style=\"text-align: justify;\">Insieme ad alcuni studiosi polacchi, ottenne il permesso di esaminare i resti delle fosse comuni di Katyn e di analizzare i vecchi archivi lasciati dai tedeschi in Unione Sovietica. Risult\u00f2 che l\u2019affermazione dei tedeschi, secondo cui a Katyn erano stati sepolti circa diecimila ufficiali polacchi, era notevolmente esagerata. In realt\u00e0, si potevano trovare appena cinquemila corpi.<\/p>\n<p style=\"text-align: justify;\">Martini e i suoi collaboratori svolsero indagini anche nelle carceri, in cui probabilmente si potevano trovare segni di una presenza di prigionieri polacchi.<\/p>\n<p style=\"text-align: justify;\">Nel corso delle lunghe ricerche perlustrarono le cantine degli edifici appartenuti alla Gestapo[la Polizia Segreta Statale del <em>Reich<\/em> nazionalsocialista] nelle citt\u00e0 di Smolensk, di Minsk e di Charkow al tempo dell\u2019occupazione da parte dei tedeschi. Vi trovarono documenti stracciati e accatastati, ma ancora leggibili, abbandonati in fretta di fronte all\u2019incalzare della ritirata. Conoscendo sia il tedesco che il russo, studiarono accuratamente questi documenti e li catalogarono. In mezzo a tante carte poco importanti per la loro ricerca, rinvennero alcune liste in cui erano elencati migliaia di nomi polacchi.<\/p>\n<p style=\"text-align: justify;\">Era la pista giusta perch\u00e9 molti nomi erano identici a quelli degli uomini che avevano trovato la morte nei boschi di Katyn.<\/p>\n<p style=\"text-align: justify;\">A Minsk, in una cantina, rinvennero un documento che n\u00e9 il procuratore Martini n\u00e9 i suoi collaboratori si aspettavano di trovare. E questo documento, dopo che fu rivelato da Martini, fu la causa della sua morte. Infatti, poco tempo dopo, nella tarda sera del 30 marzo 1946, vennero a trovarlo a Cracovia, in via Krupnicza 10, due persone che lo uccisero. I colpevoli vennero scoperti e arrestati. Ma, prima di venire processati, scomparvero dalla prigione in un modo mai chiarito.<\/p>\n<p style=\"text-align: justify;\">Il documento, che indica in maniera definitiva e incontestabile i colpevoli dell\u2019eccidio di Katyn, \u00e8 una copia di un rapporto segreto del Comando del NKVD di Minsk, inviato al Comando Generale del NKVD di Mosca (1). Eccone la traduzione:<\/p>\n<p style=\"text-align: justify;\">SEGRETO!<\/p>\n<p style=\"text-align: center;\">Unione delle Repubbliche Socialiste Sovietiche<\/p>\n<p style=\"text-align: center;\">Commissariato del Popolo per gli Affari Interni<\/p>\n<p style=\"text-align: justify;\">Comando del NKVD Distretto di Minsk<\/p>\n<p style=\"text-align: justify;\">Dipartimento (?)<\/p>\n<p style=\"text-align: right;\">10 giugno 1940<\/p>\n<p style=\"text-align: center;\">Al Comando Generale<\/p>\n<p style=\"text-align: justify;\">NKVD Mosca<\/p>\n<p style=\"text-align: justify;\">Rapporto di servizio<\/p>\n<p style=\"text-align: justify;\">In conformit\u00e0 con l\u2019ordine del Comando Generale del NKVD del 12 febbraio 1940, sono stati liquidati i tre campi di prigionieri di guerra polacchi, nei distretti delle citt\u00e0 di Kozielsk, Ostaszkow e Starobielsk. L\u2019operazione di liquidazione dei tre campi \u00e8 stata portata a termine il giorno 6 giugno. Il compagno Burianov, inviato dalla Centrale, \u00e8 stato nominato direttore responsabile. In base al succitato ordine, \u00e8 stato in primo luogo liquidato il campo di Kozielsk.<\/p>\n<p style=\"text-align: justify;\">I reparti della sicurezza del Comando del NKVD di Minsk, nel distretto della citt\u00e0 di Smolensk, hanno eseguito la liquidazione, dal 1\u00b0 marzo al 3 maggio dell\u2019anno corrente. Per assicurare l\u2019operazione sono stati fatti confluire reparti dell\u2019esercito, provenienti in parte dal 190\u00b0 reggimento. Come ordinato, la seconda operazione si \u00e8 svolta nel distretto della citt\u00e0 di Bologoje.<\/p>\n<p style=\"text-align: justify;\">\u00c8 stata eseguita da reparti della sicurezza del Comando del NKVD di Smolensk, con la protezione di reparti del 129\u00b0 reggimento Wielkie Luki. L\u2019operazione \u00e8 stata condotta a termine il 5 giugno dell\u2019anno corrente. La terza operazione di liquidazione del campo di Starobielsk \u00e8 stata affidata al Comando del NKVD di Charkow. La liquidazione \u00e8 avvenuta il 2 giugno nel distretto di Degarcze, presenti reparti della sicurezza del 68\u00b0 reggimento ucraino. In questo caso, direttore responsabile dell\u2019operazione era il colonnello del NKVD B. Kuczkov. Si inviano copie di questo rapporto ai generali del NKVD Rajchman e Saburin.<\/p>\n<p style=\"text-align: justify;\">Direttore del Comando del NKVD, Distretto di Minsk (&#8230;) Tartakov<\/p>\n<p style=\"text-align: justify;\">Visto da: (firma illeggibile)<\/p>\n<p style=\"text-align: justify;\">Segretario del dipartimento: (firma illeggibile)<\/p>\n<p style=\"text-align: justify;\">Cos\u00ec il mistero di Katyn \u00e8 stato chiarito. Non vi \u00e8 soltanto una Katyn: ve ne sono ben tre.\u00a0L\u2019esercito tedesco, che negli anni 1941-1942 era in marcia verso oriente, attravers\u00f2 i luoghi dove erano stati sepolti i prigionieri dei campi di Ostaszkow e di Starobielsk: allora non scoprirono queste tombe. Si pu\u00f2 sperare che in futuro si far\u00e0 piena luce su questi &#8220;punti oscuri&#8221;.<\/p>\n<p style=\"text-align: right;\">di <strong>Leszek Martini<\/strong><\/p>\n<p style=\"text-align: justify;\"><strong>Note<\/strong><\/p>\n<p style=\"text-align: justify;\"><strong>1)<\/strong> Questo documento \u00e8 stato pubblicato anche in numerose opere in inglese. Si possono citare: J. Kazimiers Zawodny, <em>Death in the Forest<\/em>, Notre Dame 1962, pp. 114-115 [trad. it. <em>La vera storia del massacro di Katyn. Morte nella foresta<\/em>, 2\u00aa ed., Mursia, Milano 1989, pp. 101-102]; Louis Fitz Gibbon, <em>Unpitied and Unknown<\/em>, pp. 440-441, Londra 1975. Quest\u2019ultimo libro ha come sottotitolo <em>Katyn&#8230; Bologoye&#8230; Dergachi<\/em>, cio\u00e8 i luoghi del martirio degli ufficiali polacchi dei campi di Kozielsk, di Ostaszkow e di Starobielsk, citati nel rapporto del NKVD.<\/p>\n<p style=\"text-align: justify;\">________________________________________<\/p>\n<p><strong><span style=\"color: #000000;\">Leggi anche:<\/span><\/strong><\/p>\n<p><a href=\"https:\/\/www.rassegnastampa-totustuus.it\/cattolica\/seconda-guerra-mondiale-spunta-il-dossier-segreto-dei-reati-commessi-in-italia-dagli-alleati\/\" target=\"_blank\" rel=\"noopener\"><span style=\"color: #0000ff;\">Seconda guerra mondiale, spunta il dossier segreto dei reati commessi in Italia dagli Alleati<\/span><\/a><\/p>\n<p><a href=\"https:\/\/www.rassegnastampa-totustuus.it\/cattolica\/maggio-giugno-1945-il-rimpatrio-forzato-di-cosacchi-e-altri-crimini-di-guerra\/\" target=\"_blank\" rel=\"noopener\"><span style=\"color: #0000ff;\">Maggio-giugno 1945: il rimpatrio forzato dei cosacchi e altri crimini di guerra<\/span><\/a><\/p>\n<p><a href=\"https:\/\/www.rassegnastampa-totustuus.it\/cattolica\/i-bombardamenti-aerei-nel-secondo-conflitto-mondiale\/\" target=\"_blank\" rel=\"noopener\"><span style=\"color: #0000ff;\">I bombardamenti aerei nel secondo conflitto mondiale<\/span><\/a><\/p>\n<p><a href=\"https:\/\/www.rassegnastampa-totustuus.it\/cattolica\/1945-il-bombardamento-di-dresda\/\" target=\"_blank\" rel=\"noopener\"><span style=\"color: #0000ff;\">1945 il bombardamento di Dresda<\/span><\/a><\/p>\n<p><a href=\"https:\/\/www.rassegnastampa-totustuus.it\/cattolica\/monte-cassino-1944-scatenate-i-marocchini\/\" target=\"_blank\" rel=\"noopener\"><span style=\"color: #0000ff;\">Monte Cassino 1944, scatenate i marocchini<\/span><\/a><\/p>\n<p style=\"text-align: justify;\"><strong>Sulla II Guerra Mondiale:<\/strong><\/p>\n<p style=\"text-align: justify;\"><span style=\"color: #0000ff;\"><a style=\"color: #0000ff;\" href=\"https:\/\/www.rassegnastampa-totustuus.it\/cattolica\/?p=1746\" target=\"_blank\" rel=\"noopener\"><strong>L\u2019anno in cui il mondo fin\u00ec. Diario del \u201939<\/strong><\/a> <\/span>di <strong>Franco Bandini<\/strong><\/p>\n<p style=\"text-align: justify;\"><em style=\"font-size: 12px;\">Nel 1939 truppe del F\u00fcrer invadevano la Polonia. Da quel giorno la guerra sar\u00e0 l\u2019unica realt\u00e0 di milioni uomini. Ma come e dove viene preparato il pi\u00f9 grande conflitto mai accaduto? La storia controcorrente del fatale 1939.<\/em><\/p>\n<p style=\"text-align: justify;\"><span style=\"color: #0000ff;\"><a style=\"color: #0000ff;\" href=\"modules.php?name=News&amp;file=article&amp;sid=1714https:\/\/www.rassegnastampa-totustuus.it\/cattolica\/?p=1714\"><strong>1943 L\u2019estate delle tre tavolette<\/strong><\/a> <\/span>di <strong>Franco Bandini<\/strong><\/p>\n<p style=\"text-align: justify;\"><em style=\"font-size: 12px;\">Il primo capitolo dell&#8217;ultimo libro, postumo, dello storico Franco Bandini dedicato al 1943,in cui si indaga su molti &#8220;misteri&#8221; del secondo conflitto mondiale<\/em><\/p>\n","protected":false},"excerpt":{"rendered":"<p>Articolo pubblicato su Cristianit\u00e0 n. 175 Come si \u00e8 giunti all\u2019identificazione dei colpevoli dell\u2019eccidio di diecimila ufficiali polacchi &#8211; internati nell\u2019Unione Sovietica e liquidati nel 1940 ad opera dei socialcomunisti russi &#8211; in una ricostruzione comparsa con lo stesso titolo in Tygodnik Powszechny, &#8220;Rivista Universale&#8221;, anno LIII, n. 27 (2088), 2-7-1989, una pubblicazione socioculturale cattolica &hellip; <\/p>\n<p><a class=\"more-link btn\" href=\"https:\/\/www.rassegnastampa-totustuus.it\/cattolica\/la-verit-su-katyn-alla-luce-di-un-documento\/\">Continua a leggere<\/a><\/p>\n","protected":false},"author":6,"featured_media":29556,"comment_status":"closed","ping_status":"open","sticky":false,"template":"","format":"standard","meta":{"footnotes":""},"categories":[32,90,24],"tags":[139,887,888,175],"class_list":["post-1167","post","type-post","status-publish","format-standard","has-post-thumbnail","hentry","category-filosofia-del-comunismo","category-ii-guerra-mondiale","category-storia","tag-comunismo","tag-crimini-alleati","tag-katyn","tag-urss-2","item-wrap"],"yoast_head":"<!-- This site is optimized with the Yoast SEO plugin v27.5 - https:\/\/yoast.com\/product\/yoast-seo-wordpress\/ -->\n<title>La verit&agrave; su Katyn alla luce di un documento - Rassegna Stampa Cattolica<\/title>\n<meta name=\"description\" content=\"Rassegna Stampa Cattolica - Per una cultura che nasce dalla Rivelazione cristiana in conformit\u00e0 alla tradizione e al Magistero della Chiesa in opposizione ad ogni relativismo e totalitarismo\" \/>\n<meta name=\"robots\" content=\"index, follow, max-snippet:-1, max-image-preview:large, max-video-preview:-1\" \/>\n<link rel=\"canonical\" href=\"https:\/\/www.rassegnastampa-totustuus.it\/cattolica\/la-verit-su-katyn-alla-luce-di-un-documento\/\" \/>\n<meta property=\"og:locale\" content=\"it_IT\" \/>\n<meta property=\"og:type\" content=\"article\" \/>\n<meta property=\"og:title\" content=\"La verit&agrave; su Katyn alla luce di un documento - Rassegna Stampa Cattolica\" \/>\n<meta property=\"og:description\" content=\"Rassegna Stampa Cattolica - Per una cultura che nasce dalla Rivelazione cristiana in conformit\u00e0 alla tradizione e al Magistero della Chiesa in opposizione ad ogni relativismo e totalitarismo\" \/>\n<meta property=\"og:url\" content=\"https:\/\/www.rassegnastampa-totustuus.it\/cattolica\/la-verit-su-katyn-alla-luce-di-un-documento\/\" \/>\n<meta property=\"og:site_name\" content=\"Rassegna Stampa Cattolica\" \/>\n<meta property=\"article:publisher\" content=\"https:\/\/www.facebook.com\/rassegnastampacattolica\" \/>\n<meta property=\"article:published_time\" content=\"2005-08-06T22:00:00+00:00\" \/>\n<meta property=\"article:modified_time\" content=\"2024-12-16T08:15:54+00:00\" \/>\n<meta property=\"og:image\" content=\"https:\/\/www.rassegnastampa-totustuus.it\/cattolica\/wp-content\/uploads\/2005\/08\/Katyn.jpg\" \/>\n\t<meta property=\"og:image:width\" content=\"280\" \/>\n\t<meta property=\"og:image:height\" content=\"180\" \/>\n\t<meta property=\"og:image:type\" content=\"image\/jpeg\" \/>\n<meta name=\"author\" content=\"Redazione\" \/>\n<meta name=\"twitter:card\" content=\"summary_large_image\" \/>\n<meta name=\"twitter:creator\" content=\"@rassegnastampa9\" \/>\n<meta name=\"twitter:site\" content=\"@rassegnastampa9\" \/>\n<meta name=\"twitter:label1\" content=\"Scritto da\" \/>\n\t<meta name=\"twitter:data1\" content=\"Redazione\" \/>\n\t<meta name=\"twitter:label2\" content=\"Tempo di lettura stimato\" \/>\n\t<meta name=\"twitter:data2\" content=\"7 minuti\" \/>\n<script type=\"application\/ld+json\" class=\"yoast-schema-graph\">{\"@context\":\"https:\\\/\\\/schema.org\",\"@graph\":[{\"@type\":\"Article\",\"@id\":\"https:\\\/\\\/www.rassegnastampa-totustuus.it\\\/cattolica\\\/la-verit-su-katyn-alla-luce-di-un-documento\\\/#article\",\"isPartOf\":{\"@id\":\"https:\\\/\\\/www.rassegnastampa-totustuus.it\\\/cattolica\\\/la-verit-su-katyn-alla-luce-di-un-documento\\\/\"},\"author\":{\"name\":\"Redazione\",\"@id\":\"https:\\\/\\\/www.rassegnastampa-totustuus.it\\\/cattolica\\\/#\\\/schema\\\/person\\\/08f319d2bd1a0904ad9e2bfb7b15e5c3\"},\"headline\":\"La verit&agrave; su Katyn alla luce di un documento\",\"datePublished\":\"2005-08-06T22:00:00+00:00\",\"dateModified\":\"2024-12-16T08:15:54+00:00\",\"mainEntityOfPage\":{\"@id\":\"https:\\\/\\\/www.rassegnastampa-totustuus.it\\\/cattolica\\\/la-verit-su-katyn-alla-luce-di-un-documento\\\/\"},\"wordCount\":1189,\"publisher\":{\"@id\":\"https:\\\/\\\/www.rassegnastampa-totustuus.it\\\/cattolica\\\/#organization\"},\"image\":{\"@id\":\"https:\\\/\\\/www.rassegnastampa-totustuus.it\\\/cattolica\\\/la-verit-su-katyn-alla-luce-di-un-documento\\\/#primaryimage\"},\"thumbnailUrl\":\"https:\\\/\\\/www.rassegnastampa-totustuus.it\\\/cattolica\\\/wp-content\\\/uploads\\\/2005\\\/08\\\/Katyn.jpg\",\"keywords\":[\"comunismo\",\"crimini alleati\",\"katyn\",\"Urss\"],\"articleSection\":[\"Comunismo\",\"II Guerra Mondiale\",\"Storia\"],\"inLanguage\":\"it-IT\"},{\"@type\":\"WebPage\",\"@id\":\"https:\\\/\\\/www.rassegnastampa-totustuus.it\\\/cattolica\\\/la-verit-su-katyn-alla-luce-di-un-documento\\\/\",\"url\":\"https:\\\/\\\/www.rassegnastampa-totustuus.it\\\/cattolica\\\/la-verit-su-katyn-alla-luce-di-un-documento\\\/\",\"name\":\"La verit&agrave; su Katyn alla luce di un documento - Rassegna Stampa Cattolica\",\"isPartOf\":{\"@id\":\"https:\\\/\\\/www.rassegnastampa-totustuus.it\\\/cattolica\\\/#website\"},\"primaryImageOfPage\":{\"@id\":\"https:\\\/\\\/www.rassegnastampa-totustuus.it\\\/cattolica\\\/la-verit-su-katyn-alla-luce-di-un-documento\\\/#primaryimage\"},\"image\":{\"@id\":\"https:\\\/\\\/www.rassegnastampa-totustuus.it\\\/cattolica\\\/la-verit-su-katyn-alla-luce-di-un-documento\\\/#primaryimage\"},\"thumbnailUrl\":\"https:\\\/\\\/www.rassegnastampa-totustuus.it\\\/cattolica\\\/wp-content\\\/uploads\\\/2005\\\/08\\\/Katyn.jpg\",\"datePublished\":\"2005-08-06T22:00:00+00:00\",\"dateModified\":\"2024-12-16T08:15:54+00:00\",\"description\":\"Rassegna Stampa Cattolica - Per una cultura che nasce dalla Rivelazione cristiana in conformit\u00e0 alla tradizione e al Magistero della Chiesa in opposizione ad ogni relativismo e totalitarismo\",\"breadcrumb\":{\"@id\":\"https:\\\/\\\/www.rassegnastampa-totustuus.it\\\/cattolica\\\/la-verit-su-katyn-alla-luce-di-un-documento\\\/#breadcrumb\"},\"inLanguage\":\"it-IT\",\"potentialAction\":[{\"@type\":\"ReadAction\",\"target\":[\"https:\\\/\\\/www.rassegnastampa-totustuus.it\\\/cattolica\\\/la-verit-su-katyn-alla-luce-di-un-documento\\\/\"]}]},{\"@type\":\"ImageObject\",\"inLanguage\":\"it-IT\",\"@id\":\"https:\\\/\\\/www.rassegnastampa-totustuus.it\\\/cattolica\\\/la-verit-su-katyn-alla-luce-di-un-documento\\\/#primaryimage\",\"url\":\"https:\\\/\\\/www.rassegnastampa-totustuus.it\\\/cattolica\\\/wp-content\\\/uploads\\\/2005\\\/08\\\/Katyn.jpg\",\"contentUrl\":\"https:\\\/\\\/www.rassegnastampa-totustuus.it\\\/cattolica\\\/wp-content\\\/uploads\\\/2005\\\/08\\\/Katyn.jpg\",\"width\":280,\"height\":180},{\"@type\":\"BreadcrumbList\",\"@id\":\"https:\\\/\\\/www.rassegnastampa-totustuus.it\\\/cattolica\\\/la-verit-su-katyn-alla-luce-di-un-documento\\\/#breadcrumb\",\"itemListElement\":[{\"@type\":\"ListItem\",\"position\":1,\"name\":\"Home\",\"item\":\"https:\\\/\\\/www.rassegnastampa-totustuus.it\\\/cattolica\\\/\"},{\"@type\":\"ListItem\",\"position\":2,\"name\":\"La verit&agrave; su Katyn alla luce di un documento\"}]},{\"@type\":\"WebSite\",\"@id\":\"https:\\\/\\\/www.rassegnastampa-totustuus.it\\\/cattolica\\\/#website\",\"url\":\"https:\\\/\\\/www.rassegnastampa-totustuus.it\\\/cattolica\\\/\",\"name\":\"Rassegna Stampa Cattolica\",\"description\":\"Per una cultura che nasce dalla Rivelazione cristiana in conformit\u00e0 alla tradizione e al Magistero della Chiesa in opposizione ad ogni relativismo e totalitarismo\",\"publisher\":{\"@id\":\"https:\\\/\\\/www.rassegnastampa-totustuus.it\\\/cattolica\\\/#organization\"},\"alternateName\":\"Rass. Cattolica\",\"potentialAction\":[{\"@type\":\"SearchAction\",\"target\":{\"@type\":\"EntryPoint\",\"urlTemplate\":\"https:\\\/\\\/www.rassegnastampa-totustuus.it\\\/cattolica\\\/?s={search_term_string}\"},\"query-input\":{\"@type\":\"PropertyValueSpecification\",\"valueRequired\":true,\"valueName\":\"search_term_string\"}}],\"inLanguage\":\"it-IT\"},{\"@type\":\"Organization\",\"@id\":\"https:\\\/\\\/www.rassegnastampa-totustuus.it\\\/cattolica\\\/#organization\",\"name\":\"Rassegna Stampa Cattolica\",\"url\":\"https:\\\/\\\/www.rassegnastampa-totustuus.it\\\/cattolica\\\/\",\"logo\":{\"@type\":\"ImageObject\",\"inLanguage\":\"it-IT\",\"@id\":\"https:\\\/\\\/www.rassegnastampa-totustuus.it\\\/cattolica\\\/#\\\/schema\\\/logo\\\/image\\\/\",\"url\":\"https:\\\/\\\/www.rassegnastampa-totustuus.it\\\/cattolica\\\/wp-content\\\/uploads\\\/2014\\\/04\\\/logo-rassegna1.gif\",\"contentUrl\":\"https:\\\/\\\/www.rassegnastampa-totustuus.it\\\/cattolica\\\/wp-content\\\/uploads\\\/2014\\\/04\\\/logo-rassegna1.gif\",\"width\":600,\"height\":163,\"caption\":\"Rassegna Stampa Cattolica\"},\"image\":{\"@id\":\"https:\\\/\\\/www.rassegnastampa-totustuus.it\\\/cattolica\\\/#\\\/schema\\\/logo\\\/image\\\/\"},\"sameAs\":[\"https:\\\/\\\/www.facebook.com\\\/rassegnastampacattolica\",\"https:\\\/\\\/x.com\\\/rassegnastampa9\"]},{\"@type\":\"Person\",\"@id\":\"https:\\\/\\\/www.rassegnastampa-totustuus.it\\\/cattolica\\\/#\\\/schema\\\/person\\\/08f319d2bd1a0904ad9e2bfb7b15e5c3\",\"name\":\"Redazione\",\"image\":{\"@type\":\"ImageObject\",\"inLanguage\":\"it-IT\",\"@id\":\"https:\\\/\\\/secure.gravatar.com\\\/avatar\\\/2fcdf27c78ea025fbdb44e914cc63c72249ffec9dc8aafd5c82b26240ef3f346?s=96&d=mm&r=g\",\"url\":\"https:\\\/\\\/secure.gravatar.com\\\/avatar\\\/2fcdf27c78ea025fbdb44e914cc63c72249ffec9dc8aafd5c82b26240ef3f346?s=96&d=mm&r=g\",\"contentUrl\":\"https:\\\/\\\/secure.gravatar.com\\\/avatar\\\/2fcdf27c78ea025fbdb44e914cc63c72249ffec9dc8aafd5c82b26240ef3f346?s=96&d=mm&r=g\",\"caption\":\"Redazione\"},\"url\":\"https:\\\/\\\/www.rassegnastampa-totustuus.it\\\/cattolica\\\/author\\\/pietroelle\\\/\"}]}<\/script>\n<!-- \/ Yoast SEO plugin. -->","yoast_head_json":{"title":"La verit&agrave; su Katyn alla luce di un documento - Rassegna Stampa Cattolica","description":"Rassegna Stampa Cattolica - Per una cultura che nasce dalla Rivelazione cristiana in conformit\u00e0 alla tradizione e al Magistero della Chiesa in opposizione ad ogni relativismo e totalitarismo","robots":{"index":"index","follow":"follow","max-snippet":"max-snippet:-1","max-image-preview":"max-image-preview:large","max-video-preview":"max-video-preview:-1"},"canonical":"https:\/\/www.rassegnastampa-totustuus.it\/cattolica\/la-verit-su-katyn-alla-luce-di-un-documento\/","og_locale":"it_IT","og_type":"article","og_title":"La verit&agrave; su Katyn alla luce di un documento - Rassegna Stampa Cattolica","og_description":"Rassegna Stampa Cattolica - Per una cultura che nasce dalla Rivelazione cristiana in conformit\u00e0 alla tradizione e al Magistero della Chiesa in opposizione ad ogni relativismo e totalitarismo","og_url":"https:\/\/www.rassegnastampa-totustuus.it\/cattolica\/la-verit-su-katyn-alla-luce-di-un-documento\/","og_site_name":"Rassegna Stampa Cattolica","article_publisher":"https:\/\/www.facebook.com\/rassegnastampacattolica","article_published_time":"2005-08-06T22:00:00+00:00","article_modified_time":"2024-12-16T08:15:54+00:00","og_image":[{"width":280,"height":180,"url":"https:\/\/www.rassegnastampa-totustuus.it\/cattolica\/wp-content\/uploads\/2005\/08\/Katyn.jpg","type":"image\/jpeg"}],"author":"Redazione","twitter_card":"summary_large_image","twitter_creator":"@rassegnastampa9","twitter_site":"@rassegnastampa9","twitter_misc":{"Scritto da":"Redazione","Tempo di lettura stimato":"7 minuti"},"schema":{"@context":"https:\/\/schema.org","@graph":[{"@type":"Article","@id":"https:\/\/www.rassegnastampa-totustuus.it\/cattolica\/la-verit-su-katyn-alla-luce-di-un-documento\/#article","isPartOf":{"@id":"https:\/\/www.rassegnastampa-totustuus.it\/cattolica\/la-verit-su-katyn-alla-luce-di-un-documento\/"},"author":{"name":"Redazione","@id":"https:\/\/www.rassegnastampa-totustuus.it\/cattolica\/#\/schema\/person\/08f319d2bd1a0904ad9e2bfb7b15e5c3"},"headline":"La verit&agrave; su Katyn alla luce di un documento","datePublished":"2005-08-06T22:00:00+00:00","dateModified":"2024-12-16T08:15:54+00:00","mainEntityOfPage":{"@id":"https:\/\/www.rassegnastampa-totustuus.it\/cattolica\/la-verit-su-katyn-alla-luce-di-un-documento\/"},"wordCount":1189,"publisher":{"@id":"https:\/\/www.rassegnastampa-totustuus.it\/cattolica\/#organization"},"image":{"@id":"https:\/\/www.rassegnastampa-totustuus.it\/cattolica\/la-verit-su-katyn-alla-luce-di-un-documento\/#primaryimage"},"thumbnailUrl":"https:\/\/www.rassegnastampa-totustuus.it\/cattolica\/wp-content\/uploads\/2005\/08\/Katyn.jpg","keywords":["comunismo","crimini alleati","katyn","Urss"],"articleSection":["Comunismo","II Guerra Mondiale","Storia"],"inLanguage":"it-IT"},{"@type":"WebPage","@id":"https:\/\/www.rassegnastampa-totustuus.it\/cattolica\/la-verit-su-katyn-alla-luce-di-un-documento\/","url":"https:\/\/www.rassegnastampa-totustuus.it\/cattolica\/la-verit-su-katyn-alla-luce-di-un-documento\/","name":"La verit&agrave; su Katyn alla luce di un documento - Rassegna Stampa Cattolica","isPartOf":{"@id":"https:\/\/www.rassegnastampa-totustuus.it\/cattolica\/#website"},"primaryImageOfPage":{"@id":"https:\/\/www.rassegnastampa-totustuus.it\/cattolica\/la-verit-su-katyn-alla-luce-di-un-documento\/#primaryimage"},"image":{"@id":"https:\/\/www.rassegnastampa-totustuus.it\/cattolica\/la-verit-su-katyn-alla-luce-di-un-documento\/#primaryimage"},"thumbnailUrl":"https:\/\/www.rassegnastampa-totustuus.it\/cattolica\/wp-content\/uploads\/2005\/08\/Katyn.jpg","datePublished":"2005-08-06T22:00:00+00:00","dateModified":"2024-12-16T08:15:54+00:00","description":"Rassegna Stampa Cattolica - Per una cultura che nasce dalla Rivelazione cristiana in conformit\u00e0 alla tradizione e al Magistero della Chiesa in opposizione ad ogni relativismo e totalitarismo","breadcrumb":{"@id":"https:\/\/www.rassegnastampa-totustuus.it\/cattolica\/la-verit-su-katyn-alla-luce-di-un-documento\/#breadcrumb"},"inLanguage":"it-IT","potentialAction":[{"@type":"ReadAction","target":["https:\/\/www.rassegnastampa-totustuus.it\/cattolica\/la-verit-su-katyn-alla-luce-di-un-documento\/"]}]},{"@type":"ImageObject","inLanguage":"it-IT","@id":"https:\/\/www.rassegnastampa-totustuus.it\/cattolica\/la-verit-su-katyn-alla-luce-di-un-documento\/#primaryimage","url":"https:\/\/www.rassegnastampa-totustuus.it\/cattolica\/wp-content\/uploads\/2005\/08\/Katyn.jpg","contentUrl":"https:\/\/www.rassegnastampa-totustuus.it\/cattolica\/wp-content\/uploads\/2005\/08\/Katyn.jpg","width":280,"height":180},{"@type":"BreadcrumbList","@id":"https:\/\/www.rassegnastampa-totustuus.it\/cattolica\/la-verit-su-katyn-alla-luce-di-un-documento\/#breadcrumb","itemListElement":[{"@type":"ListItem","position":1,"name":"Home","item":"https:\/\/www.rassegnastampa-totustuus.it\/cattolica\/"},{"@type":"ListItem","position":2,"name":"La verit&agrave; su Katyn alla luce di un documento"}]},{"@type":"WebSite","@id":"https:\/\/www.rassegnastampa-totustuus.it\/cattolica\/#website","url":"https:\/\/www.rassegnastampa-totustuus.it\/cattolica\/","name":"Rassegna Stampa Cattolica","description":"Per una cultura che nasce dalla Rivelazione cristiana in conformit\u00e0 alla tradizione e al Magistero della Chiesa in opposizione ad ogni relativismo e totalitarismo","publisher":{"@id":"https:\/\/www.rassegnastampa-totustuus.it\/cattolica\/#organization"},"alternateName":"Rass. Cattolica","potentialAction":[{"@type":"SearchAction","target":{"@type":"EntryPoint","urlTemplate":"https:\/\/www.rassegnastampa-totustuus.it\/cattolica\/?s={search_term_string}"},"query-input":{"@type":"PropertyValueSpecification","valueRequired":true,"valueName":"search_term_string"}}],"inLanguage":"it-IT"},{"@type":"Organization","@id":"https:\/\/www.rassegnastampa-totustuus.it\/cattolica\/#organization","name":"Rassegna Stampa Cattolica","url":"https:\/\/www.rassegnastampa-totustuus.it\/cattolica\/","logo":{"@type":"ImageObject","inLanguage":"it-IT","@id":"https:\/\/www.rassegnastampa-totustuus.it\/cattolica\/#\/schema\/logo\/image\/","url":"https:\/\/www.rassegnastampa-totustuus.it\/cattolica\/wp-content\/uploads\/2014\/04\/logo-rassegna1.gif","contentUrl":"https:\/\/www.rassegnastampa-totustuus.it\/cattolica\/wp-content\/uploads\/2014\/04\/logo-rassegna1.gif","width":600,"height":163,"caption":"Rassegna Stampa Cattolica"},"image":{"@id":"https:\/\/www.rassegnastampa-totustuus.it\/cattolica\/#\/schema\/logo\/image\/"},"sameAs":["https:\/\/www.facebook.com\/rassegnastampacattolica","https:\/\/x.com\/rassegnastampa9"]},{"@type":"Person","@id":"https:\/\/www.rassegnastampa-totustuus.it\/cattolica\/#\/schema\/person\/08f319d2bd1a0904ad9e2bfb7b15e5c3","name":"Redazione","image":{"@type":"ImageObject","inLanguage":"it-IT","@id":"https:\/\/secure.gravatar.com\/avatar\/2fcdf27c78ea025fbdb44e914cc63c72249ffec9dc8aafd5c82b26240ef3f346?s=96&d=mm&r=g","url":"https:\/\/secure.gravatar.com\/avatar\/2fcdf27c78ea025fbdb44e914cc63c72249ffec9dc8aafd5c82b26240ef3f346?s=96&d=mm&r=g","contentUrl":"https:\/\/secure.gravatar.com\/avatar\/2fcdf27c78ea025fbdb44e914cc63c72249ffec9dc8aafd5c82b26240ef3f346?s=96&d=mm&r=g","caption":"Redazione"},"url":"https:\/\/www.rassegnastampa-totustuus.it\/cattolica\/author\/pietroelle\/"}]}},"_links":{"self":[{"href":"https:\/\/www.rassegnastampa-totustuus.it\/cattolica\/wp-json\/wp\/v2\/posts\/1167","targetHints":{"allow":["GET"]}}],"collection":[{"href":"https:\/\/www.rassegnastampa-totustuus.it\/cattolica\/wp-json\/wp\/v2\/posts"}],"about":[{"href":"https:\/\/www.rassegnastampa-totustuus.it\/cattolica\/wp-json\/wp\/v2\/types\/post"}],"author":[{"embeddable":true,"href":"https:\/\/www.rassegnastampa-totustuus.it\/cattolica\/wp-json\/wp\/v2\/users\/6"}],"replies":[{"embeddable":true,"href":"https:\/\/www.rassegnastampa-totustuus.it\/cattolica\/wp-json\/wp\/v2\/comments?post=1167"}],"version-history":[{"count":4,"href":"https:\/\/www.rassegnastampa-totustuus.it\/cattolica\/wp-json\/wp\/v2\/posts\/1167\/revisions"}],"predecessor-version":[{"id":61761,"href":"https:\/\/www.rassegnastampa-totustuus.it\/cattolica\/wp-json\/wp\/v2\/posts\/1167\/revisions\/61761"}],"wp:featuredmedia":[{"embeddable":true,"href":"https:\/\/www.rassegnastampa-totustuus.it\/cattolica\/wp-json\/wp\/v2\/media\/29556"}],"wp:attachment":[{"href":"https:\/\/www.rassegnastampa-totustuus.it\/cattolica\/wp-json\/wp\/v2\/media?parent=1167"}],"wp:term":[{"taxonomy":"category","embeddable":true,"href":"https:\/\/www.rassegnastampa-totustuus.it\/cattolica\/wp-json\/wp\/v2\/categories?post=1167"},{"taxonomy":"post_tag","embeddable":true,"href":"https:\/\/www.rassegnastampa-totustuus.it\/cattolica\/wp-json\/wp\/v2\/tags?post=1167"}],"curies":[{"name":"wp","href":"https:\/\/api.w.org\/{rel}","templated":true}]}}