{"id":1166,"date":"2005-08-07T00:00:00","date_gmt":"2005-08-06T22:00:00","guid":{"rendered":""},"modified":"2015-11-11T16:49:10","modified_gmt":"2015-11-11T15:49:10","slug":"lo-scomodo-olocausto","status":"publish","type":"post","link":"https:\/\/www.rassegnastampa-totustuus.it\/cattolica\/lo-scomodo-olocausto\/","title":{"rendered":"Lo scomodo Olocausto"},"content":{"rendered":"<div style=\"text-align: center;\"><a href=\"https:\/\/www.rassegnastampa-totustuus.it\/cattolica\/wp-content\/uploads\/2005\/08\/Auschwitz.jpg\"><img loading=\"lazy\" decoding=\"async\" class=\"alignright wp-image-27479\" src=\"https:\/\/www.rassegnastampa-totustuus.it\/cattolica\/wp-content\/uploads\/2005\/08\/Auschwitz.jpg\" alt=\"Auschwitz\" width=\"250\" height=\"172\" \/><\/a>Articolo pubblicato su <strong>30 Giorni<\/strong><\/div>\n<div style=\"text-align: center;\">del 6 giugno 1994<\/div>\n<p style=\"text-align: justify;\"><em>Nel 1942 gi\u00e0 informava gli alleati sui campi di sterminio nazisti. nel \u201943 invi\u00f2 un piano per salvare 70 mila ebrei rumeni. ma Londra mise il veto e Washington tentenn\u00f2. Intervista con Gerhart Riegner, &#8220;l\u2019uomo delle cifre&#8221;<\/em><\/p>\n<p style=\"text-align: center;\">di <strong>Andrea Tornielli<\/strong><\/p>\n<p><!--more--><\/p>\n<div style=\"text-align: justify;\">E\u2019 stato il primo, nel 1942, a divulgare notizie documentate sulla &#8220;soluzione finale&#8221;, la decisione di Hitler di sterminare tutti gli ebrei d\u2019Europa (stabilita dalla conferenza segreta di Wannsee, vicino Berlino, il 20 gennaio del \u201942). Per mesi non \u00e8 stato creduto e mentre centinaia di migliaia di persone venivano deportate e uccise nelle camere a gas, si \u00e8 dovuto scontrare con la burocrazia delle cancellerie di Stati Uniti e Gran Bretagna.<\/div>\n<p style=\"text-align: justify;\">Gerhart Riegner, 82 anni, fondatore e per trent\u2019anni segretario generale del Congresso mondiale ebraico, si era rifugiato in svizzera nel 1933. Durante gli anni della guerra, ha raccolto e smistato le notizie sulla situazione delle varie comunit\u00e0 ebraiche europee. E quando, agli inizi del 1943, ha informato gli alleati della possibilit\u00e0 di salvare dalla morte 70mila ebrei rumeni facendoli espatriare in Palestina, il veto inglese e le titubanze americane hanno impedito che il progetto si realizzasse.<\/p>\n<p style=\"text-align: justify;\">\u00abChurchill sapeva che i tedeschi stavano sterminando gli ebrei di molti Paesi europei\u00bb ha rivelato recentemente il <em>Sunday Times<\/em>, dopo aver scoperto negli archivi segreti di Londra nuovi documenti \u00abinsistette per oltre un anno con Washington affinch\u00e9 il piano di salvataggio venisse archiviato perch\u00e9 riteneva che questa gente non avrebbe comunque saputo dove andare\u00bb.<\/p>\n<p style=\"text-align: justify;\">Il premier britannico aveva infatti scritto all\u2019ambasciatore americano a Londra: \u00abSe veramente mettessimo in salvo un cos\u00ec grande numero di ebrei dai territori occupati dal nemico si creerebbe per noi un problema insormontabile\u00bb.Nel suo ufficio in rue Varemb\u00e9 a Ginevra, Riegner ha ripercorso per <em>30 Giorni<\/em> la storia di quei mesi terribili: le prime notizie sull\u2019olocausto, i piani di salvataggio, i tanti ostacoli che ha incontrato.<\/p>\n<p style=\"text-align: justify;\"><strong>Signor Riegner, qual era l\u2019attivit\u00e0 del suo ufficio a Ginevra durante la guerra?<\/strong><\/p>\n<p style=\"text-align: justify;\">GERHART RIEGNER: Facevamo dei rapporti informativi, da inviare soprattutto negli Usa, su quanto stava accadendo in Europa e cercavamo di mantenere i rapporti con le comunit\u00e0 ebraiche di tutti i Paesi . Ci servivamo di informatori che per svariati motivi godevano di una certa immunit\u00e0 e ci portavano notizie dalla Polonia, dalla Lorena, dalla Romania. Fu cos\u00ec che venimmo a conoscenza delle fatture che i nazisti presentavano alle comunit\u00e0 ebraiche perch\u00e9 pagassero i mezzi di trasporto con cui venivano deportati i prigionieri destinati ai campi di concentramento. nel 1945, a guerra finita, fui definito dagli inglesi &#8220;l\u2019uomo delle cifre&#8221;, dal momento che tutti i dati sullo sterminio degli ebrei che noi fornivamo sono stati confermati.<\/p>\n<p style=\"text-align: justify;\"><strong>Quando le giunsero le prime notizie sulla &#8220;soluzione finale&#8221; decretata da Hitler?<\/strong><\/p>\n<p style=\"text-align: justify;\">RIEGNER: Nell\u2019autunno del 1941 i rapporti che ricevevo erano sempre pi\u00f9 allarmanti. ero venuto a sapere che esistevano delle truppe specializzate per la deportazione e la fucilazione degli ebrei. Alcune testimonianze parlavano di esecuzioni di massa in varie citt\u00e0 europee, dell\u2019utilizzo di camere a gas e di strani esperimenti medici con iniezioni sugli ebrei, usati come cavie. Stentavo a crederci. Nel gennaio del \u201942 i nazisti avevano mobilitato i ministri e gli agenti del Reich per la &#8220;soluzione finale&#8221;: il mese dopo erano iniziate le deportazioni.<\/p>\n<p style=\"text-align: justify;\">La prima camera a gas era stata installata ad Auschwitz nel settembre dell\u2019anno precedente, mentre a Treblinka era entrata in funzione dalla met\u00e0 del 1942. Di tutto ci\u00f2 il mondo era all\u2019oscuro. In marzo contattai il nunzio apostolico a Berna, monsignor Filippo Bernardini: gli raccontai ci\u00f2 che sapevo e chiesi a lui che il Vaticano facesse qualcosa intervenendo presso i governi. Gli consegnai anche un memorandum dettagliato da inviare a Roma.<\/p>\n<p style=\"text-align: justify;\">Effettivamente un intervento della Santa Sede vi fu in Slovacchia, presso il governo fantoccio del sacerdote Jozef Tiso: dopo l\u2019iniziativa vaticana le deportazioni furono bloccate per otto mesi. poi ricominciarono. ma nel luglio del 1942 ricevetti delle informazioni da un industriale tedesco, di cui ho tenuto per quarant\u2019anni nascosto il nome: si chiamava Eduard Schulte. Era il manager di una delle pi\u00f9 grandi industrie minerarie della Germania e aveva accesso al quartier generale di Hitler.<\/p>\n<p style=\"text-align: justify;\">Fu lui che rivel\u00f2 a degli industriali ebrei svizzeri il piano dei nazisti, che prevedeva la deportazione di quasi quattro milioni di ebrei. Il metodo da adoperare per l\u2019eliminazione era stato oggetto di dibattito e Sculte ci parl\u00f2 per la prima volta dell\u2019acido prussico, che serviva a produrre il micidiale gas. Alcune settimane dopo, nell\u2019agosto del \u201942, l\u2019industriale venne una seconda volta in Svizzera per affari e ci aggiorn\u00f2: la &#8220;soluzione finale&#8221; era gi\u00e0 in fase di esecuzione. Ci vollero due giorni perch\u00e9 mi convincessi che quelle informazioni erano vere.<\/p>\n<p style=\"text-align: justify;\"><strong>Per quale motivo dette credito alle notizie di Schulte?<\/strong><\/p>\n<p style=\"text-align: justify;\">RIEGNER: In primo luogo perch\u00e9 Hitler, nei discorsi in occasione dell\u2019anniversario della sua presa di potere, aveva dichiarato ripetutamente che \u00abla guerra porter\u00e0 alla distruzione delle popolazioni ebraiche in Europa\u00bb. la seconda ragione furono le notizie faticosamente raccolte fino ad allora: decine di migliaia di ebrei erano stati arrestati nelle pi\u00f9 importanti citt\u00e0 del continente senza che si sapesse il perch\u00e9. Il 25 luglio erano anche incominciate le deportazioni dal ghetto di Varsavia.<\/p>\n<p style=\"text-align: justify;\">Infine decisi di tenere conto della mia esperienza di ebreo tedesco, che aveva conosciuto il nazismo fin dai primi anni e che era stato costretto a scappare dopo gli episodi dell\u2019aprile 1933, quando i nazisti avevano boicottato tutte le attivit\u00e0 e &#8220;sospeso&#8221; dal lavoro i professionisti di razza ebrea. Avevo anche raccolto informazioni su Schulte e tutti mi avevano confermato che le sue rivelazioni potevano essere attendibili.<\/p>\n<p style=\"text-align: justify;\"><strong>Che cosa decise di fare allora?<\/strong><\/p>\n<p style=\"text-align: justify;\">RIEGNER: pensai di avvisare il consolato americano e il consolato inglese di Ginevra, facendo arrivare per via diplomatica un messaggio al presidente del Congresso ebraico mondiale di New York, Stephen Wise.<\/p>\n<p style=\"text-align: justify;\"><strong>Perch\u00e9 non scrisse direttamente o non invi\u00f2 un telegramma negli Usa da Ginevra?<\/strong><\/p>\n<p style=\"text-align: justify;\">RIEGNER: La situazione stava peggiorando di giorno in giorno e i miei messaggi sarebbero stati sottoposti a censura: non era facile spedire liberamente oltreoceano un telegramma nel quale si sosteneva che quasi quattro milioni di ebrei stavano morendo per ordine di Hitler. passare attraverso i canali diplomatici alleati era l\u2019unica via praticabile. Fu cos\u00ec che l\u20198 agosto 1942 incontrai prima il viceconsole americano poi quello inglese a Ginevra. Riferii quanto sapevo e chiesi loro di verificare le informazioni attraverso i servizi segreti.<\/p>\n<p style=\"text-align: justify;\">Chiesi inoltre di poter inviare tramite loro un telegramma al presidente del Congresso ebraico mondiale e al deputato laburista inglese Sydney Silverman, capo della sezione britannica del Congresso ebraico. il messaggio era datato 10 agosto 1942: riferivo dell\u2019intenzione di Hitler e della possibilit\u00e0 che venisse utilizzato il gas per lo sterminio degli ebrei. Ma la divisione affari europei del Dipartimento di Stato americano decise di sopprimere il messaggio e di non riferire nulla a Wise perch\u00e9 le informazioni vennero giudicate &#8220;fantasiose&#8221;.<\/p>\n<p style=\"text-align: justify;\">La copia per gli inglesi giunse a Londra nelle mani di Silverman il quale chiese il permesso di avvisare telefonicamente Wise a New York. ma il permesso gli fu negato. Infine, con ben cinque settimane di ritardo, gli fu finalmente concesso di inviare negli usa il testo attraverso il Ministero della guerra. Anche i funzionari britannici, come quelli americani, non mi avevano creduto e iniziarono delle indagini sul mio conto. Quando finalmente Stephen Wise ebbe fra le mani il messaggio, si rivolse al sottosegretario di Stato americano Summer Welles, il quale per\u00f2 gli imped\u00ec di rendere pubblica l\u2019intenzione di Hitler di attuare l\u2019olocausto, chiedendogli tempo per verificare l\u2019informazione.<\/p>\n<p style=\"text-align: justify;\"><strong>Intanto le settimane passavano. Che cosa fece lei nel frattempo?<\/strong><\/p>\n<p style=\"text-align: justify;\">RIEGNER: Mi resi conto che nessuno mi credeva. E mi misi a raccogliere nuove informazioni che confermassero le rivelazioni dell\u2019industriale Schulte. Nell\u2019agosto del \u201942 venni in possesso di una lettera in cui si parlava della deportazione di 6mila ebrei al giorno e si faceva chiaramente capire che venivano portati a morire. poi un esule della Lettonia, Gabriel Zivian, mi raccont\u00f2 che aveva visto con i suoi occhi lo sterminio di 36mila ebrei di Riga, avvenuto in due notti.<\/p>\n<p style=\"text-align: justify;\">Una terza testimonianza mi fu fornita da un altro rifugiato che era stato deportato a Stalingrado insieme ad altre migliaia di ebrei utilizzati dai tedeschi per i lavori pesanti. era riuscito a scappare grazie al fatto di essere diventato l\u2019autista di un ufficiale tedesco che gli aveva detto chiaramente che tutti gli ebrei inabili al lavoro pesante venivano sterminati. Un\u2019ulteriore conferma la ebbi infine dal vicepresidente della Croce rossa internazionale, Carl Burckhardt: aveva avuto le stesse notizie da due alti ufficiali tedeschi, ma non ne aveva parlato a nessuno dei suoi colleghi, n\u00e9 lo fece in seguito!<\/p>\n<p style=\"text-align: justify;\">Finalmente le autorit\u00e0 di Washington mi convocarono all\u2019ambasciata statunitense di Berna, dove consegnai un articolato memorandum sulla situazione. Fu allora che anche il Dipartimento di Stato americano si convinse. Ma eravamo gi\u00e0 nel novembre del \u201942: centinaia di migliaia di ebrei erano nel frattempo passati per le camere a gas.<\/p>\n<p style=\"text-align: justify;\"><strong>Fu allora che scatt\u00f2 la solidariet\u00e0 degli alleati e vennero progettati i piani di salvataggio?<\/strong><\/p>\n<p style=\"text-align: justify;\">RIEGNER: No, al contrario. le difficolt\u00e0 erano appena incominciate. Il 18 dicembre del 1942 vi fu un comunicato congiunto delle nazioni alleate, nel quale, seppur con toni moderati, si denunciava la situazione degli ebrei. Adesso nessuno poteva dire di non sapere. I governi inglese e americano nell\u2019aprile del \u201943 tennero una conferenza segreta alle Bermuda per decidere che cosa fare per salvare gli ebrei. E in gran segreto si decise praticamente di non fare niente! fu per noi il momento pi\u00f9 amaro. Vi fu addirittura un ordine delle autorit\u00e0 americane &#8211; io ne venni a conoscenza solo molto tempo dopo &#8211; per impedire che io spedissi le mie informazioni attraverso i canali diplomatici e militari alleati. Mi dissero che da quel momento sarei stato costretto a pagare ben 700 franchi svizzeri di allora &#8211; una somma davvero considerevole &#8211; per spedire i miei documenti.<\/p>\n<p style=\"text-align: justify;\"><strong>Quando venne a conoscenza della possibilit\u00e0 di salvare i 70mila ebrei rumeni?<\/strong><\/p>\n<p style=\"text-align: justify;\">RIEGNER: Nei primi anni di guerra il regime del maresciallo Ion Antonescu aveva deportato in Transnistria 185mila ebrei. Dopo la deportazione, nei primi nove giorni ne furono uccisi 48mila. All\u2019inizio del \u201943 il ministro degli Esteri del governo Antonescu fece sapere che vi sarebbe stata la possibilit\u00e0 di far espatriare 70mila ebrei dalla Transnistira a Bucarest e quindi in Palestina o in qualsiasi altra localit\u00e0 scelta dagli alleati.<\/p>\n<p style=\"text-align: justify;\">Si sarebbe dovuta versare una certa somma al governo rumeno in un conto svizzero bloccato fino alla fine della guerra. nel marzo del \u201943 ricevetti informazioni precise in merito a questa possibilit\u00e0 di salvataggio e su un\u2019altra iniziativa simile per mettere in salvo bambini ebrei detenuti in Francia. Il mio telegramma giunse nelle mani di Stephen Wise, che lo inoltr\u00f2 alle autorit\u00e0 americane. Passavano i mesi e mi resi conto che niente si muoveva.<\/p>\n<p style=\"text-align: justify;\">Nel luglio del \u201943 Wise si rivolse al ministro del Tesoro statunitense Henry Morgenthau, che si dimostr\u00f2 sorpreso del fatto che il piano non fosse ancora stato attuato. \u00abLo abbiamo accettato e approvato\u00bb, disse. Morgenthau ordin\u00f2 a due suoi collaboratori un\u2019inchiesta: scoprirono che c\u2019era stato un sabotaggio dell\u2019iniziativa da parte del Dipartimento di Stato americano e scoprirono anche l\u2019ordine di impedire l\u2019invio dei miei rapporti.<\/p>\n<p style=\"text-align: justify;\">Le rivelazioni pubblicate oggi sul <em>Sunday Times<\/em> gettano una nuova luce su questi fatti e documentano che vi fu un vero e proprio veto all\u2019operazione da parte degli inglesi. Quando Morgenthau scopr\u00ec il sabotaggio, ne inform\u00f2 Roosevelt: nacque cos\u00ec nel gennaio del 1944 il War Refugee Board, l\u2019Ufficio per i rifugiati di guerra, e io ricevetti finalmente una licenza dal Ministero del tesoro degli Stati Uniti che mi dava l\u2019autorizzazione ad agire per favorire l\u2019espatrio degli ebrei dalla Romania e dalla Francia.<\/p>\n<p style=\"text-align: justify;\">Potevo anche disporre della cifra iniziale di 25mila dollari. le difficolt\u00e0 per\u00f2 non erano finite, dato che le autorit\u00e0 inglesi congelarono per settimane a Berna la somma e protestarono con il governo americano per avermi concesso la licenza. le prime notizie sulla possibilit\u00e0 di salvare i 70mila ebrei rumeni risalivano ad aprile; purtroppo a dicembre la maggior parte di loro erano morti e non era pi\u00f9 possibile fare niente.<\/p>\n<p style=\"text-align: justify;\"><strong>Per quali ragioni gli inglesi posero il veto per oltre un anno all\u2019operazione?<\/strong><\/p>\n<p style=\"text-align: justify;\">RIEGNER: I dettagli non li so. So solo che tutto venne bloccato. E credo che il Dipartimento di Stato americano abbia preferito non agire a causa dell\u2019influenza delle autorit\u00e0 inglesi, che non volevano l\u2019ingresso di altri ebrei in Palestina. A leggere oggi i documenti riservati del Foreign Office (Ministero degli Esteri, <em>ndr<\/em>) sembra che i veri nemici durante la guerra fossero gli ebrei, on i nazisti. La responsabilit\u00e0 degli alleati sulla vicenda dei campi di sterminio \u00e8 stata grande. Sono convinto che centinaia di migliaia di persone potevano essere salvate. le racconto un ultimo esempio, molto indicativo.<\/p>\n<p style=\"text-align: justify;\">Avevo chiesto pi\u00f9 volte ai governi alleati di bombardare la linea ferroviaria su cui transitavano i rifornimenti di gas destinati ad Auschwitz. Mi hanno risposto che era troppo pericoloso. Mi hanno mentito. Solo dopo la guerra sono venuto a sapere che non solo nel 1944 le forze alleate avevano gi\u00e0 il completo controllo aereo nell\u2019intera regione, ma anche che, proprio nello stesso periodo in cui io feci la richiesta, i bombardieri avevano distrutto alcune industrie che sorgevano a soli cinque chilometri da Auschwitz. perch\u00e9, anche questa volta, non fu fatto nulla?<\/p>\n<p style=\"text-align: center;\">* \u00a0* \u00a0*<\/p>\n<p style=\"text-align: center;\"><strong>Winston non era antisemita<\/strong><\/p>\n<p style=\"text-align: justify;\">Denis Mac Smith \u00e8 lo storico inglese pi\u00f9 conosciuto nel nostro Paese grazie ai suoi fondamentali studi sul Risorgimento italiano. <em>30 Giorni<\/em> gli ha chiesto un parere sulle recenti rivelazioni del <em>Sunday Times<\/em> in merito al ruolo avuto da Winston Churchill nel veto britannico opposto al piano di salvataggio di 70mila ebrei rumeni. \u00abE\u2019 molto difficile rispondere senza conoscere le vere cause che spinsero Churchill a prendere quella decisione\u00bb spiega Mack Smith.<\/p>\n<p style=\"text-align: justify;\">\u00abForse in quel momento c\u2019erano tanti altri cittadini e soldati da salvare, c\u2019erano tante altre decisioni politico-militari importanti da prendere. Nella sua decisione possono essere intervenute delle considerazioni in ordine alla difficolt\u00e0 della missione, ai costi necessari, alla necessit\u00e0 di impiegare navi e truppe in altre zone calde in cui si combatteva il secondo conflitto mondiale. Tutti noi possiamo commettere degli errori: un uomo che ricopre un simile incarico di responsabilit\u00e0 pu\u00f2 sbagliare in modo colposo ma anche per mancanza di informazioni adeguate.\u00a0Non dimentichiamoci che all\u2019epoca forse non erano ben chiare le proporzioni dell\u2019olocausto. Winston Churchill non era un uomo crudele, non era un antisemita. Certo, \u00e8 lamentabile che non abbia fatto ci\u00f2 che poteva per salvare quegli ebrei, ma non bisogna individuare in lui un capro espiatorio. Anche gli alleati, come tutti, hanno avuto una parte di responsabilit\u00e0 in ci\u00f2 che \u00e8 accaduto agli ebrei. ma mi guarderei bene dal formulare giudizi affrettati su chicchessia\u00bb<\/p>\n<p style=\"text-align: justify;\">_____________________________<\/p>\n<p style=\"text-align: justify;\"><strong style=\"font-size: 12px;\">Sulla II Guerra Mondiale:<\/strong><\/p>\n<p style=\"text-align: justify;\"><a href=\"https:\/\/www.rassegnastampa-totustuus.it\/cattolica\/?p=1746\" target=\"_blank\">L\u2019anno in cui il mondo fin\u00ec. Diario del \u201939<\/a> di <strong>Franco Bandini<\/strong><\/p>\n<div>\n<div align=\"justify\"><em>Nel 1939 truppe del F\u00fcrer invadevano la Polonia. Da quel giorno la guerra sar\u00e0 l\u2019unica realt\u00e0 di milioni uomini. Ma come e dove viene preparato il pi\u00f9 grande conflitto mai accaduto? La storia controcorrente del fatale 1939.<\/em><\/div>\n<div align=\"justify\"><\/div>\n<div align=\"justify\"><a href=\"https:\/\/www.rassegnastampa-totustuus.it\/cattolica\/?p=1714\">1943 L\u2019estate delle tre tavolette<\/a> di <strong>Franco Bandini<\/strong><\/div>\n<div align=\"justify\">\n<div align=\"justify\"><em>Il primo capitolo dell&#8217;ultimo libro, postumo, dello storico Franco Bandini dedicato al 1943,in cui si indaga su molti &#8220;misteri&#8221; del secondo conflitto mondiale<\/em><\/div>\n<\/div>\n<\/div>\n","protected":false},"excerpt":{"rendered":"<p>Articolo pubblicato su 30 Giorni del 6 giugno 1994 Nel 1942 gi\u00e0 informava gli alleati sui campi di sterminio nazisti. nel \u201943 invi\u00f2 un piano per salvare 70 mila ebrei rumeni. ma Londra mise il veto e Washington tentenn\u00f2. Intervista con Gerhart Riegner, &#8220;l\u2019uomo delle cifre&#8221; di Andrea Tornielli<\/p><p><a class=\"more-link btn\" href=\"https:\/\/www.rassegnastampa-totustuus.it\/cattolica\/lo-scomodo-olocausto\/\">Continua a leggere<\/a><\/p>\n","protected":false},"author":6,"featured_media":27479,"comment_status":"closed","ping_status":"open","sticky":false,"template":"","format":"standard","meta":{"footnotes":""},"categories":[90,94,24],"tags":[887,886],"class_list":["post-1166","post","type-post","status-publish","format-standard","has-post-thumbnail","hentry","category-ii-guerra-mondiale","category-nazionalsocialismo","category-storia","tag-crimini-alleati","tag-olocausto","item-wrap"],"yoast_head":"<!-- This site is optimized with the Yoast SEO plugin v27.5 - https:\/\/yoast.com\/product\/yoast-seo-wordpress\/ -->\n<title>Lo scomodo Olocausto - Rassegna Stampa Cattolica<\/title>\n<meta name=\"description\" content=\"Rassegna Stampa Cattolica - Per una cultura che nasce dalla Rivelazione cristiana in conformit\u00e0 alla tradizione e al Magistero della Chiesa in opposizione ad ogni relativismo e totalitarismo\" \/>\n<meta name=\"robots\" content=\"index, follow, max-snippet:-1, max-image-preview:large, max-video-preview:-1\" \/>\n<link rel=\"canonical\" href=\"https:\/\/www.rassegnastampa-totustuus.it\/cattolica\/lo-scomodo-olocausto\/\" \/>\n<meta property=\"og:locale\" content=\"it_IT\" \/>\n<meta property=\"og:type\" content=\"article\" \/>\n<meta property=\"og:title\" content=\"Lo scomodo Olocausto - Rassegna Stampa Cattolica\" \/>\n<meta property=\"og:description\" content=\"Rassegna Stampa Cattolica - Per una cultura che nasce dalla Rivelazione cristiana in conformit\u00e0 alla tradizione e al Magistero della Chiesa in opposizione ad ogni relativismo e totalitarismo\" \/>\n<meta property=\"og:url\" content=\"https:\/\/www.rassegnastampa-totustuus.it\/cattolica\/lo-scomodo-olocausto\/\" \/>\n<meta property=\"og:site_name\" content=\"Rassegna Stampa Cattolica\" \/>\n<meta property=\"article:publisher\" content=\"https:\/\/www.facebook.com\/rassegnastampacattolica\" \/>\n<meta property=\"article:published_time\" content=\"2005-08-06T22:00:00+00:00\" \/>\n<meta property=\"article:modified_time\" content=\"2015-11-11T15:49:10+00:00\" \/>\n<meta property=\"og:image\" content=\"https:\/\/www.rassegnastampa-totustuus.it\/cattolica\/wp-content\/uploads\/2005\/08\/Auschwitz.jpg\" \/>\n\t<meta property=\"og:image:width\" content=\"271\" \/>\n\t<meta property=\"og:image:height\" content=\"186\" \/>\n\t<meta property=\"og:image:type\" content=\"image\/jpeg\" \/>\n<meta name=\"author\" content=\"Redazione\" \/>\n<meta name=\"twitter:card\" content=\"summary_large_image\" \/>\n<meta name=\"twitter:creator\" content=\"@rassegnastampa9\" \/>\n<meta name=\"twitter:site\" content=\"@rassegnastampa9\" \/>\n<meta name=\"twitter:label1\" content=\"Scritto da\" \/>\n\t<meta name=\"twitter:data1\" content=\"Redazione\" \/>\n\t<meta name=\"twitter:label2\" content=\"Tempo di lettura stimato\" \/>\n\t<meta name=\"twitter:data2\" content=\"13 minuti\" \/>\n<script type=\"application\/ld+json\" class=\"yoast-schema-graph\">{\"@context\":\"https:\\\/\\\/schema.org\",\"@graph\":[{\"@type\":\"Article\",\"@id\":\"https:\\\/\\\/www.rassegnastampa-totustuus.it\\\/cattolica\\\/lo-scomodo-olocausto\\\/#article\",\"isPartOf\":{\"@id\":\"https:\\\/\\\/www.rassegnastampa-totustuus.it\\\/cattolica\\\/lo-scomodo-olocausto\\\/\"},\"author\":{\"name\":\"Redazione\",\"@id\":\"https:\\\/\\\/www.rassegnastampa-totustuus.it\\\/cattolica\\\/#\\\/schema\\\/person\\\/08f319d2bd1a0904ad9e2bfb7b15e5c3\"},\"headline\":\"Lo scomodo Olocausto\",\"datePublished\":\"2005-08-06T22:00:00+00:00\",\"dateModified\":\"2015-11-11T15:49:10+00:00\",\"mainEntityOfPage\":{\"@id\":\"https:\\\/\\\/www.rassegnastampa-totustuus.it\\\/cattolica\\\/lo-scomodo-olocausto\\\/\"},\"wordCount\":2542,\"publisher\":{\"@id\":\"https:\\\/\\\/www.rassegnastampa-totustuus.it\\\/cattolica\\\/#organization\"},\"image\":{\"@id\":\"https:\\\/\\\/www.rassegnastampa-totustuus.it\\\/cattolica\\\/lo-scomodo-olocausto\\\/#primaryimage\"},\"thumbnailUrl\":\"https:\\\/\\\/www.rassegnastampa-totustuus.it\\\/cattolica\\\/wp-content\\\/uploads\\\/2005\\\/08\\\/Auschwitz.jpg\",\"keywords\":[\"crimini alleati\",\"olocausto\"],\"articleSection\":[\"II Guerra Mondiale\",\"Nazionalsocialismo\",\"Storia\"],\"inLanguage\":\"it-IT\"},{\"@type\":\"WebPage\",\"@id\":\"https:\\\/\\\/www.rassegnastampa-totustuus.it\\\/cattolica\\\/lo-scomodo-olocausto\\\/\",\"url\":\"https:\\\/\\\/www.rassegnastampa-totustuus.it\\\/cattolica\\\/lo-scomodo-olocausto\\\/\",\"name\":\"Lo scomodo Olocausto - Rassegna Stampa Cattolica\",\"isPartOf\":{\"@id\":\"https:\\\/\\\/www.rassegnastampa-totustuus.it\\\/cattolica\\\/#website\"},\"primaryImageOfPage\":{\"@id\":\"https:\\\/\\\/www.rassegnastampa-totustuus.it\\\/cattolica\\\/lo-scomodo-olocausto\\\/#primaryimage\"},\"image\":{\"@id\":\"https:\\\/\\\/www.rassegnastampa-totustuus.it\\\/cattolica\\\/lo-scomodo-olocausto\\\/#primaryimage\"},\"thumbnailUrl\":\"https:\\\/\\\/www.rassegnastampa-totustuus.it\\\/cattolica\\\/wp-content\\\/uploads\\\/2005\\\/08\\\/Auschwitz.jpg\",\"datePublished\":\"2005-08-06T22:00:00+00:00\",\"dateModified\":\"2015-11-11T15:49:10+00:00\",\"description\":\"Rassegna Stampa Cattolica - Per una cultura che nasce dalla Rivelazione cristiana in conformit\u00e0 alla tradizione e al Magistero della Chiesa in opposizione ad ogni relativismo e totalitarismo\",\"breadcrumb\":{\"@id\":\"https:\\\/\\\/www.rassegnastampa-totustuus.it\\\/cattolica\\\/lo-scomodo-olocausto\\\/#breadcrumb\"},\"inLanguage\":\"it-IT\",\"potentialAction\":[{\"@type\":\"ReadAction\",\"target\":[\"https:\\\/\\\/www.rassegnastampa-totustuus.it\\\/cattolica\\\/lo-scomodo-olocausto\\\/\"]}]},{\"@type\":\"ImageObject\",\"inLanguage\":\"it-IT\",\"@id\":\"https:\\\/\\\/www.rassegnastampa-totustuus.it\\\/cattolica\\\/lo-scomodo-olocausto\\\/#primaryimage\",\"url\":\"https:\\\/\\\/www.rassegnastampa-totustuus.it\\\/cattolica\\\/wp-content\\\/uploads\\\/2005\\\/08\\\/Auschwitz.jpg\",\"contentUrl\":\"https:\\\/\\\/www.rassegnastampa-totustuus.it\\\/cattolica\\\/wp-content\\\/uploads\\\/2005\\\/08\\\/Auschwitz.jpg\",\"width\":271,\"height\":186},{\"@type\":\"BreadcrumbList\",\"@id\":\"https:\\\/\\\/www.rassegnastampa-totustuus.it\\\/cattolica\\\/lo-scomodo-olocausto\\\/#breadcrumb\",\"itemListElement\":[{\"@type\":\"ListItem\",\"position\":1,\"name\":\"Home\",\"item\":\"https:\\\/\\\/www.rassegnastampa-totustuus.it\\\/cattolica\\\/\"},{\"@type\":\"ListItem\",\"position\":2,\"name\":\"Lo scomodo Olocausto\"}]},{\"@type\":\"WebSite\",\"@id\":\"https:\\\/\\\/www.rassegnastampa-totustuus.it\\\/cattolica\\\/#website\",\"url\":\"https:\\\/\\\/www.rassegnastampa-totustuus.it\\\/cattolica\\\/\",\"name\":\"Rassegna Stampa Cattolica\",\"description\":\"Per una cultura che nasce dalla Rivelazione cristiana in conformit\u00e0 alla tradizione e al Magistero della Chiesa in opposizione ad ogni relativismo e totalitarismo\",\"publisher\":{\"@id\":\"https:\\\/\\\/www.rassegnastampa-totustuus.it\\\/cattolica\\\/#organization\"},\"alternateName\":\"Rass. Cattolica\",\"potentialAction\":[{\"@type\":\"SearchAction\",\"target\":{\"@type\":\"EntryPoint\",\"urlTemplate\":\"https:\\\/\\\/www.rassegnastampa-totustuus.it\\\/cattolica\\\/?s={search_term_string}\"},\"query-input\":{\"@type\":\"PropertyValueSpecification\",\"valueRequired\":true,\"valueName\":\"search_term_string\"}}],\"inLanguage\":\"it-IT\"},{\"@type\":\"Organization\",\"@id\":\"https:\\\/\\\/www.rassegnastampa-totustuus.it\\\/cattolica\\\/#organization\",\"name\":\"Rassegna Stampa Cattolica\",\"url\":\"https:\\\/\\\/www.rassegnastampa-totustuus.it\\\/cattolica\\\/\",\"logo\":{\"@type\":\"ImageObject\",\"inLanguage\":\"it-IT\",\"@id\":\"https:\\\/\\\/www.rassegnastampa-totustuus.it\\\/cattolica\\\/#\\\/schema\\\/logo\\\/image\\\/\",\"url\":\"https:\\\/\\\/www.rassegnastampa-totustuus.it\\\/cattolica\\\/wp-content\\\/uploads\\\/2014\\\/04\\\/logo-rassegna1.gif\",\"contentUrl\":\"https:\\\/\\\/www.rassegnastampa-totustuus.it\\\/cattolica\\\/wp-content\\\/uploads\\\/2014\\\/04\\\/logo-rassegna1.gif\",\"width\":600,\"height\":163,\"caption\":\"Rassegna Stampa Cattolica\"},\"image\":{\"@id\":\"https:\\\/\\\/www.rassegnastampa-totustuus.it\\\/cattolica\\\/#\\\/schema\\\/logo\\\/image\\\/\"},\"sameAs\":[\"https:\\\/\\\/www.facebook.com\\\/rassegnastampacattolica\",\"https:\\\/\\\/x.com\\\/rassegnastampa9\"]},{\"@type\":\"Person\",\"@id\":\"https:\\\/\\\/www.rassegnastampa-totustuus.it\\\/cattolica\\\/#\\\/schema\\\/person\\\/08f319d2bd1a0904ad9e2bfb7b15e5c3\",\"name\":\"Redazione\",\"image\":{\"@type\":\"ImageObject\",\"inLanguage\":\"it-IT\",\"@id\":\"https:\\\/\\\/secure.gravatar.com\\\/avatar\\\/2fcdf27c78ea025fbdb44e914cc63c72249ffec9dc8aafd5c82b26240ef3f346?s=96&d=mm&r=g\",\"url\":\"https:\\\/\\\/secure.gravatar.com\\\/avatar\\\/2fcdf27c78ea025fbdb44e914cc63c72249ffec9dc8aafd5c82b26240ef3f346?s=96&d=mm&r=g\",\"contentUrl\":\"https:\\\/\\\/secure.gravatar.com\\\/avatar\\\/2fcdf27c78ea025fbdb44e914cc63c72249ffec9dc8aafd5c82b26240ef3f346?s=96&d=mm&r=g\",\"caption\":\"Redazione\"},\"url\":\"https:\\\/\\\/www.rassegnastampa-totustuus.it\\\/cattolica\\\/author\\\/pietroelle\\\/\"}]}<\/script>\n<!-- \/ Yoast SEO plugin. -->","yoast_head_json":{"title":"Lo scomodo Olocausto - Rassegna Stampa Cattolica","description":"Rassegna Stampa Cattolica - Per una cultura che nasce dalla Rivelazione cristiana in conformit\u00e0 alla tradizione e al Magistero della Chiesa in opposizione ad ogni relativismo e totalitarismo","robots":{"index":"index","follow":"follow","max-snippet":"max-snippet:-1","max-image-preview":"max-image-preview:large","max-video-preview":"max-video-preview:-1"},"canonical":"https:\/\/www.rassegnastampa-totustuus.it\/cattolica\/lo-scomodo-olocausto\/","og_locale":"it_IT","og_type":"article","og_title":"Lo scomodo Olocausto - Rassegna Stampa Cattolica","og_description":"Rassegna Stampa Cattolica - Per una cultura che nasce dalla Rivelazione cristiana in conformit\u00e0 alla tradizione e al Magistero della Chiesa in opposizione ad ogni relativismo e totalitarismo","og_url":"https:\/\/www.rassegnastampa-totustuus.it\/cattolica\/lo-scomodo-olocausto\/","og_site_name":"Rassegna Stampa Cattolica","article_publisher":"https:\/\/www.facebook.com\/rassegnastampacattolica","article_published_time":"2005-08-06T22:00:00+00:00","article_modified_time":"2015-11-11T15:49:10+00:00","og_image":[{"width":271,"height":186,"url":"https:\/\/www.rassegnastampa-totustuus.it\/cattolica\/wp-content\/uploads\/2005\/08\/Auschwitz.jpg","type":"image\/jpeg"}],"author":"Redazione","twitter_card":"summary_large_image","twitter_creator":"@rassegnastampa9","twitter_site":"@rassegnastampa9","twitter_misc":{"Scritto da":"Redazione","Tempo di lettura stimato":"13 minuti"},"schema":{"@context":"https:\/\/schema.org","@graph":[{"@type":"Article","@id":"https:\/\/www.rassegnastampa-totustuus.it\/cattolica\/lo-scomodo-olocausto\/#article","isPartOf":{"@id":"https:\/\/www.rassegnastampa-totustuus.it\/cattolica\/lo-scomodo-olocausto\/"},"author":{"name":"Redazione","@id":"https:\/\/www.rassegnastampa-totustuus.it\/cattolica\/#\/schema\/person\/08f319d2bd1a0904ad9e2bfb7b15e5c3"},"headline":"Lo scomodo Olocausto","datePublished":"2005-08-06T22:00:00+00:00","dateModified":"2015-11-11T15:49:10+00:00","mainEntityOfPage":{"@id":"https:\/\/www.rassegnastampa-totustuus.it\/cattolica\/lo-scomodo-olocausto\/"},"wordCount":2542,"publisher":{"@id":"https:\/\/www.rassegnastampa-totustuus.it\/cattolica\/#organization"},"image":{"@id":"https:\/\/www.rassegnastampa-totustuus.it\/cattolica\/lo-scomodo-olocausto\/#primaryimage"},"thumbnailUrl":"https:\/\/www.rassegnastampa-totustuus.it\/cattolica\/wp-content\/uploads\/2005\/08\/Auschwitz.jpg","keywords":["crimini alleati","olocausto"],"articleSection":["II Guerra Mondiale","Nazionalsocialismo","Storia"],"inLanguage":"it-IT"},{"@type":"WebPage","@id":"https:\/\/www.rassegnastampa-totustuus.it\/cattolica\/lo-scomodo-olocausto\/","url":"https:\/\/www.rassegnastampa-totustuus.it\/cattolica\/lo-scomodo-olocausto\/","name":"Lo scomodo Olocausto - Rassegna Stampa Cattolica","isPartOf":{"@id":"https:\/\/www.rassegnastampa-totustuus.it\/cattolica\/#website"},"primaryImageOfPage":{"@id":"https:\/\/www.rassegnastampa-totustuus.it\/cattolica\/lo-scomodo-olocausto\/#primaryimage"},"image":{"@id":"https:\/\/www.rassegnastampa-totustuus.it\/cattolica\/lo-scomodo-olocausto\/#primaryimage"},"thumbnailUrl":"https:\/\/www.rassegnastampa-totustuus.it\/cattolica\/wp-content\/uploads\/2005\/08\/Auschwitz.jpg","datePublished":"2005-08-06T22:00:00+00:00","dateModified":"2015-11-11T15:49:10+00:00","description":"Rassegna Stampa Cattolica - Per una cultura che nasce dalla Rivelazione cristiana in conformit\u00e0 alla tradizione e al Magistero della Chiesa in opposizione ad ogni relativismo e totalitarismo","breadcrumb":{"@id":"https:\/\/www.rassegnastampa-totustuus.it\/cattolica\/lo-scomodo-olocausto\/#breadcrumb"},"inLanguage":"it-IT","potentialAction":[{"@type":"ReadAction","target":["https:\/\/www.rassegnastampa-totustuus.it\/cattolica\/lo-scomodo-olocausto\/"]}]},{"@type":"ImageObject","inLanguage":"it-IT","@id":"https:\/\/www.rassegnastampa-totustuus.it\/cattolica\/lo-scomodo-olocausto\/#primaryimage","url":"https:\/\/www.rassegnastampa-totustuus.it\/cattolica\/wp-content\/uploads\/2005\/08\/Auschwitz.jpg","contentUrl":"https:\/\/www.rassegnastampa-totustuus.it\/cattolica\/wp-content\/uploads\/2005\/08\/Auschwitz.jpg","width":271,"height":186},{"@type":"BreadcrumbList","@id":"https:\/\/www.rassegnastampa-totustuus.it\/cattolica\/lo-scomodo-olocausto\/#breadcrumb","itemListElement":[{"@type":"ListItem","position":1,"name":"Home","item":"https:\/\/www.rassegnastampa-totustuus.it\/cattolica\/"},{"@type":"ListItem","position":2,"name":"Lo scomodo Olocausto"}]},{"@type":"WebSite","@id":"https:\/\/www.rassegnastampa-totustuus.it\/cattolica\/#website","url":"https:\/\/www.rassegnastampa-totustuus.it\/cattolica\/","name":"Rassegna Stampa Cattolica","description":"Per una cultura che nasce dalla Rivelazione cristiana in conformit\u00e0 alla tradizione e al Magistero della Chiesa in opposizione ad ogni relativismo e totalitarismo","publisher":{"@id":"https:\/\/www.rassegnastampa-totustuus.it\/cattolica\/#organization"},"alternateName":"Rass. Cattolica","potentialAction":[{"@type":"SearchAction","target":{"@type":"EntryPoint","urlTemplate":"https:\/\/www.rassegnastampa-totustuus.it\/cattolica\/?s={search_term_string}"},"query-input":{"@type":"PropertyValueSpecification","valueRequired":true,"valueName":"search_term_string"}}],"inLanguage":"it-IT"},{"@type":"Organization","@id":"https:\/\/www.rassegnastampa-totustuus.it\/cattolica\/#organization","name":"Rassegna Stampa Cattolica","url":"https:\/\/www.rassegnastampa-totustuus.it\/cattolica\/","logo":{"@type":"ImageObject","inLanguage":"it-IT","@id":"https:\/\/www.rassegnastampa-totustuus.it\/cattolica\/#\/schema\/logo\/image\/","url":"https:\/\/www.rassegnastampa-totustuus.it\/cattolica\/wp-content\/uploads\/2014\/04\/logo-rassegna1.gif","contentUrl":"https:\/\/www.rassegnastampa-totustuus.it\/cattolica\/wp-content\/uploads\/2014\/04\/logo-rassegna1.gif","width":600,"height":163,"caption":"Rassegna Stampa Cattolica"},"image":{"@id":"https:\/\/www.rassegnastampa-totustuus.it\/cattolica\/#\/schema\/logo\/image\/"},"sameAs":["https:\/\/www.facebook.com\/rassegnastampacattolica","https:\/\/x.com\/rassegnastampa9"]},{"@type":"Person","@id":"https:\/\/www.rassegnastampa-totustuus.it\/cattolica\/#\/schema\/person\/08f319d2bd1a0904ad9e2bfb7b15e5c3","name":"Redazione","image":{"@type":"ImageObject","inLanguage":"it-IT","@id":"https:\/\/secure.gravatar.com\/avatar\/2fcdf27c78ea025fbdb44e914cc63c72249ffec9dc8aafd5c82b26240ef3f346?s=96&d=mm&r=g","url":"https:\/\/secure.gravatar.com\/avatar\/2fcdf27c78ea025fbdb44e914cc63c72249ffec9dc8aafd5c82b26240ef3f346?s=96&d=mm&r=g","contentUrl":"https:\/\/secure.gravatar.com\/avatar\/2fcdf27c78ea025fbdb44e914cc63c72249ffec9dc8aafd5c82b26240ef3f346?s=96&d=mm&r=g","caption":"Redazione"},"url":"https:\/\/www.rassegnastampa-totustuus.it\/cattolica\/author\/pietroelle\/"}]}},"_links":{"self":[{"href":"https:\/\/www.rassegnastampa-totustuus.it\/cattolica\/wp-json\/wp\/v2\/posts\/1166","targetHints":{"allow":["GET"]}}],"collection":[{"href":"https:\/\/www.rassegnastampa-totustuus.it\/cattolica\/wp-json\/wp\/v2\/posts"}],"about":[{"href":"https:\/\/www.rassegnastampa-totustuus.it\/cattolica\/wp-json\/wp\/v2\/types\/post"}],"author":[{"embeddable":true,"href":"https:\/\/www.rassegnastampa-totustuus.it\/cattolica\/wp-json\/wp\/v2\/users\/6"}],"replies":[{"embeddable":true,"href":"https:\/\/www.rassegnastampa-totustuus.it\/cattolica\/wp-json\/wp\/v2\/comments?post=1166"}],"version-history":[{"count":5,"href":"https:\/\/www.rassegnastampa-totustuus.it\/cattolica\/wp-json\/wp\/v2\/posts\/1166\/revisions"}],"predecessor-version":[{"id":27481,"href":"https:\/\/www.rassegnastampa-totustuus.it\/cattolica\/wp-json\/wp\/v2\/posts\/1166\/revisions\/27481"}],"wp:featuredmedia":[{"embeddable":true,"href":"https:\/\/www.rassegnastampa-totustuus.it\/cattolica\/wp-json\/wp\/v2\/media\/27479"}],"wp:attachment":[{"href":"https:\/\/www.rassegnastampa-totustuus.it\/cattolica\/wp-json\/wp\/v2\/media?parent=1166"}],"wp:term":[{"taxonomy":"category","embeddable":true,"href":"https:\/\/www.rassegnastampa-totustuus.it\/cattolica\/wp-json\/wp\/v2\/categories?post=1166"},{"taxonomy":"post_tag","embeddable":true,"href":"https:\/\/www.rassegnastampa-totustuus.it\/cattolica\/wp-json\/wp\/v2\/tags?post=1166"}],"curies":[{"name":"wp","href":"https:\/\/api.w.org\/{rel}","templated":true}]}}