{"id":1155,"date":"2005-08-03T15:59:13","date_gmt":"2005-08-03T13:59:13","guid":{"rendered":""},"modified":"2015-11-19T16:47:54","modified_gmt":"2015-11-19T15:47:54","slug":"allombra-della-croce-uncinata","status":"publish","type":"post","link":"https:\/\/www.rassegnastampa-totustuus.it\/cattolica\/allombra-della-croce-uncinata\/","title":{"rendered":"All&#8217;ombra della croce uncinata"},"content":{"rendered":"<div style=\"text-align: center;\"><a href=\"https:\/\/www.rassegnastampa-totustuus.it\/cattolica\/wp-content\/uploads\/2005\/08\/nazismo-comunismo.jpg\"><img loading=\"lazy\" decoding=\"async\" class=\"alignright wp-image-27937\" src=\"https:\/\/www.rassegnastampa-totustuus.it\/cattolica\/wp-content\/uploads\/2005\/08\/nazismo-comunismo.jpg\" alt=\"nazismo-comunismo\" width=\"250\" height=\"156\" \/><\/a>tratto da <strong>Tempi,<\/strong> anno VIII,<\/div>\n<div style=\"text-align: center;\">14\u00a0marzo\u00a02002, n. 11.<\/div>\n<p style=\"text-align: justify;\"><em>Hitler e Stalin erano amici per la pelle. Degli altri. Costa-Gravas se lo scorda e firma l&#8217;ennesima bugia su Pio XII. Il vero manifesto Toscani, 1a puntata.<\/em><\/p>\n<p style=\"text-align: center;\">di <strong>Marco Respinti<\/strong><\/p>\n<p><!--more--><\/p>\n<div style=\"text-align: justify;\">Per ribadire le dimostratamente false accuse di complicit\u00e0 nella Sho\u00e0 rivolte a Papa Pio XII, la locandina ufficiale dell&#8217;imminente film <em>Amen<\/em> di Constantin Costa-Gravas sfoggia nientepopodimeno che una croce cristiana disinvoltamente mutantesi in svastica. E mentre la Chiesa cattolica si \u00e8 affrettata a telefonare ai propri legali, il ministro della Cultura e della Comunicazione francese ha subito dato il placet: ironia della sorte, la &#8220;ministra&#8221; \u00e8 Christine Tasca.<\/div>\n<p style=\"text-align: justify;\">Ovvero la figlia di Angelo Tasca (1892-1960) che, gi\u00e0 membro del Partito Comunista Italiano da cui fu espulso nel 1929 per forti contrasti con Antonio Gramsci, fece carriera in Francia diventando ministro dell&#8217;Informazione del regime di Vichy e teorico della social-fascistica politica della &#8220;terza via&#8221; (il suo cavallo di battaglia fu la raccolta di conferenze dell&#8217;aprile del 1943 <em>Le role de l&#8217;\u00e9tat<\/em>, ancora inedita ma data per presente presso gli archivi della Fondazione Giangiacomo Feltrinelli di Milano).<\/p>\n<p style=\"text-align: justify;\">A parte il fatto che per <em>Amen<\/em> si potrebbe invocare la Legge Mancino contro l&#8217;incitamento all&#8217;odio razziale, etnico e religioso, pochissimi ricordano una ricorrente espressione del poeta e scrittore francese Robert Brasillach, fucilato nel 1945 come &#8220;collaborazionista&#8221; del Reich: \u00abIl fascismo immenso e rosso\u00bb. Quella che per Tasca e Brasillach era una visione e un augurio, per il nazionalsocialismo tedesco e per il socialcomunismo sovietico \u00e8 stata una storia di alleanze e di connivenze assassine.<\/p>\n<p style=\"text-align: justify;\">In <em>Nazionalsocialismo e bolscevismo<\/em>. La guerra civile europea 1917-1945 Ernst Nolte sottolinea cos\u00ec quella notte fra 23 e 24 agosto 1939 in cui i ministri degli Esteri dei due grandi totalitarismi del Novecento siglarono il famoso trattato di non aggressione che appunto da loro prende nome: \u00abMolotov lev\u00f2 il suo bicchiere alla salute di Stalin, rilevando che era stato Stalin a preparare la svolta dei rapporti politici col suo discorso del 10 marzo, e Stalin stesso propose &#8220;spontaneamente&#8221; (secondo il testo del protocollo tedesco) di bere alla salute di Adolf Hitler con le parole: &#8220;Io so quanto il popolo tedesco ami il suo F\u00fchrer; perci\u00f2 vorrei bere alla sua salute&#8221;\u00bb. Certo, ricorda Nolte, \u00abquesto patto mise a dura prova [&#8230;] la lealt\u00e0 fino ad allora cos\u00ec salda di molti comunisti dell&#8217;Occidente\u00bb, cos\u00ec come \u00abalcuni nazionalsocialisti convinti e di antica fede furono gravemente sconcertati dal patto\u00bb, ma altrettanto certamente \u00abHitler [&#8230;] aveva perduto definitivamente la propria credibilit\u00e0 come alfiere della causa anticomunista\u00bb.<\/p>\n<p style=\"text-align: justify;\">Hitler e Stalin si sono &#8220;allegramente&#8221; copiati nel fare dell&#8217;eccidio di massa un &#8220;normale&#8221; strumento di attivit\u00e0 politica, solo che poi l&#8217;Urss, vincendo la guerra dalla parte giusta, \u00e8 riuscita a &#8220;redimersi&#8221;. Se si dovesse isolare un solo contributo storiografico di Nolte, esso sarebbe quell&#8217;instancabile e caratteristico richiamo a scrivere e a dire sempre &#8220;nazionalsocialismo&#8221; e mai meramente &#8220;nazismo&#8221;.<\/p>\n<p style=\"text-align: justify;\">Il regime hitleriano fu infatti la nazionalizzazione del bolscevismo internazionalista predicato e praticato in Urss da Stalin. Un litigio in casa, insomma: un alterco fra interpretazioni diverse della medesima ideologia dello Stato-tutto, costato la vita a milioni di persone. A Roma, intanto, Pio XII cercava di limitare i danni nel migliore dei modi possibile, e con grande successo. Forse, lasciando stare il patibolo di Cristo, un buon cineasta potrebbe una volta tanto cimentarsi con una pellicola sublime: quella della sublimazione della falce e del martello in svastica, e viceversa. Sarebbe pi\u00f9 interessante, ma soprattutto pi\u00f9 serio.<\/p>\n<p style=\"text-align: center;\">___________________________<\/p>\n<p style=\"text-align: center;\">tratto da <strong>Tempi<\/strong>, anno VIII, 23\u00a0marzo\u00a02002, n. 12.<\/p>\n<p style=\"text-align: center;\"><strong>Hitler come Stalin<\/strong><\/p>\n<p style=\"text-align: center;\"><em>2a puntata<\/em><\/p>\n<p style=\"text-align: justify;\"><em>Divisasi l&#8217;Europa, hanno litigato. E i popoli hanno pagato, soprattutto i cattolici. Toscani e Costa-Gavras lo tacciono. L&#8217;altra faccia della medaglia,<\/em><\/p>\n<p style=\"text-align: center;\"><strong>Marco Respinti<\/strong><\/p>\n<p style=\"text-align: justify;\">Adolf Hitler invade la Polonia il 1\u00b0 settembre del 1939 sotto gli occhi compiaciuti di Stalin. L'&#8221;Operazione Barbarossa&#8221;, con cui Berlino invade l&#8217;Urss il 22 giugno 1941, segna poi la fine dell&#8217;idillio hitleriano-staliniano, ma \u00e8 solo uno specchietto per le allodole. Reich e bolscevichi sono simili per pi\u00f9 di un tratto &#8211; ideologico, economico e politico &#8211; ed \u00e8 solo per sete di potere che il F\u00fchrer invade l&#8217;alleato: una brama identica a quella che cova nel cuore del Vozd sovietico, pronto anch&#8217;egli a invadere i tedeschi.<\/p>\n<p style=\"text-align: justify;\">Una gara, insomma, a chi arriva prima: Hitler batte Stalin in volata, ma poi \u00e8 il secondo a ridere per ultimo. La bandiera sovietica sventolante sul Reichstag prima che qualsiasi altro esercito occidentale abbia messo piede nella capitale tedesca nel 1945 \u00e8 solo il paradossale esito di un&#8217;antica simbiosi.<\/p>\n<p style=\"text-align: justify;\"><strong>Heil Stalin!<\/strong><\/p>\n<p style=\"text-align: justify;\">Basterebbe del resto leggere il librone <em>Stalin, Hitler<\/em>. <em>La rivoluzione bolscevica mondiale<\/em> (Spirali, Milano 2001, prefazione di Vladimir Buskovskij) di Vladimir Bogdanovic Rezun, alias Viktor Suvorov, ex agente a Ginevra del GRU, i servizi segreti militari sovietici.<\/p>\n<p style=\"text-align: justify;\">Dice Suvorov (a Tempi, che lo intervist\u00f2 sul n. 47 del 2000): \u00abStalin &#8220;coltiva&#8221; Hitler addirittura dagli anni Venti e Trenta. Perch\u00e9, se no, i tank tedeschi venivano costruiti a Leningrado? E i chimici che hanno fabbricato lo &#8220;Zyklon B&#8221;, il micidiale gas tossico usato nei campi di sterminio tedeschi, educati in URSS? O i quadri della Wehrmacht addestrati a Saratov? Quando gli hitleriani restano senza carburante sulla strada verso la Francia, \u00e8 Stalin il benzinaio. E l&#8217;assedio di Varsavia \u00e8 solo uno spartimento fra URSS e Reich [&#8230;]. Nelle elezioni tedesche del 1932, quando l&#8217;unione fra comunisti e socialdemocratici potrebbe battere Hitler, sostanzialmente Stalin ordina ai comunisti tedeschi di appoggiare i nazisti\u00bb. Potrebbe addirittura diventare un bel copione cinematografico.<\/p>\n<p style=\"text-align: justify;\"><strong>\u00abI tedeschi usano gli stessi mezzi dei sovietici\u00bb. Amen<\/strong><\/p>\n<p style=\"text-align: justify;\">Quando Hitler invase la Polonia, Stalin stava a guardare. E similmente stavano a guardare le democrazie occidentali, paralizzate sin dai tempi dello sciagurato Patto di Monaco.<\/p>\n<p style=\"text-align: justify;\">Di quel fatto Thomas S. Eliot ha scritto: \u00abCredo vi siano molte persone che, al pari mio, sono state scosse dagli eventi del settembre 1938 in modo tanto profondo da non riuscire a porvi rimedio [&#8230;]. Non si \u00e8 trattato, ripeto, di una critica al governo [britannico], ma di un dubbio sulla validit\u00e0 di un&#8217;intera civilt\u00e0\u00bb.<\/p>\n<p style=\"text-align: justify;\">Quando, il 21 dicembre 1939, il primate polacco cardinale August Hlond gli fa pervenire un rapporto sui primi quattro mesi di occupazione tedesca, Papa Pio XI d\u00e0 subito mandato a monsignor Giovanni Battista Montini, inviato a Varsavia come addetto alla Nunziatura &#8211; poi Papa Paolo VI, ingiustamente etichettato come &#8220;progressista&#8221; -, affinch\u00e9 venga preparato un radiomessaggio di denuncia della politica nazionalsocialista.<\/p>\n<p style=\"text-align: justify;\">Diffuso il 21 gennaio successivo, fra l&#8217;altro, afferma: \u00abLe condizioni della vita religiosa, politica, economica hanno gettato il nobile popolo polacco in uno stato di terrore, di abbruttimento e di barbarie molto simile a quello che fu imposto alla Spagna dai comunisti nel 1936. [&#8230;] I tedeschi usano gli stessi mezzi dei sovietici\u00bb.<\/p>\n<p style=\"text-align: justify;\">Oliviero Toscani, che ha realizzato la locandina del film <em>Amen<\/em> di Costantin Costa-Gavras in cui la Croce cristiana si mescola alla svastica, non ha studiato questo pezzo fondamentale di storia europea.<\/p>\n","protected":false},"excerpt":{"rendered":"<p>tratto da Tempi, anno VIII, 14\u00a0marzo\u00a02002, n. 11. Hitler e Stalin erano amici per la pelle. Degli altri. Costa-Gravas se lo scorda e firma l&#8217;ennesima bugia su Pio XII. Il vero manifesto Toscani, 1a puntata. di Marco Respinti<\/p><p><a class=\"more-link btn\" href=\"https:\/\/www.rassegnastampa-totustuus.it\/cattolica\/allombra-della-croce-uncinata\/\">Continua a leggere<\/a><\/p>\n","protected":false},"author":6,"featured_media":27937,"comment_status":"closed","ping_status":"open","sticky":false,"template":"","format":"standard","meta":{"footnotes":""},"categories":[94,24,84],"tags":[886,890,175],"class_list":["post-1155","post","type-post","status-publish","format-standard","has-post-thumbnail","hentry","category-nazionalsocialismo","category-storia","category-urss","tag-olocausto","tag-pio-xii","tag-urss-2","item-wrap"],"yoast_head":"<!-- This site is optimized with the Yoast SEO plugin v27.5 - https:\/\/yoast.com\/product\/yoast-seo-wordpress\/ -->\n<title>All&#039;ombra della croce uncinata - Rassegna Stampa Cattolica<\/title>\n<meta name=\"description\" content=\"Rassegna Stampa Cattolica - Per una cultura che nasce dalla Rivelazione cristiana in conformit\u00e0 alla tradizione e al Magistero della Chiesa in opposizione ad ogni relativismo e totalitarismo\" \/>\n<meta name=\"robots\" content=\"index, follow, max-snippet:-1, max-image-preview:large, max-video-preview:-1\" \/>\n<link rel=\"canonical\" href=\"https:\/\/www.rassegnastampa-totustuus.it\/cattolica\/allombra-della-croce-uncinata\/\" \/>\n<meta property=\"og:locale\" content=\"it_IT\" \/>\n<meta property=\"og:type\" content=\"article\" \/>\n<meta property=\"og:title\" content=\"All&#039;ombra della croce uncinata - Rassegna Stampa Cattolica\" \/>\n<meta property=\"og:description\" content=\"Rassegna Stampa Cattolica - Per una cultura che nasce dalla Rivelazione cristiana in conformit\u00e0 alla tradizione e al Magistero della Chiesa in opposizione ad ogni relativismo e totalitarismo\" \/>\n<meta property=\"og:url\" content=\"https:\/\/www.rassegnastampa-totustuus.it\/cattolica\/allombra-della-croce-uncinata\/\" \/>\n<meta property=\"og:site_name\" content=\"Rassegna Stampa Cattolica\" \/>\n<meta property=\"article:publisher\" content=\"https:\/\/www.facebook.com\/rassegnastampacattolica\" \/>\n<meta property=\"article:published_time\" content=\"2005-08-03T13:59:13+00:00\" \/>\n<meta property=\"article:modified_time\" content=\"2015-11-19T15:47:54+00:00\" \/>\n<meta property=\"og:image\" content=\"https:\/\/www.rassegnastampa-totustuus.it\/cattolica\/wp-content\/uploads\/2005\/08\/nazismo-comunismo.jpg\" \/>\n\t<meta property=\"og:image:width\" content=\"284\" \/>\n\t<meta property=\"og:image:height\" content=\"177\" \/>\n\t<meta property=\"og:image:type\" content=\"image\/jpeg\" \/>\n<meta name=\"author\" content=\"Redazione\" \/>\n<meta name=\"twitter:card\" content=\"summary_large_image\" \/>\n<meta name=\"twitter:creator\" content=\"@rassegnastampa9\" \/>\n<meta name=\"twitter:site\" content=\"@rassegnastampa9\" \/>\n<meta name=\"twitter:label1\" content=\"Scritto da\" \/>\n\t<meta name=\"twitter:data1\" content=\"Redazione\" \/>\n\t<meta name=\"twitter:label2\" content=\"Tempo di lettura stimato\" \/>\n\t<meta name=\"twitter:data2\" content=\"6 minuti\" \/>\n<script type=\"application\/ld+json\" class=\"yoast-schema-graph\">{\"@context\":\"https:\\\/\\\/schema.org\",\"@graph\":[{\"@type\":\"Article\",\"@id\":\"https:\\\/\\\/www.rassegnastampa-totustuus.it\\\/cattolica\\\/allombra-della-croce-uncinata\\\/#article\",\"isPartOf\":{\"@id\":\"https:\\\/\\\/www.rassegnastampa-totustuus.it\\\/cattolica\\\/allombra-della-croce-uncinata\\\/\"},\"author\":{\"name\":\"Redazione\",\"@id\":\"https:\\\/\\\/www.rassegnastampa-totustuus.it\\\/cattolica\\\/#\\\/schema\\\/person\\\/08f319d2bd1a0904ad9e2bfb7b15e5c3\"},\"headline\":\"All&#8217;ombra della croce uncinata\",\"datePublished\":\"2005-08-03T13:59:13+00:00\",\"dateModified\":\"2015-11-19T15:47:54+00:00\",\"mainEntityOfPage\":{\"@id\":\"https:\\\/\\\/www.rassegnastampa-totustuus.it\\\/cattolica\\\/allombra-della-croce-uncinata\\\/\"},\"wordCount\":1132,\"publisher\":{\"@id\":\"https:\\\/\\\/www.rassegnastampa-totustuus.it\\\/cattolica\\\/#organization\"},\"image\":{\"@id\":\"https:\\\/\\\/www.rassegnastampa-totustuus.it\\\/cattolica\\\/allombra-della-croce-uncinata\\\/#primaryimage\"},\"thumbnailUrl\":\"https:\\\/\\\/www.rassegnastampa-totustuus.it\\\/cattolica\\\/wp-content\\\/uploads\\\/2005\\\/08\\\/nazismo-comunismo.jpg\",\"keywords\":[\"olocausto\",\"Pio XII\",\"Urss\"],\"articleSection\":[\"Nazionalsocialismo\",\"Storia\",\"URSS\"],\"inLanguage\":\"it-IT\"},{\"@type\":\"WebPage\",\"@id\":\"https:\\\/\\\/www.rassegnastampa-totustuus.it\\\/cattolica\\\/allombra-della-croce-uncinata\\\/\",\"url\":\"https:\\\/\\\/www.rassegnastampa-totustuus.it\\\/cattolica\\\/allombra-della-croce-uncinata\\\/\",\"name\":\"All'ombra della croce uncinata - Rassegna Stampa Cattolica\",\"isPartOf\":{\"@id\":\"https:\\\/\\\/www.rassegnastampa-totustuus.it\\\/cattolica\\\/#website\"},\"primaryImageOfPage\":{\"@id\":\"https:\\\/\\\/www.rassegnastampa-totustuus.it\\\/cattolica\\\/allombra-della-croce-uncinata\\\/#primaryimage\"},\"image\":{\"@id\":\"https:\\\/\\\/www.rassegnastampa-totustuus.it\\\/cattolica\\\/allombra-della-croce-uncinata\\\/#primaryimage\"},\"thumbnailUrl\":\"https:\\\/\\\/www.rassegnastampa-totustuus.it\\\/cattolica\\\/wp-content\\\/uploads\\\/2005\\\/08\\\/nazismo-comunismo.jpg\",\"datePublished\":\"2005-08-03T13:59:13+00:00\",\"dateModified\":\"2015-11-19T15:47:54+00:00\",\"description\":\"Rassegna Stampa Cattolica - Per una cultura che nasce dalla Rivelazione cristiana in conformit\u00e0 alla tradizione e al Magistero della Chiesa in opposizione ad ogni relativismo e totalitarismo\",\"breadcrumb\":{\"@id\":\"https:\\\/\\\/www.rassegnastampa-totustuus.it\\\/cattolica\\\/allombra-della-croce-uncinata\\\/#breadcrumb\"},\"inLanguage\":\"it-IT\",\"potentialAction\":[{\"@type\":\"ReadAction\",\"target\":[\"https:\\\/\\\/www.rassegnastampa-totustuus.it\\\/cattolica\\\/allombra-della-croce-uncinata\\\/\"]}]},{\"@type\":\"ImageObject\",\"inLanguage\":\"it-IT\",\"@id\":\"https:\\\/\\\/www.rassegnastampa-totustuus.it\\\/cattolica\\\/allombra-della-croce-uncinata\\\/#primaryimage\",\"url\":\"https:\\\/\\\/www.rassegnastampa-totustuus.it\\\/cattolica\\\/wp-content\\\/uploads\\\/2005\\\/08\\\/nazismo-comunismo.jpg\",\"contentUrl\":\"https:\\\/\\\/www.rassegnastampa-totustuus.it\\\/cattolica\\\/wp-content\\\/uploads\\\/2005\\\/08\\\/nazismo-comunismo.jpg\",\"width\":284,\"height\":177},{\"@type\":\"BreadcrumbList\",\"@id\":\"https:\\\/\\\/www.rassegnastampa-totustuus.it\\\/cattolica\\\/allombra-della-croce-uncinata\\\/#breadcrumb\",\"itemListElement\":[{\"@type\":\"ListItem\",\"position\":1,\"name\":\"Home\",\"item\":\"https:\\\/\\\/www.rassegnastampa-totustuus.it\\\/cattolica\\\/\"},{\"@type\":\"ListItem\",\"position\":2,\"name\":\"All&#8217;ombra della croce uncinata\"}]},{\"@type\":\"WebSite\",\"@id\":\"https:\\\/\\\/www.rassegnastampa-totustuus.it\\\/cattolica\\\/#website\",\"url\":\"https:\\\/\\\/www.rassegnastampa-totustuus.it\\\/cattolica\\\/\",\"name\":\"Rassegna Stampa Cattolica\",\"description\":\"Per una cultura che nasce dalla Rivelazione cristiana in conformit\u00e0 alla tradizione e al Magistero della Chiesa in opposizione ad ogni relativismo e totalitarismo\",\"publisher\":{\"@id\":\"https:\\\/\\\/www.rassegnastampa-totustuus.it\\\/cattolica\\\/#organization\"},\"alternateName\":\"Rass. Cattolica\",\"potentialAction\":[{\"@type\":\"SearchAction\",\"target\":{\"@type\":\"EntryPoint\",\"urlTemplate\":\"https:\\\/\\\/www.rassegnastampa-totustuus.it\\\/cattolica\\\/?s={search_term_string}\"},\"query-input\":{\"@type\":\"PropertyValueSpecification\",\"valueRequired\":true,\"valueName\":\"search_term_string\"}}],\"inLanguage\":\"it-IT\"},{\"@type\":\"Organization\",\"@id\":\"https:\\\/\\\/www.rassegnastampa-totustuus.it\\\/cattolica\\\/#organization\",\"name\":\"Rassegna Stampa Cattolica\",\"url\":\"https:\\\/\\\/www.rassegnastampa-totustuus.it\\\/cattolica\\\/\",\"logo\":{\"@type\":\"ImageObject\",\"inLanguage\":\"it-IT\",\"@id\":\"https:\\\/\\\/www.rassegnastampa-totustuus.it\\\/cattolica\\\/#\\\/schema\\\/logo\\\/image\\\/\",\"url\":\"https:\\\/\\\/www.rassegnastampa-totustuus.it\\\/cattolica\\\/wp-content\\\/uploads\\\/2014\\\/04\\\/logo-rassegna1.gif\",\"contentUrl\":\"https:\\\/\\\/www.rassegnastampa-totustuus.it\\\/cattolica\\\/wp-content\\\/uploads\\\/2014\\\/04\\\/logo-rassegna1.gif\",\"width\":600,\"height\":163,\"caption\":\"Rassegna Stampa Cattolica\"},\"image\":{\"@id\":\"https:\\\/\\\/www.rassegnastampa-totustuus.it\\\/cattolica\\\/#\\\/schema\\\/logo\\\/image\\\/\"},\"sameAs\":[\"https:\\\/\\\/www.facebook.com\\\/rassegnastampacattolica\",\"https:\\\/\\\/x.com\\\/rassegnastampa9\"]},{\"@type\":\"Person\",\"@id\":\"https:\\\/\\\/www.rassegnastampa-totustuus.it\\\/cattolica\\\/#\\\/schema\\\/person\\\/08f319d2bd1a0904ad9e2bfb7b15e5c3\",\"name\":\"Redazione\",\"image\":{\"@type\":\"ImageObject\",\"inLanguage\":\"it-IT\",\"@id\":\"https:\\\/\\\/secure.gravatar.com\\\/avatar\\\/2fcdf27c78ea025fbdb44e914cc63c72249ffec9dc8aafd5c82b26240ef3f346?s=96&d=mm&r=g\",\"url\":\"https:\\\/\\\/secure.gravatar.com\\\/avatar\\\/2fcdf27c78ea025fbdb44e914cc63c72249ffec9dc8aafd5c82b26240ef3f346?s=96&d=mm&r=g\",\"contentUrl\":\"https:\\\/\\\/secure.gravatar.com\\\/avatar\\\/2fcdf27c78ea025fbdb44e914cc63c72249ffec9dc8aafd5c82b26240ef3f346?s=96&d=mm&r=g\",\"caption\":\"Redazione\"},\"url\":\"https:\\\/\\\/www.rassegnastampa-totustuus.it\\\/cattolica\\\/author\\\/pietroelle\\\/\"}]}<\/script>\n<!-- \/ Yoast SEO plugin. -->","yoast_head_json":{"title":"All'ombra della croce uncinata - Rassegna Stampa Cattolica","description":"Rassegna Stampa Cattolica - Per una cultura che nasce dalla Rivelazione cristiana in conformit\u00e0 alla tradizione e al Magistero della Chiesa in opposizione ad ogni relativismo e totalitarismo","robots":{"index":"index","follow":"follow","max-snippet":"max-snippet:-1","max-image-preview":"max-image-preview:large","max-video-preview":"max-video-preview:-1"},"canonical":"https:\/\/www.rassegnastampa-totustuus.it\/cattolica\/allombra-della-croce-uncinata\/","og_locale":"it_IT","og_type":"article","og_title":"All'ombra della croce uncinata - Rassegna Stampa Cattolica","og_description":"Rassegna Stampa Cattolica - Per una cultura che nasce dalla Rivelazione cristiana in conformit\u00e0 alla tradizione e al Magistero della Chiesa in opposizione ad ogni relativismo e totalitarismo","og_url":"https:\/\/www.rassegnastampa-totustuus.it\/cattolica\/allombra-della-croce-uncinata\/","og_site_name":"Rassegna Stampa Cattolica","article_publisher":"https:\/\/www.facebook.com\/rassegnastampacattolica","article_published_time":"2005-08-03T13:59:13+00:00","article_modified_time":"2015-11-19T15:47:54+00:00","og_image":[{"width":284,"height":177,"url":"https:\/\/www.rassegnastampa-totustuus.it\/cattolica\/wp-content\/uploads\/2005\/08\/nazismo-comunismo.jpg","type":"image\/jpeg"}],"author":"Redazione","twitter_card":"summary_large_image","twitter_creator":"@rassegnastampa9","twitter_site":"@rassegnastampa9","twitter_misc":{"Scritto da":"Redazione","Tempo di lettura stimato":"6 minuti"},"schema":{"@context":"https:\/\/schema.org","@graph":[{"@type":"Article","@id":"https:\/\/www.rassegnastampa-totustuus.it\/cattolica\/allombra-della-croce-uncinata\/#article","isPartOf":{"@id":"https:\/\/www.rassegnastampa-totustuus.it\/cattolica\/allombra-della-croce-uncinata\/"},"author":{"name":"Redazione","@id":"https:\/\/www.rassegnastampa-totustuus.it\/cattolica\/#\/schema\/person\/08f319d2bd1a0904ad9e2bfb7b15e5c3"},"headline":"All&#8217;ombra della croce uncinata","datePublished":"2005-08-03T13:59:13+00:00","dateModified":"2015-11-19T15:47:54+00:00","mainEntityOfPage":{"@id":"https:\/\/www.rassegnastampa-totustuus.it\/cattolica\/allombra-della-croce-uncinata\/"},"wordCount":1132,"publisher":{"@id":"https:\/\/www.rassegnastampa-totustuus.it\/cattolica\/#organization"},"image":{"@id":"https:\/\/www.rassegnastampa-totustuus.it\/cattolica\/allombra-della-croce-uncinata\/#primaryimage"},"thumbnailUrl":"https:\/\/www.rassegnastampa-totustuus.it\/cattolica\/wp-content\/uploads\/2005\/08\/nazismo-comunismo.jpg","keywords":["olocausto","Pio XII","Urss"],"articleSection":["Nazionalsocialismo","Storia","URSS"],"inLanguage":"it-IT"},{"@type":"WebPage","@id":"https:\/\/www.rassegnastampa-totustuus.it\/cattolica\/allombra-della-croce-uncinata\/","url":"https:\/\/www.rassegnastampa-totustuus.it\/cattolica\/allombra-della-croce-uncinata\/","name":"All'ombra della croce uncinata - Rassegna Stampa Cattolica","isPartOf":{"@id":"https:\/\/www.rassegnastampa-totustuus.it\/cattolica\/#website"},"primaryImageOfPage":{"@id":"https:\/\/www.rassegnastampa-totustuus.it\/cattolica\/allombra-della-croce-uncinata\/#primaryimage"},"image":{"@id":"https:\/\/www.rassegnastampa-totustuus.it\/cattolica\/allombra-della-croce-uncinata\/#primaryimage"},"thumbnailUrl":"https:\/\/www.rassegnastampa-totustuus.it\/cattolica\/wp-content\/uploads\/2005\/08\/nazismo-comunismo.jpg","datePublished":"2005-08-03T13:59:13+00:00","dateModified":"2015-11-19T15:47:54+00:00","description":"Rassegna Stampa Cattolica - Per una cultura che nasce dalla Rivelazione cristiana in conformit\u00e0 alla tradizione e al Magistero della Chiesa in opposizione ad ogni relativismo e totalitarismo","breadcrumb":{"@id":"https:\/\/www.rassegnastampa-totustuus.it\/cattolica\/allombra-della-croce-uncinata\/#breadcrumb"},"inLanguage":"it-IT","potentialAction":[{"@type":"ReadAction","target":["https:\/\/www.rassegnastampa-totustuus.it\/cattolica\/allombra-della-croce-uncinata\/"]}]},{"@type":"ImageObject","inLanguage":"it-IT","@id":"https:\/\/www.rassegnastampa-totustuus.it\/cattolica\/allombra-della-croce-uncinata\/#primaryimage","url":"https:\/\/www.rassegnastampa-totustuus.it\/cattolica\/wp-content\/uploads\/2005\/08\/nazismo-comunismo.jpg","contentUrl":"https:\/\/www.rassegnastampa-totustuus.it\/cattolica\/wp-content\/uploads\/2005\/08\/nazismo-comunismo.jpg","width":284,"height":177},{"@type":"BreadcrumbList","@id":"https:\/\/www.rassegnastampa-totustuus.it\/cattolica\/allombra-della-croce-uncinata\/#breadcrumb","itemListElement":[{"@type":"ListItem","position":1,"name":"Home","item":"https:\/\/www.rassegnastampa-totustuus.it\/cattolica\/"},{"@type":"ListItem","position":2,"name":"All&#8217;ombra della croce uncinata"}]},{"@type":"WebSite","@id":"https:\/\/www.rassegnastampa-totustuus.it\/cattolica\/#website","url":"https:\/\/www.rassegnastampa-totustuus.it\/cattolica\/","name":"Rassegna Stampa Cattolica","description":"Per una cultura che nasce dalla Rivelazione cristiana in conformit\u00e0 alla tradizione e al Magistero della Chiesa in opposizione ad ogni relativismo e totalitarismo","publisher":{"@id":"https:\/\/www.rassegnastampa-totustuus.it\/cattolica\/#organization"},"alternateName":"Rass. Cattolica","potentialAction":[{"@type":"SearchAction","target":{"@type":"EntryPoint","urlTemplate":"https:\/\/www.rassegnastampa-totustuus.it\/cattolica\/?s={search_term_string}"},"query-input":{"@type":"PropertyValueSpecification","valueRequired":true,"valueName":"search_term_string"}}],"inLanguage":"it-IT"},{"@type":"Organization","@id":"https:\/\/www.rassegnastampa-totustuus.it\/cattolica\/#organization","name":"Rassegna Stampa Cattolica","url":"https:\/\/www.rassegnastampa-totustuus.it\/cattolica\/","logo":{"@type":"ImageObject","inLanguage":"it-IT","@id":"https:\/\/www.rassegnastampa-totustuus.it\/cattolica\/#\/schema\/logo\/image\/","url":"https:\/\/www.rassegnastampa-totustuus.it\/cattolica\/wp-content\/uploads\/2014\/04\/logo-rassegna1.gif","contentUrl":"https:\/\/www.rassegnastampa-totustuus.it\/cattolica\/wp-content\/uploads\/2014\/04\/logo-rassegna1.gif","width":600,"height":163,"caption":"Rassegna Stampa Cattolica"},"image":{"@id":"https:\/\/www.rassegnastampa-totustuus.it\/cattolica\/#\/schema\/logo\/image\/"},"sameAs":["https:\/\/www.facebook.com\/rassegnastampacattolica","https:\/\/x.com\/rassegnastampa9"]},{"@type":"Person","@id":"https:\/\/www.rassegnastampa-totustuus.it\/cattolica\/#\/schema\/person\/08f319d2bd1a0904ad9e2bfb7b15e5c3","name":"Redazione","image":{"@type":"ImageObject","inLanguage":"it-IT","@id":"https:\/\/secure.gravatar.com\/avatar\/2fcdf27c78ea025fbdb44e914cc63c72249ffec9dc8aafd5c82b26240ef3f346?s=96&d=mm&r=g","url":"https:\/\/secure.gravatar.com\/avatar\/2fcdf27c78ea025fbdb44e914cc63c72249ffec9dc8aafd5c82b26240ef3f346?s=96&d=mm&r=g","contentUrl":"https:\/\/secure.gravatar.com\/avatar\/2fcdf27c78ea025fbdb44e914cc63c72249ffec9dc8aafd5c82b26240ef3f346?s=96&d=mm&r=g","caption":"Redazione"},"url":"https:\/\/www.rassegnastampa-totustuus.it\/cattolica\/author\/pietroelle\/"}]}},"_links":{"self":[{"href":"https:\/\/www.rassegnastampa-totustuus.it\/cattolica\/wp-json\/wp\/v2\/posts\/1155","targetHints":{"allow":["GET"]}}],"collection":[{"href":"https:\/\/www.rassegnastampa-totustuus.it\/cattolica\/wp-json\/wp\/v2\/posts"}],"about":[{"href":"https:\/\/www.rassegnastampa-totustuus.it\/cattolica\/wp-json\/wp\/v2\/types\/post"}],"author":[{"embeddable":true,"href":"https:\/\/www.rassegnastampa-totustuus.it\/cattolica\/wp-json\/wp\/v2\/users\/6"}],"replies":[{"embeddable":true,"href":"https:\/\/www.rassegnastampa-totustuus.it\/cattolica\/wp-json\/wp\/v2\/comments?post=1155"}],"version-history":[{"count":5,"href":"https:\/\/www.rassegnastampa-totustuus.it\/cattolica\/wp-json\/wp\/v2\/posts\/1155\/revisions"}],"predecessor-version":[{"id":27939,"href":"https:\/\/www.rassegnastampa-totustuus.it\/cattolica\/wp-json\/wp\/v2\/posts\/1155\/revisions\/27939"}],"wp:featuredmedia":[{"embeddable":true,"href":"https:\/\/www.rassegnastampa-totustuus.it\/cattolica\/wp-json\/wp\/v2\/media\/27937"}],"wp:attachment":[{"href":"https:\/\/www.rassegnastampa-totustuus.it\/cattolica\/wp-json\/wp\/v2\/media?parent=1155"}],"wp:term":[{"taxonomy":"category","embeddable":true,"href":"https:\/\/www.rassegnastampa-totustuus.it\/cattolica\/wp-json\/wp\/v2\/categories?post=1155"},{"taxonomy":"post_tag","embeddable":true,"href":"https:\/\/www.rassegnastampa-totustuus.it\/cattolica\/wp-json\/wp\/v2\/tags?post=1155"}],"curies":[{"name":"wp","href":"https:\/\/api.w.org\/{rel}","templated":true}]}}