{"id":1139,"date":"2005-07-30T00:00:00","date_gmt":"2005-07-29T22:00:00","guid":{"rendered":""},"modified":"2015-12-02T16:30:41","modified_gmt":"2015-12-02T15:30:41","slug":"capitalismo-e-comunismo","status":"publish","type":"post","link":"https:\/\/www.rassegnastampa-totustuus.it\/cattolica\/capitalismo-e-comunismo\/","title":{"rendered":"Capitalismo e comunismo"},"content":{"rendered":"<div style=\"text-align: center;\"><a href=\"https:\/\/www.rassegnastampa-totustuus.it\/cattolica\/wp-content\/uploads\/2005\/07\/dollari_rubli.jpg\"><img loading=\"lazy\" decoding=\"async\" class=\"alignleft wp-image-28527\" src=\"https:\/\/www.rassegnastampa-totustuus.it\/cattolica\/wp-content\/uploads\/2005\/07\/dollari_rubli.jpg\" alt=\"dollari_rubli\" width=\"250\" height=\"184\" \/><\/a>Pubblicato su <strong>Il Timone<\/strong> n. 35,<\/div>\n<div style=\"text-align: center;\">del luglio\/agosto 2004<\/div>\n<p style=\"text-align: center;\">di <strong>Vittorio Messori<\/strong><\/p>\n<p style=\"text-align: justify;\">Pensare per slogan, uniformarsi agli schemi, prendere per buona la vulgata storica corrente: ecco do da cui dovrebbe stare lontano un cristiano. Ed \u00e8 proprio per cercare di mettere in guardia da ci\u00f2, che molti scrivono in questo giornale.<\/p>\n<p style=\"text-align: justify;\">Per fare un esempio tra gli infiniti possibili (aggiungendolo ai molti che io stesso ho fatto in tanti anni di lavoro), la maggior parte delle persone \u00e8 ancora convinta, sulla base della propaganda prima socialista e poi marxista, che ci sia &#8211; o ci sia stata per tanto tempo &#8211; un\u2019avversione implacabile tra capitalisti e comunisti, tra banchieri e leader proletari.<\/p>\n<p><!--more--><\/p>\n<p style=\"text-align: justify;\">\u00c8 una sciocchezza che non regge all\u2019indagine. In realt\u00e0, Lenin non avrebbe avuto i mezzi materiali per impadronirsi del potere senza il denaro elargitogli generosamente da un capitalista, un grande banchiere americano, Jacob Schiff, padrone della banca Kuhn &amp; Loeb di New York. Schiff era ebreo e, come tale, odiava la Russia zarista perch\u00e9 gli israeliti non vi erano ancora emancipati e vi subivano dei pogrom che la polizia spesso non impediva o reprimeva con ritardo.<\/p>\n<p style=\"text-align: justify;\">Cosi, il finanziere diede il suo potente sostegno al Giappone, nella guerra del 1904 che si concluse disastrosamente per Mosca. Sempre per indebolire e, se possibile, far cadere il regime degli zar, il banchiere sovvenzion\u00f2 ogni tipo di sovversione in Russia e punt\u00f2 poi le sue carte su Lenin, favorendone il trionfo nella rivoluzione del 1917.<\/p>\n<p style=\"text-align: justify;\">Ma altri banchieri dell\u2019ebraismo occidentale finanziarono quella rivoluzione, mossi dall\u2019avversione per lo zarismo. Gli storici conoscono, tra l\u2019altro, il dispaccio, partito da Stoccolma il 21 settembre del 1917 e indirizzato a Trotzkij , con cui la banca Warburg (i cui padroni erano imparentati con Jacob Schiff e associati a lui in affari) comunicava di avere depositato suite banche svedesi una grande somma perle spese del rivoltosi. Questi ed altri episodi sono stati rievocati, con precisione e con ampiezza, anche da Solzenicyn nel suo <em>Lenin a Zurigo.<\/em><\/p>\n<p style=\"text-align: justify;\">Capitalisti e banchieri si incontrano all\u2019inizio dell\u2019Unione Sovietica (si pensi a quell\u2019ambiguo finanziere che fu Gelfand Israel Lazarevitch, conosciuto come Parvus, sponsor economico anch\u2019egli del bolscevichi) ma sono presenti in tutti i settant\u2019anni delta sua esistenza. L\u2019impero comunista russo non sarebbe nato ma non avrebbe potuto neanche sopravvivere senza il continuo sostegno della grande finanza occidentale, secondo modi ora palesi ora occulti che sono ancora in gran parte da esplorare.<\/p>\n<p style=\"text-align: justify;\">Esaminavo, di recente, le memorie di Markus Wolff, il leggendari &#8220;Misha&#8221; di tanti romanzi di spionaggio, il mitico e inamovibile capo del servizi Segreti per l\u2019estero della Germania che si autodefiniva &#8220;democratica&#8221;. Wolff conferma quanto gi\u00e0 si sapeva ma di cui si parlava, e si parla, il meno possibile: la DDR, praticamente da sempre, rinviava l\u2019inevitabile bancarotta dello Stato grazie ai prestiti generosi delle banche della Germania Occidentale.<\/p>\n<p style=\"text-align: justify;\">Ed \u00e8 qui una delle ragioni &#8220;segrete&#8221; delle gravi difficolt\u00e0 tedesche dopo l\u2019unificazione: assorbendo quella Repubblica fantoccio, la Germania Federale ne ha ereditato i debiti e, dunque, la necessit\u00e0 di rimborsare le banche di Francoforte, di Monaco, di Amburgo: un conto astronomico che ha fatto, e fa tuttora, vacillare il pur solido bilancio statale.<\/p>\n<p style=\"text-align: justify;\">Ma la grande finanza la si incontra anche agli esordi della rivoluzione francese. Jacques Necker, calvinista ginevrino di origini tedesche, illuminista e tra i maggiori banchieri d\u2019Europa, \u00e8 il potentissimo ministro delle finanze di Luigi XVI mentre la Francia si avvia alla grande rivolta. Questa &#8211; stando all\u2019accusa finale che gli rivolger\u00e0 il re &#8211; scoppia anche per sua responsabilit\u00e0.<\/p>\n<p style=\"text-align: justify;\">\u00c8 Necker, infatti, che non solo decide di convocare gli Stati Generali che daranno fuoco alle polveri ma pretende, ed ottiene, che il Terzo Stato (quello del borghesi) vi abbia un numero di delegati pari a quello degli altri due ordini (clero e aristocratici) sommati. \u00c8 Necker, insomma, il grande banchiere, che mette a punto il meccanismo che permetter\u00e0 la rivoluzione. Questa, poi, sar\u00e0 foraggiata da continui aiuti della finanza inglese che aveva interesse a indebolire la Francia, temibile concorrente economico della Gran Bretagna. In effetti, la supremazia britannica per tutto il XIX secolo fu resa possibile dal terribile salasso di sangue e di denaro subito dai francesi in seguito alla rivoluzione e poi alle guerre napoleoniche.<\/p>\n<p style=\"text-align: justify;\">Non \u00e8 dietrologia ma constatazione di fatti certi: ben lungi dall\u2019opporsi alle rivoluzioni, la grande finanza e la grande banca le hanno spesso sorrette. Trascrivo qui le considerazioni di uno storico francese: \u00abLa potenza finanziaria preferisce l\u2019instabilit\u00e0 politica, le convulsioni sociali a un ordine che minacci di impacciarla.<\/p>\n<p style=\"text-align: justify;\">Cosi, si oppone per istinto a ogni potere politico che tenda a limitarne gli appetiti e cerchi di sottoporre le sue attivit\u00e0 al bene comune. Il Vitello d\u2019Oro non ama essere aggiogato e cerca di liberarsi a ogni costo dalle stanghe che ne rallentino i movimenti. Inoltre, non dimentichiamo che la banca internazionale moderna \u00e8 opera, almeno agli inizi, di protestanti, di ebrei, di massoni.<\/p>\n<p style=\"text-align: justify;\">Dunque, l\u2019appartenenza religiosa o ideologica del finanzieri li ha opposti alle monarchie cattoliche, come quella francese, o ortodossa, come quella russa. Cos\u00ec come li aveva opposti alla monarchia spagnola, a cominciare dalla insurrezione delle Fiandre nel Seicento, finanziata dal capitalismo anglo-olandese\u00bb.<\/p>\n<p style=\"text-align: justify;\">Insomma, alla rovina prima di Madrid, poi di Parigi e infine di Pietroburgo non \u00e8 per niente estraneo quel grande capitalismo che, secondo gli ingenui (e gli ideologi vetero-comunisti), sarebbe un fattore di stabilit\u00e0 controrivoluzionaria, un nemico implacabile della sovversione &#8220;di sinistra&#8221;.<\/p>\n<p style=\"text-align: justify;\"><strong>Libero mercato?<\/strong><\/p>\n<p style=\"text-align: justify;\">A proposito di Stati Uniti, visto che li abbiamo citati. Tra le certezze di chi li considera \u00abl\u2019Impero del Bene\u00bb e guarda ad essi con ammirazione (fino ad imitarne le micidiali idiozie, come la corsa quotidiana il cui inventore \u00e8 morto d\u2019infarto a 50 anni giusto mentre correva&#8230;), c\u2019\u00e8 che l\u2019America sia apostola e paladina del &#8220;libero scambio&#8221;, del mercato aperto, del commercio mondiate senza pastoie di statalismi e di protezionismi.<\/p>\n<p style=\"text-align: justify;\">Errore di prospettiva, anche qui. La memoria \u00e8 labile e ha dimenticato che, sino al 1945, gli Stati Uniti furono fieramente protezionisti, blindarono il loro mercato interno tanto che era quasi impossibile esportarvi anche solo un chiodo. Successe, per\u00f2, che alla fine delta seconda guerra mondiale, si trovarono con un\u2019economia incredibilmente cresciuta per far fronte alle commesse belliche. Per evitare lo smantellamento di quell\u2019enorme apparato industriate, bastava rovesciare l\u2019ideologia e passare, dopo la predicazione del vantaggi dell\u2019autarchia, a quella dei vantaggi dell\u2019apertura delle frontiere.<\/p>\n<p style=\"text-align: justify;\">Le frontiere degli altri, ovviamente, che dovevano spalancarsi ai prodotti americani. L\u2019Europa era in rovina, non aveva possibilit\u00e0 di far concorrenza, ma anche il suo mercato era misero. Bisognava incrementare i consumi. Da qui i vari piani americani, come quello Marshall, per risollevare l\u2019economia europea. Qualcuno, ancor oggi, si commuove per tanta generosit\u00e0, dimenticando che il piano del governo degli Stati Uniti era chiaro ed esplicito: quello che si sarebbe speso da una parte lo si sarebbe recuperato (e con lauti interessi) dall\u2019altra, con le esportazioni tra consumatori europei nuovamente in grado di spendere.<\/p>\n<p style=\"text-align: justify;\">L\u2019 America, qui, seguiva l\u2019esempio della Gran Bretagna del XIX secolo dove si trovarono a convivere la prima rivoluzione industriale, con un fiume di manufatti da vendere, e la pi\u00f9 grande flotta del mondo, in grado di trasportare ovunque quelle mercanzie. Da qui la bandiera del <em>free trade<\/em>, del libero commercio, sventolata dall\u2019Inghilterra: la libert\u00e0, cio\u00e8, di comprare, ovunque si fosse, prodotti britannici.<\/p>\n<p style=\"text-align: justify;\">La mentalit\u00e0 inglese non \u00e8 ideologica ma pragmatica (e sta qui la sua grandezza ma, talvolta, anche il suo limite), una caratteristica ereditata anche dagli americani che di loro, pero, vi hanno aggiunto il moralismo, non di rado in sospetto di ipocrisia. Cos\u00ec, il &#8220;libero scambio&#8221; che i britannici imposero nell\u2019Ottocento per i loro affari e stato trasformato dagli Stati Uniti in una teoria edificante, in un motivo in pi\u00f9 per sentirsi eticamente superiori agli altri popoli.<\/p>\n<p style=\"text-align: justify;\">Come si sa, ci\u00f2 che rende pericolosi gli Stati Uniti \u00e8 la loro convinzione (un impasto di protestantesimo, massonismo, giudaismo) di essere il nuovo \u00abPopolo Messianico\u00bb. Per quanto ml riguarda, pi\u00f9 che ammirazione ml suscitano paura: nessuno e pi\u00f9 temibile di chi ti assicura di fare quel che fa &#8220;per il tuo bene&#8221;.<\/p>\n<p style=\"text-align: justify;\">Di solito, per\u00f2, non si pensa di chiedere agli americani perch\u00e9 il libero mercato e la libera concorrenza non dovrebbero valere, innanzitutto, per il motore stesso dell\u2019economia mondiale, il petrolio. Per questo, come si sa, non esiste concorrenza, la quantit\u00e0 di produzione e il prezzo sono fissati da ferrei cartelli, con a capo l\u2019Opec. Su questo, i missionari statunitensi del<em> free trade<\/em> non hanno nulla da dire, non vale la concorrenza per un prodotto del quale essi stessi sono grandi produttori.<\/p>\n<p style=\"text-align: justify;\">Cosi come tace la Gran Bretagna, che pure giunse a imporre il libero mercato con le cannoniere: anche gli inglesi, in effetti, hanno ingenti riserve petrolifere nel Mare del Nord. Anzi: della famosa &#8220;crisi energetica&#8221; del 1973 si diede la colpa all\u2019Arabia Saudita che, in realt\u00e0, da tempo alleata fedele dell\u2019Occidente, si prest\u00f2 al gioco suggeritole giusto da Stati Uniti e Gran Bretagna.<\/p>\n<p style=\"text-align: justify;\">Entrambi questi Paesi avevano grossi costi di produzione, visto che i pozzi americani pi\u00f9 redditizi sono tra i ghiacci perenni dell\u2019Alaska e quelli inglesi tra i marosi dell\u2019Oceano. Occorreva, dunque, un aumento forte e generalizzato senza il quale il crudo occidentale non avrebbe retto alla concorrenza di quello di altri Paesi dove l\u2019estrazione \u00e8 pi\u00f9 agevole.<\/p>\n<p style=\"text-align: justify;\">Cosi, si chiese agli arabi di fare la parte del &#8220;cattivi&#8221;, con un raddoppio del prezzi che mise in ginocchio l\u2019industria europea ma port\u00f2 grandi vantaggi all\u2019economia anglosassone. Ma s\u00ec: anche qui, come ovunque, ci sono luoghi comuni da verificare.<\/p>\n<p style=\"text-align: justify;\"><strong>Il mito di Trotzkij<\/strong><\/p>\n<p style=\"text-align: justify;\">Vediamone allora un altro di questi slogan. Il discredito in cui \u00e8 caduto il comunismo ha indotto molti che vi hanno militato a dire che tutto \u00e8 finito cosi malamente non perch\u00e9 fosse un\u2019utopia disumana, ma perch\u00e9 non lo si \u00e8 realizzato come si sarebbe dovuto. La colpa non fu di Marx e neppure di Lenin, ma di Stalin che prevalse su Trotzkij e fini per farlo assassinare, in Messico, con il metodo gentile di un colpo di piccone nel cervello.<\/p>\n<p style=\"text-align: justify;\">Sembra incredibile, eppure non solo, sparsi per il mondo, vi sono ancora gruppi (simili a s\u00e9tte religiose) di trotzkistij ma anche presso molti intellettuali apparentemente &#8220;normali&#8221; cresce la fama se non la nostalgia di questo Lev Davidovic Trotzkij, di questo ebreo russo che sarebbe stato portatore di una visione del marxismo &#8220;umana&#8221;, in fondo &#8220;democratica&#8221;. Una visione che, se avesse prevalso, avrebbe creato un comunismo che non sarebbe incappato nella fine tragicomica che sappiamo.<\/p>\n<p style=\"text-align: justify;\">In realt\u00e0, in Trotzkij la capacit\u00e0 di odio e la crudelt\u00e0 sembrarono superare tal volta quella stessa del pur luciferino Lenin, uno del grandi enigmi del Male nella storia. Si parla, anche se meno di quanto si dovrebbe, della carestia organizzata da Stalin tra il 1929 e il 1930 per sterminare i kulaki, cio\u00e8 i contadini colpevoli di avere qualche propriet\u00e0.<\/p>\n<p style=\"text-align: justify;\">Per la prima volta la carestia non era subita dall\u2019uomo ma provocata intenzionalmente: sette milioni di morti. Ma quasi mai si dice che almeno altri tre milioni di contadini erano stati uccisi gi\u00e0 nel 1922 perch\u00e9 &#8220;controrivoluzionari&#8221;: di questo immane massacro l\u2019organizzatore fu proprio Trotzkij. Gi\u00e0 prima aveva agito nella terribile strage di Kronstadt di cui sembra vietato parlare perch\u00e9 \u00e8 tra i fatti non solo pi\u00f9 sanguinosi ma anche pi\u00f9 imbarazzanti ideologicamente.<\/p>\n<p style=\"text-align: justify;\">In effetti, proprio i marinai di quella grande base navale accanto a Pietroburgo erano stati tra i pi\u00f9 attivi nella rivoluzione, tanto che veniva da loro quell\u2019incrociatore <em>Aurora<\/em> entrato nei mito perch\u00e9 con le sue artiglierie accompagn\u00f4 l\u2019assalto al Palazzo d\u2019Inverno.<\/p>\n<p style=\"text-align: justify;\">Quattro anni dopo la presa del potere, nel 1921, quei marinai dissero a Lenin la loro delusione per la fame che infieriva in tutta l\u2019Unione, per la libert\u00e0 di parola soppressa, per l\u2019incarcerazione di migliaia di persone tra le quali molti militanti comunisti, per il divieto di possedere alcunch\u00e9. Non rinnegavano, dunque, il comunismo ma lo chiedevano &#8220;diverso&#8221;, pi\u00f9 vicino al loro ideale. Ebbene, fu proprio Trotzkij &#8211; l\u2019umanista, quello che avrebbe ingentilito il marxismo, se avesse prevalso &#8211; fu proprio lui a passare all\u2019azione contro questi &#8220;riformisti&#8221;, accusati di tradimento.<\/p>\n<p style=\"text-align: justify;\">La base navale fu presa d\u2019assalto dalla Armata Rossa che egli stesso aveva creato: i marinai che non furono uccisi nei combattimenti furono fucilati subito dopo. Un totale di 14.000 morti. Non bast\u00f2, perch\u00e9 si pass\u00f2 ad eliminare anche le loro famiglie, &#8220;per estirpare il male alla radice&#8221;. Questo, dunque, colui che avrebbe dovuto donarci un marxismo &#8220;dal volto umano&#8221;.<\/p>\n","protected":false},"excerpt":{"rendered":"<p>Pubblicato su Il Timone n. 35, del luglio\/agosto 2004 di Vittorio Messori Pensare per slogan, uniformarsi agli schemi, prendere per buona la vulgata storica corrente: ecco do da cui dovrebbe stare lontano un cristiano. Ed \u00e8 proprio per cercare di mettere in guardia da ci\u00f2, che molti scrivono in questo giornale. Per fare un esempio &hellip; <\/p>\n<p><a class=\"more-link btn\" href=\"https:\/\/www.rassegnastampa-totustuus.it\/cattolica\/capitalismo-e-comunismo\/\">Continua a leggere<\/a><\/p>\n","protected":false},"author":6,"featured_media":28527,"comment_status":"closed","ping_status":"open","sticky":false,"template":"","format":"standard","meta":{"footnotes":""},"categories":[32,13,27],"tags":[178,139],"class_list":["post-1139","post","type-post","status-publish","format-standard","has-post-thumbnail","hentry","category-filosofia-del-comunismo","category-economia","category-socialismo-e-comunismo","tag-capitalismo","tag-comunismo","item-wrap"],"yoast_head":"<!-- This site is optimized with the Yoast SEO plugin v27.4 - https:\/\/yoast.com\/product\/yoast-seo-wordpress\/ -->\n<title>Capitalismo e comunismo - Rassegna Stampa Cattolica<\/title>\n<meta name=\"description\" content=\"Rassegna Stampa Cattolica - Per una cultura che nasce dalla Rivelazione cristiana in conformit\u00e0 alla tradizione e al Magistero della Chiesa in opposizione ad ogni relativismo e totalitarismo\" \/>\n<meta name=\"robots\" content=\"index, follow, max-snippet:-1, max-image-preview:large, max-video-preview:-1\" \/>\n<link rel=\"canonical\" href=\"https:\/\/www.rassegnastampa-totustuus.it\/cattolica\/capitalismo-e-comunismo\/\" \/>\n<meta property=\"og:locale\" content=\"it_IT\" \/>\n<meta property=\"og:type\" content=\"article\" \/>\n<meta property=\"og:title\" content=\"Capitalismo e comunismo - Rassegna Stampa Cattolica\" \/>\n<meta property=\"og:description\" content=\"Rassegna Stampa Cattolica - Per una cultura che nasce dalla Rivelazione cristiana in conformit\u00e0 alla tradizione e al Magistero della Chiesa in opposizione ad ogni relativismo e totalitarismo\" \/>\n<meta property=\"og:url\" content=\"https:\/\/www.rassegnastampa-totustuus.it\/cattolica\/capitalismo-e-comunismo\/\" \/>\n<meta property=\"og:site_name\" content=\"Rassegna Stampa Cattolica\" \/>\n<meta property=\"article:publisher\" content=\"https:\/\/www.facebook.com\/rassegnastampacattolica\" \/>\n<meta property=\"article:published_time\" content=\"2005-07-29T22:00:00+00:00\" \/>\n<meta property=\"article:modified_time\" content=\"2015-12-02T15:30:41+00:00\" \/>\n<meta property=\"og:image\" content=\"https:\/\/www.rassegnastampa-totustuus.it\/cattolica\/wp-content\/uploads\/2005\/07\/dollari_rubli.jpg\" \/>\n\t<meta property=\"og:image:width\" content=\"262\" \/>\n\t<meta property=\"og:image:height\" content=\"193\" \/>\n\t<meta property=\"og:image:type\" content=\"image\/jpeg\" \/>\n<meta name=\"author\" content=\"Redazione\" \/>\n<meta name=\"twitter:card\" content=\"summary_large_image\" \/>\n<meta name=\"twitter:creator\" content=\"@rassegnastampa9\" \/>\n<meta name=\"twitter:site\" content=\"@rassegnastampa9\" \/>\n<meta name=\"twitter:label1\" content=\"Scritto da\" \/>\n\t<meta name=\"twitter:data1\" content=\"Redazione\" \/>\n\t<meta name=\"twitter:label2\" content=\"Tempo di lettura stimato\" \/>\n\t<meta name=\"twitter:data2\" content=\"10 minuti\" \/>\n<script type=\"application\/ld+json\" class=\"yoast-schema-graph\">{\"@context\":\"https:\\\/\\\/schema.org\",\"@graph\":[{\"@type\":\"Article\",\"@id\":\"https:\\\/\\\/www.rassegnastampa-totustuus.it\\\/cattolica\\\/capitalismo-e-comunismo\\\/#article\",\"isPartOf\":{\"@id\":\"https:\\\/\\\/www.rassegnastampa-totustuus.it\\\/cattolica\\\/capitalismo-e-comunismo\\\/\"},\"author\":{\"name\":\"Redazione\",\"@id\":\"https:\\\/\\\/www.rassegnastampa-totustuus.it\\\/cattolica\\\/#\\\/schema\\\/person\\\/08f319d2bd1a0904ad9e2bfb7b15e5c3\"},\"headline\":\"Capitalismo e comunismo\",\"datePublished\":\"2005-07-29T22:00:00+00:00\",\"dateModified\":\"2015-12-02T15:30:41+00:00\",\"mainEntityOfPage\":{\"@id\":\"https:\\\/\\\/www.rassegnastampa-totustuus.it\\\/cattolica\\\/capitalismo-e-comunismo\\\/\"},\"wordCount\":2089,\"publisher\":{\"@id\":\"https:\\\/\\\/www.rassegnastampa-totustuus.it\\\/cattolica\\\/#organization\"},\"image\":{\"@id\":\"https:\\\/\\\/www.rassegnastampa-totustuus.it\\\/cattolica\\\/capitalismo-e-comunismo\\\/#primaryimage\"},\"thumbnailUrl\":\"https:\\\/\\\/www.rassegnastampa-totustuus.it\\\/cattolica\\\/wp-content\\\/uploads\\\/2005\\\/07\\\/dollari_rubli.jpg\",\"keywords\":[\"capitalismo\",\"comunismo\"],\"articleSection\":[\"Comunismo\",\"Economia\",\"Socialcomunismo\"],\"inLanguage\":\"it-IT\"},{\"@type\":\"WebPage\",\"@id\":\"https:\\\/\\\/www.rassegnastampa-totustuus.it\\\/cattolica\\\/capitalismo-e-comunismo\\\/\",\"url\":\"https:\\\/\\\/www.rassegnastampa-totustuus.it\\\/cattolica\\\/capitalismo-e-comunismo\\\/\",\"name\":\"Capitalismo e comunismo - Rassegna Stampa Cattolica\",\"isPartOf\":{\"@id\":\"https:\\\/\\\/www.rassegnastampa-totustuus.it\\\/cattolica\\\/#website\"},\"primaryImageOfPage\":{\"@id\":\"https:\\\/\\\/www.rassegnastampa-totustuus.it\\\/cattolica\\\/capitalismo-e-comunismo\\\/#primaryimage\"},\"image\":{\"@id\":\"https:\\\/\\\/www.rassegnastampa-totustuus.it\\\/cattolica\\\/capitalismo-e-comunismo\\\/#primaryimage\"},\"thumbnailUrl\":\"https:\\\/\\\/www.rassegnastampa-totustuus.it\\\/cattolica\\\/wp-content\\\/uploads\\\/2005\\\/07\\\/dollari_rubli.jpg\",\"datePublished\":\"2005-07-29T22:00:00+00:00\",\"dateModified\":\"2015-12-02T15:30:41+00:00\",\"description\":\"Rassegna Stampa Cattolica - Per una cultura che nasce dalla Rivelazione cristiana in conformit\u00e0 alla tradizione e al Magistero della Chiesa in opposizione ad ogni relativismo e totalitarismo\",\"breadcrumb\":{\"@id\":\"https:\\\/\\\/www.rassegnastampa-totustuus.it\\\/cattolica\\\/capitalismo-e-comunismo\\\/#breadcrumb\"},\"inLanguage\":\"it-IT\",\"potentialAction\":[{\"@type\":\"ReadAction\",\"target\":[\"https:\\\/\\\/www.rassegnastampa-totustuus.it\\\/cattolica\\\/capitalismo-e-comunismo\\\/\"]}]},{\"@type\":\"ImageObject\",\"inLanguage\":\"it-IT\",\"@id\":\"https:\\\/\\\/www.rassegnastampa-totustuus.it\\\/cattolica\\\/capitalismo-e-comunismo\\\/#primaryimage\",\"url\":\"https:\\\/\\\/www.rassegnastampa-totustuus.it\\\/cattolica\\\/wp-content\\\/uploads\\\/2005\\\/07\\\/dollari_rubli.jpg\",\"contentUrl\":\"https:\\\/\\\/www.rassegnastampa-totustuus.it\\\/cattolica\\\/wp-content\\\/uploads\\\/2005\\\/07\\\/dollari_rubli.jpg\",\"width\":262,\"height\":193},{\"@type\":\"BreadcrumbList\",\"@id\":\"https:\\\/\\\/www.rassegnastampa-totustuus.it\\\/cattolica\\\/capitalismo-e-comunismo\\\/#breadcrumb\",\"itemListElement\":[{\"@type\":\"ListItem\",\"position\":1,\"name\":\"Home\",\"item\":\"https:\\\/\\\/www.rassegnastampa-totustuus.it\\\/cattolica\\\/\"},{\"@type\":\"ListItem\",\"position\":2,\"name\":\"Capitalismo e comunismo\"}]},{\"@type\":\"WebSite\",\"@id\":\"https:\\\/\\\/www.rassegnastampa-totustuus.it\\\/cattolica\\\/#website\",\"url\":\"https:\\\/\\\/www.rassegnastampa-totustuus.it\\\/cattolica\\\/\",\"name\":\"Rassegna Stampa Cattolica\",\"description\":\"Per una cultura che nasce dalla Rivelazione cristiana in conformit\u00e0 alla tradizione e al Magistero della Chiesa in opposizione ad ogni relativismo e totalitarismo\",\"publisher\":{\"@id\":\"https:\\\/\\\/www.rassegnastampa-totustuus.it\\\/cattolica\\\/#organization\"},\"alternateName\":\"Rass. Cattolica\",\"potentialAction\":[{\"@type\":\"SearchAction\",\"target\":{\"@type\":\"EntryPoint\",\"urlTemplate\":\"https:\\\/\\\/www.rassegnastampa-totustuus.it\\\/cattolica\\\/?s={search_term_string}\"},\"query-input\":{\"@type\":\"PropertyValueSpecification\",\"valueRequired\":true,\"valueName\":\"search_term_string\"}}],\"inLanguage\":\"it-IT\"},{\"@type\":\"Organization\",\"@id\":\"https:\\\/\\\/www.rassegnastampa-totustuus.it\\\/cattolica\\\/#organization\",\"name\":\"Rassegna Stampa Cattolica\",\"url\":\"https:\\\/\\\/www.rassegnastampa-totustuus.it\\\/cattolica\\\/\",\"logo\":{\"@type\":\"ImageObject\",\"inLanguage\":\"it-IT\",\"@id\":\"https:\\\/\\\/www.rassegnastampa-totustuus.it\\\/cattolica\\\/#\\\/schema\\\/logo\\\/image\\\/\",\"url\":\"https:\\\/\\\/www.rassegnastampa-totustuus.it\\\/cattolica\\\/wp-content\\\/uploads\\\/2014\\\/04\\\/logo-rassegna1.gif\",\"contentUrl\":\"https:\\\/\\\/www.rassegnastampa-totustuus.it\\\/cattolica\\\/wp-content\\\/uploads\\\/2014\\\/04\\\/logo-rassegna1.gif\",\"width\":600,\"height\":163,\"caption\":\"Rassegna Stampa Cattolica\"},\"image\":{\"@id\":\"https:\\\/\\\/www.rassegnastampa-totustuus.it\\\/cattolica\\\/#\\\/schema\\\/logo\\\/image\\\/\"},\"sameAs\":[\"https:\\\/\\\/www.facebook.com\\\/rassegnastampacattolica\",\"https:\\\/\\\/x.com\\\/rassegnastampa9\"]},{\"@type\":\"Person\",\"@id\":\"https:\\\/\\\/www.rassegnastampa-totustuus.it\\\/cattolica\\\/#\\\/schema\\\/person\\\/08f319d2bd1a0904ad9e2bfb7b15e5c3\",\"name\":\"Redazione\",\"image\":{\"@type\":\"ImageObject\",\"inLanguage\":\"it-IT\",\"@id\":\"https:\\\/\\\/secure.gravatar.com\\\/avatar\\\/2fcdf27c78ea025fbdb44e914cc63c72249ffec9dc8aafd5c82b26240ef3f346?s=96&d=mm&r=g\",\"url\":\"https:\\\/\\\/secure.gravatar.com\\\/avatar\\\/2fcdf27c78ea025fbdb44e914cc63c72249ffec9dc8aafd5c82b26240ef3f346?s=96&d=mm&r=g\",\"contentUrl\":\"https:\\\/\\\/secure.gravatar.com\\\/avatar\\\/2fcdf27c78ea025fbdb44e914cc63c72249ffec9dc8aafd5c82b26240ef3f346?s=96&d=mm&r=g\",\"caption\":\"Redazione\"},\"url\":\"https:\\\/\\\/www.rassegnastampa-totustuus.it\\\/cattolica\\\/author\\\/pietroelle\\\/\"}]}<\/script>\n<!-- \/ Yoast SEO plugin. -->","yoast_head_json":{"title":"Capitalismo e comunismo - Rassegna Stampa Cattolica","description":"Rassegna Stampa Cattolica - Per una cultura che nasce dalla Rivelazione cristiana in conformit\u00e0 alla tradizione e al Magistero della Chiesa in opposizione ad ogni relativismo e totalitarismo","robots":{"index":"index","follow":"follow","max-snippet":"max-snippet:-1","max-image-preview":"max-image-preview:large","max-video-preview":"max-video-preview:-1"},"canonical":"https:\/\/www.rassegnastampa-totustuus.it\/cattolica\/capitalismo-e-comunismo\/","og_locale":"it_IT","og_type":"article","og_title":"Capitalismo e comunismo - Rassegna Stampa Cattolica","og_description":"Rassegna Stampa Cattolica - Per una cultura che nasce dalla Rivelazione cristiana in conformit\u00e0 alla tradizione e al Magistero della Chiesa in opposizione ad ogni relativismo e totalitarismo","og_url":"https:\/\/www.rassegnastampa-totustuus.it\/cattolica\/capitalismo-e-comunismo\/","og_site_name":"Rassegna Stampa Cattolica","article_publisher":"https:\/\/www.facebook.com\/rassegnastampacattolica","article_published_time":"2005-07-29T22:00:00+00:00","article_modified_time":"2015-12-02T15:30:41+00:00","og_image":[{"width":262,"height":193,"url":"https:\/\/www.rassegnastampa-totustuus.it\/cattolica\/wp-content\/uploads\/2005\/07\/dollari_rubli.jpg","type":"image\/jpeg"}],"author":"Redazione","twitter_card":"summary_large_image","twitter_creator":"@rassegnastampa9","twitter_site":"@rassegnastampa9","twitter_misc":{"Scritto da":"Redazione","Tempo di lettura stimato":"10 minuti"},"schema":{"@context":"https:\/\/schema.org","@graph":[{"@type":"Article","@id":"https:\/\/www.rassegnastampa-totustuus.it\/cattolica\/capitalismo-e-comunismo\/#article","isPartOf":{"@id":"https:\/\/www.rassegnastampa-totustuus.it\/cattolica\/capitalismo-e-comunismo\/"},"author":{"name":"Redazione","@id":"https:\/\/www.rassegnastampa-totustuus.it\/cattolica\/#\/schema\/person\/08f319d2bd1a0904ad9e2bfb7b15e5c3"},"headline":"Capitalismo e comunismo","datePublished":"2005-07-29T22:00:00+00:00","dateModified":"2015-12-02T15:30:41+00:00","mainEntityOfPage":{"@id":"https:\/\/www.rassegnastampa-totustuus.it\/cattolica\/capitalismo-e-comunismo\/"},"wordCount":2089,"publisher":{"@id":"https:\/\/www.rassegnastampa-totustuus.it\/cattolica\/#organization"},"image":{"@id":"https:\/\/www.rassegnastampa-totustuus.it\/cattolica\/capitalismo-e-comunismo\/#primaryimage"},"thumbnailUrl":"https:\/\/www.rassegnastampa-totustuus.it\/cattolica\/wp-content\/uploads\/2005\/07\/dollari_rubli.jpg","keywords":["capitalismo","comunismo"],"articleSection":["Comunismo","Economia","Socialcomunismo"],"inLanguage":"it-IT"},{"@type":"WebPage","@id":"https:\/\/www.rassegnastampa-totustuus.it\/cattolica\/capitalismo-e-comunismo\/","url":"https:\/\/www.rassegnastampa-totustuus.it\/cattolica\/capitalismo-e-comunismo\/","name":"Capitalismo e comunismo - Rassegna Stampa Cattolica","isPartOf":{"@id":"https:\/\/www.rassegnastampa-totustuus.it\/cattolica\/#website"},"primaryImageOfPage":{"@id":"https:\/\/www.rassegnastampa-totustuus.it\/cattolica\/capitalismo-e-comunismo\/#primaryimage"},"image":{"@id":"https:\/\/www.rassegnastampa-totustuus.it\/cattolica\/capitalismo-e-comunismo\/#primaryimage"},"thumbnailUrl":"https:\/\/www.rassegnastampa-totustuus.it\/cattolica\/wp-content\/uploads\/2005\/07\/dollari_rubli.jpg","datePublished":"2005-07-29T22:00:00+00:00","dateModified":"2015-12-02T15:30:41+00:00","description":"Rassegna Stampa Cattolica - Per una cultura che nasce dalla Rivelazione cristiana in conformit\u00e0 alla tradizione e al Magistero della Chiesa in opposizione ad ogni relativismo e totalitarismo","breadcrumb":{"@id":"https:\/\/www.rassegnastampa-totustuus.it\/cattolica\/capitalismo-e-comunismo\/#breadcrumb"},"inLanguage":"it-IT","potentialAction":[{"@type":"ReadAction","target":["https:\/\/www.rassegnastampa-totustuus.it\/cattolica\/capitalismo-e-comunismo\/"]}]},{"@type":"ImageObject","inLanguage":"it-IT","@id":"https:\/\/www.rassegnastampa-totustuus.it\/cattolica\/capitalismo-e-comunismo\/#primaryimage","url":"https:\/\/www.rassegnastampa-totustuus.it\/cattolica\/wp-content\/uploads\/2005\/07\/dollari_rubli.jpg","contentUrl":"https:\/\/www.rassegnastampa-totustuus.it\/cattolica\/wp-content\/uploads\/2005\/07\/dollari_rubli.jpg","width":262,"height":193},{"@type":"BreadcrumbList","@id":"https:\/\/www.rassegnastampa-totustuus.it\/cattolica\/capitalismo-e-comunismo\/#breadcrumb","itemListElement":[{"@type":"ListItem","position":1,"name":"Home","item":"https:\/\/www.rassegnastampa-totustuus.it\/cattolica\/"},{"@type":"ListItem","position":2,"name":"Capitalismo e comunismo"}]},{"@type":"WebSite","@id":"https:\/\/www.rassegnastampa-totustuus.it\/cattolica\/#website","url":"https:\/\/www.rassegnastampa-totustuus.it\/cattolica\/","name":"Rassegna Stampa Cattolica","description":"Per una cultura che nasce dalla Rivelazione cristiana in conformit\u00e0 alla tradizione e al Magistero della Chiesa in opposizione ad ogni relativismo e totalitarismo","publisher":{"@id":"https:\/\/www.rassegnastampa-totustuus.it\/cattolica\/#organization"},"alternateName":"Rass. Cattolica","potentialAction":[{"@type":"SearchAction","target":{"@type":"EntryPoint","urlTemplate":"https:\/\/www.rassegnastampa-totustuus.it\/cattolica\/?s={search_term_string}"},"query-input":{"@type":"PropertyValueSpecification","valueRequired":true,"valueName":"search_term_string"}}],"inLanguage":"it-IT"},{"@type":"Organization","@id":"https:\/\/www.rassegnastampa-totustuus.it\/cattolica\/#organization","name":"Rassegna Stampa Cattolica","url":"https:\/\/www.rassegnastampa-totustuus.it\/cattolica\/","logo":{"@type":"ImageObject","inLanguage":"it-IT","@id":"https:\/\/www.rassegnastampa-totustuus.it\/cattolica\/#\/schema\/logo\/image\/","url":"https:\/\/www.rassegnastampa-totustuus.it\/cattolica\/wp-content\/uploads\/2014\/04\/logo-rassegna1.gif","contentUrl":"https:\/\/www.rassegnastampa-totustuus.it\/cattolica\/wp-content\/uploads\/2014\/04\/logo-rassegna1.gif","width":600,"height":163,"caption":"Rassegna Stampa Cattolica"},"image":{"@id":"https:\/\/www.rassegnastampa-totustuus.it\/cattolica\/#\/schema\/logo\/image\/"},"sameAs":["https:\/\/www.facebook.com\/rassegnastampacattolica","https:\/\/x.com\/rassegnastampa9"]},{"@type":"Person","@id":"https:\/\/www.rassegnastampa-totustuus.it\/cattolica\/#\/schema\/person\/08f319d2bd1a0904ad9e2bfb7b15e5c3","name":"Redazione","image":{"@type":"ImageObject","inLanguage":"it-IT","@id":"https:\/\/secure.gravatar.com\/avatar\/2fcdf27c78ea025fbdb44e914cc63c72249ffec9dc8aafd5c82b26240ef3f346?s=96&d=mm&r=g","url":"https:\/\/secure.gravatar.com\/avatar\/2fcdf27c78ea025fbdb44e914cc63c72249ffec9dc8aafd5c82b26240ef3f346?s=96&d=mm&r=g","contentUrl":"https:\/\/secure.gravatar.com\/avatar\/2fcdf27c78ea025fbdb44e914cc63c72249ffec9dc8aafd5c82b26240ef3f346?s=96&d=mm&r=g","caption":"Redazione"},"url":"https:\/\/www.rassegnastampa-totustuus.it\/cattolica\/author\/pietroelle\/"}]}},"_links":{"self":[{"href":"https:\/\/www.rassegnastampa-totustuus.it\/cattolica\/wp-json\/wp\/v2\/posts\/1139","targetHints":{"allow":["GET"]}}],"collection":[{"href":"https:\/\/www.rassegnastampa-totustuus.it\/cattolica\/wp-json\/wp\/v2\/posts"}],"about":[{"href":"https:\/\/www.rassegnastampa-totustuus.it\/cattolica\/wp-json\/wp\/v2\/types\/post"}],"author":[{"embeddable":true,"href":"https:\/\/www.rassegnastampa-totustuus.it\/cattolica\/wp-json\/wp\/v2\/users\/6"}],"replies":[{"embeddable":true,"href":"https:\/\/www.rassegnastampa-totustuus.it\/cattolica\/wp-json\/wp\/v2\/comments?post=1139"}],"version-history":[{"count":4,"href":"https:\/\/www.rassegnastampa-totustuus.it\/cattolica\/wp-json\/wp\/v2\/posts\/1139\/revisions"}],"predecessor-version":[{"id":28529,"href":"https:\/\/www.rassegnastampa-totustuus.it\/cattolica\/wp-json\/wp\/v2\/posts\/1139\/revisions\/28529"}],"wp:featuredmedia":[{"embeddable":true,"href":"https:\/\/www.rassegnastampa-totustuus.it\/cattolica\/wp-json\/wp\/v2\/media\/28527"}],"wp:attachment":[{"href":"https:\/\/www.rassegnastampa-totustuus.it\/cattolica\/wp-json\/wp\/v2\/media?parent=1139"}],"wp:term":[{"taxonomy":"category","embeddable":true,"href":"https:\/\/www.rassegnastampa-totustuus.it\/cattolica\/wp-json\/wp\/v2\/categories?post=1139"},{"taxonomy":"post_tag","embeddable":true,"href":"https:\/\/www.rassegnastampa-totustuus.it\/cattolica\/wp-json\/wp\/v2\/tags?post=1139"}],"curies":[{"name":"wp","href":"https:\/\/api.w.org\/{rel}","templated":true}]}}