{"id":113,"date":"2004-11-12T10:49:02","date_gmt":"2004-11-12T09:49:02","guid":{"rendered":""},"modified":"2025-04-20T20:23:04","modified_gmt":"2025-04-20T18:23:04","slug":"il-composto-ru-486-e-il-mito-della-pillola","status":"publish","type":"post","link":"https:\/\/www.rassegnastampa-totustuus.it\/cattolica\/il-composto-ru-486-e-il-mito-della-pillola\/","title":{"rendered":"Il composto RU 486 e il mito della &#8221;pillola&#8221;"},"content":{"rendered":"\n<p class=\"has-text-align-center\"><strong><a href=\"https:\/\/alleanzacattolica.org\/indici-cristianita\/\" target=\"_blank\" rel=\"noreferrer noopener\">Cristianit\u00e0<\/a><\/strong> n. 169 (1989)<\/p>\n\n\n\n<p class=\"has-text-align-center\"><em>Intervista con il dottor Rudolf Ehmann a cura di Ermanno Pavesi<\/em><\/p>\n\n\n<div class=\"wp-block-image\">\n<figure class=\"aligncenter size-full is-resized\"><a href=\"https:\/\/www.rassegnastampa-totustuus.it\/cattolica\/wp-content\/uploads\/2004\/11\/Rudolf-Ehmann.jpg\"><img loading=\"lazy\" decoding=\"async\" width=\"220\" height=\"146\" src=\"https:\/\/www.rassegnastampa-totustuus.it\/cattolica\/wp-content\/uploads\/2004\/11\/Rudolf-Ehmann.jpg\" alt=\"\" class=\"wp-image-34821\" style=\"width:326px;height:auto\"\/><\/a><figcaption class=\"wp-element-caption\">Rudolf Ehmann<\/figcaption><\/figure><\/div>\n\n\n<!--more-->\n\n\n\n<p>Nel dicembre del 1988 <em>l&#8217;ARGE Art. 1 GG &#8211; Arbeitsgemeinschaft Artikel 1 Grundgesetz<\/em>, il Gruppo di Lavoro Articolo 1 della Costituzione, un&#8217;associazione per la difesa del diritto alla vita nella Repubblica Federale di Germania &#8211; ha reso pubblico un documento sulla contraccezione ormonale, cio\u00e8 sulla cosiddetta &#8220;pillola&#8221;, e sul nuovo composto farmaceutico siglato RU 486. Nel marzo del 1989, in occasione di una riunione del direttivo dell&#8217;Associazione dei Medici Cattolici Svizzeri a Stans, nella Svizzera tedesca, ne tratto con il dottor Rudolf Ehmann, primario del reparto di ginecologia del locale ospedale cantonale, e autore della parte scientifica del documento stesso.<\/p>\n\n\n\n<p>Nato ad Augusta, nella Repubblica Federale di Germania, il 1\u00b0 gennaio 1942, il dottor Rudolf Ehmann ha studiato presso le universit\u00e0 di Monaco di Baviera, di Friburgo e di Berna, e si \u00e8 specializzato in ginecologia presso l&#8217;ospedale cantonale di Olten, sempre nella Svizzera tedesca, quindi presso la clinica ginecologica dell&#8217;Universit\u00e0 di Basilea. Successivamente \u00e8 stato aiuto all&#8217;ospedale cantonale di Sciaffusa e &#8211; come ho gi\u00e0 ricordato &#8211; dal 1\u00b0 gennaio 1984 \u00e8 primario del reparto di ginecologia e di ostetricia nell&#8217;ospedale cantonale di Nidwalden, a Stans. Vicepresidente dell&#8217;Associazione dei Medici Svizzeri per il Rispetto della Vita, egli fa parte della direzione della World Federation of Doctors who Respect Human Life, ed \u00e8 membro del direttivo dell&#8217;Associazione dei Medici Cattolici Svizzeri. Da anni si dedica allo studio dei problemi relativi alla bioetica, alla medicina della riproduzione e alla regolazione delle nascite, soprattutto per quanto riguarda i suoi metodi, i suoi effetti principali e quelli collaterali, con particolare attenzione ai contraccettivi ormonali e ai diaframmi intrauterini o IUD.<\/p>\n\n\n\n<p><strong>D.<\/strong> In quanto redattore della parte scientifica del documento reso pubblico dall&#8217;ARGE Art. 1 GG, la prego di esporre le ragioni di questa presa di posizione.<\/p>\n\n\n\n<p><strong>R.<\/strong> <em>I Laboratori Roussel Uclaf hanno prodotto una nuova sostanza chimica, il RU 486 o mifepristone, capace di bloccare il progesterone, cio\u00e8 l&#8217;ormone della gravidanza. L&#8217;assunzione del RU 486 nelle prime settimane di gravidanza pu\u00f2 provocare l&#8217;aborto in una percentuale elevata di casi. Per accrescerne l&#8217;efficacia viene associato a una prostaglandina, cos\u00ec l&#8217;aborto pu\u00f2 avvenire circa nel 95% dei casi.<\/em><\/p>\n\n\n\n<p><strong>D.<\/strong> L&#8217;interruzione di gravidanza \u00e8 depenalizzata o legale in molti paesi. Le statistiche riportano cifre crescenti di aborti: cosa pu\u00f2 cambiare con l&#8217;immissione sul mercato del RU 486<\/p>\n\n\n\n<p><strong>R.<\/strong><em> L&#8217;interruzione di gravidanza \u00e8 un intervento chirurgico-ginecologico che richiede specifiche conoscenze tecniche e comporta un certo rischio, per cui deve essere praticato da medici e in ambiente sanitario. Inoltre, la legislazione di diversi paesi depenalizza esplicitamente l&#8217;aborto solo in presenza di determinate indicazioni e quando venga praticato da medici autorizzati oppure in strutture mediche riconosciute. Con il RU 486 l&#8217;interruzione di gravidanza viene indotta dalla semplice assunzione di una pillola , rendendone cos\u00ec praticamente impossibile il controllo da parte dell&#8217;autorit\u00e0 competente. Gi\u00e0 oggi il controllo delle interruzioni di gravidanza \u00e8 molto difficile. <\/em><\/p>\n\n\n\n<p><em>Per esempio, i controlli effettuati in certe zone della Repubblica Federale di Germania hanno dimostrato che il numero degli aborti fatturati alle casse mutue era molto superiore a quello degli aborti denunciati alle autorit\u00e0 sanitarie, per cui vi sono stati medici che non hanno ottemperato all&#8217;obbligo di comunicare gli aborti praticati, e questo fatto &#8211; fra l&#8217;altro &#8211; mette in dubbio l&#8217;attendibilit\u00e0 delle statistiche ufficiali. L&#8217;introduzione del RU 486 riduce l&#8217;interruzione di gravidanza all&#8217;assunzione di una pillola e quindi consentirebbe di eludere ancor pi\u00f9 facilmente le disposizioni di legge, vanificandone in ultima analisi ogni regolamentazione legale. <\/em><\/p>\n\n\n\n<p><em>Inoltre, sempre allo scopo di sottrarsi a ogni regolamentazione legale, si pu\u00f2 facilmente prevedere lo sviluppo di un fiorente mercato nero. Un tale sviluppo potrebbe avere conseguenze anche per la salute delle donne che ne fanno uso, in quanto l&#8217;aborto con il RU 486 non \u00e8 privo di rischi: infatti, in un certo numero di casi esso \u00e8 accompagnato da una grave emorragia. Inoltre, nei casi in cui l&#8217;assunzione del RU 486 non provoca l&#8217;aborto, aumenta il rischio di malformazioni nel nascituro.<\/em><\/p>\n\n\n\n<p><strong>D.<\/strong> Nel documento si mette in relazione il RU 486 con la pillola, ma il nesso non \u00e8 assolutamente evidente. Di solito, infatti, la pillola viene presentata come il metodo contraccettivo pi\u00f9 sicuro, quando non come il metodo sicuro per eccellenza. In base a queste informazioni si potrebbe pensare che proprio una diffusione capillare della pillola potrebbe evitare gravidanze indesiderate e quindi rendere superflue le interruzioni di gravidanza, con i metodi consueti oppure con il nuovo RU 486.<\/p>\n\n\n\n<p><strong>R.<\/strong> <em>Effettivamente la pillola viene presentata come il metodo contraccettivo pi\u00f9 sicuro, ma il problema della sicurezza deve essere affrontato in modo articolato. Infatti, gi\u00e0 parlare di sicurezza della pillola \u00e8 impreciso perch\u00e9 non esiste <\/em>la<em> pillola, ma esistono diversi preparati che differiscono per numero e per quantit\u00e0 di ormoni contenuti, e questo influenza in modo determinante il loro potere contraccettivo. Per esempio, il medico olandese P. Wibaut ha calcolato che, con i preparati monofasici con pi\u00f9 di 0,05 mg. di etinilestradiolo, si verifica una percentuale di &#8220;insuccessi&#8221; dello 0,51%, e che questa percentuale sale allo 0,67% con preparati contenenti meno di 0,05 mg. di etinilestradiolo, al 3,7% con alcuni preparati bifasici, e addirittura al 13,7 % con le cosiddette &#8221; minipillole&#8221;.<\/em><\/p>\n\n\n\n<p><strong>D. <\/strong>Come mai vengono prescritti preparati a basso dosaggio ormonale a scapito della sicurezza contraccettiva?<\/p>\n\n\n\n<p><strong>R.<\/strong> <em>L&#8217;alto contenuto di estrogeni della pillola della prima generazione non provocava soltanto un&#8217;inibizione quasi totale dell&#8217;ovulazione, da cui \u00e8 derivato il mito della sicurezza, ma comportava anche gravi effetti collaterali. Nelle pillole dell&#8217;ultima generazione \u00e8 stato abbassato il contenuto di estrogeni, e questo ne ha certamente migliorato la tollerabilit\u00e0, ma ne ha contemporaneamente ridotto l&#8217;efficacia. Si deve anche precisare che la sicurezza non dipende unicamente dal potere contraccettivo. A dosaggi inferiori di estrogeni l&#8217;inibizione dell&#8217;ovulazione non \u00e8 pi\u00f9 totale: gi\u00e0 negli anni Sessanta \u00e8 stato dimostrato che si aveva un&#8217;ovulazione nel 7% dei cicli; successivamente diversi autori hanno riportato percentuali notevolmente superiori, e comunque anche ditte farmaceutiche danno per scontato che pure in caso di assunzione regolare della pillola vi \u00e8 un&#8217;ovulazione nel 6% dei casi.<\/em><\/p>\n\n\n\n<p><strong>D.<\/strong> Se, nonostante la pillola, vi sono ovulazioni, vi pu\u00f2 essere il concepimento?<\/p>\n\n\n\n<p><strong>R.<\/strong> <em>Certamente. Premesso che, secondo diversi autori, la pillola modificherebbe anche il muco cervicale, creando una barriera naturale alla penetrazione degli spermatozoi &#8211; e pure in questo caso si tratterebbe di attivit\u00e0 contraccettiva &#8211; ,vi sono altri fattori che impediscono all&#8217;uovo eventualmente fecondato di annidarsi nella mucosa uterina. Il primo fattore \u00e8 quello tubarico: la pillola modificherebbe il transito tubarico dell&#8217;uovo fecondato, che cos\u00ec giungerebbe con troppo ritardo nell&#8217;utero, e non sarebbe pi\u00f9 capace di annidarsi e di svilupparsi. <\/em><\/p>\n\n\n\n<p><em>L&#8217;altro fattore \u00e8 costituito dalle trasformazioni della mucosa uterina, sempre dovute alla pillola, che la renderebbero poco atta all&#8217;impianto dell&#8217;uovo fecondato. Nei casi in cui l&#8217;azione della pillola si esplica con questi due ultimi fattori, non la si pu\u00f2 pi\u00f9 considerare soltanto come un contraccettivo in quanto agisce provocando un aborto precoce. Proprio questa propriet\u00e0 abortiva precoce pu\u00f2 spiegare come mai il numero delle gravidanze indesiderate sia inferiore a quello che ci si dovrebbe attendere tenendo conto dell&#8217;incompleta inibizione dell&#8217;ovulazione.Quindi molti autori parlano di molteplici effetti della pillola, e ditte farmaceutiche considerano il fattore tubarico e la modificazione della mucosa uterina come un ulteriore fattore di sicurezza.<\/em><\/p>\n\n\n\n<p><strong>D.<\/strong> Non \u00e8 possibile trovare un dosaggio di ormoni che possa conciliare sicurezza e tollerabilit\u00e0?<\/p>\n\n\n\n<p><strong>R.<\/strong> <em>Il problema \u00e8 molto complesso. La sicurezza di un metodo contraccettivo viene normalmente espressa con il cosiddetto indice di Pearl, cio\u00e8 con il numero di gravidanze indesiderate che si verificano in un anno su cento donne che utilizzano tale metodo. Si deve per\u00f2 distinguere la sicurezza del metodo dalla sicurezza d&#8217;uso. La sicurezza del metodo, quella che viene consuetamente pubblicizzata, \u00e8 un valore teorico, ottenibile in condizioni ideali, ma che non tiene conto di tutta una serie di fattori e di errori, tanto frequenti da non poter essere considerati come eccezioni: per esempio, una ditta farmaceutica sostiene che tali errori &#8211; e quindi le gravidanze indesiderate &#8211; sono pi\u00f9 frequenti fra le donne appartenenti a ceti inferiori, per cui gi\u00e0 il ceto sociale pu\u00f2 influenzare l&#8217;efficacia della contraccezione ormonale. <\/em><\/p>\n\n\n\n<p><em>Si deve poi tener conto del fatto che la concentrazione nel sangue di un preparato dipende non soltanto dalla dose, ma anche dalla regolarit\u00e0 dell&#8217;assunzione, dall&#8217;assorbimento pi\u00f9 o meno completo, dalla velocit\u00e0 di metabolizzazione e di eliminazione. Tutti questi fattori presentano gi\u00e0 una variabilit\u00e0 individuale e possono essere ulteriormente influenzati da numerose circostanze: disturbi gastrointestinali possono diminuire l&#8217;assorbimento; lo stesso vale se si usano lassativi. <\/em><\/p>\n\n\n\n<p><em>Inoltre, numerosi medicinali &#8211; come antibiotici e barbiturici &#8211; aumentano la metabolizzazione degli estrogeni , ma anche un abuso di alcool, di caff\u00e8 oppure di nicotina diminuisce l&#8217;efficacia contraccettiva. Nelle pillole della nuova generazione il dosaggio degli estrogeni \u00e8 talmente basso, il margine di sicurezza cos\u00ec esiguo che oscillazioni anche relativamente modeste della concentrazione del preparato possono comprometterne l&#8217;efficacia. Nelle normali condizioni d&#8217;uso la sicurezza della pillola, soprattutto per i preparati a basso dosaggio della nuova generazione, \u00e8 molto inferiore ai valori puramente teorici di consueto forniti dalle ditte produttrici e su cui viene costruito il mito di una contraccezione sicura.<\/em><\/p>\n\n\n\n<p><strong>D.<\/strong> Questo significa che il numero di gravidanze indesiderate \u00e8 superiore a quello che ci si dovrebbe attendere in base all&#8217;indice di Pearl cos\u00ec come \u00e8 indicato dalle ditte farmaceutiche?<\/p>\n\n\n\n<p><strong>R.<\/strong> <em>Esattamente. Il numero di gravidanze indesiderate in donne che fanno uso della pillola \u00e8 in continuo aumento. Ci troviamo di fronte a due interessi inconciliabili: tollerabilit\u00e0 e sicurezza. Per contenere gli effetti collaterali e i danni alla salute entro limiti tollerabili \u00e8 necessario ridurre il dosaggio degli ormoni a scapito della sicurezza, con un crescente numero di gravidanze indesiderate. L&#8217;uso sempre pi\u00f9 diffuso della pillola, con l&#8217;illusione di &#8220;andare sul sicuro&#8221;, alimentata dal mito della sua sicurezza, incoraggia la promiscuit\u00e0 sessuale ed \u00e8 responsabile di un numero crescente di gravidanze indesiderate. Questo fatto minaccia di incrinare il mito della pillola e di mettere in discussione programmi di pianificazione con contraccettivi orali proprio in un periodo in cui si nota un risveglio di interesse per i metodi naturali e una maggiore sensibilit\u00e0 nei confronti dell&#8217;aborto. Il RU 486 si inscrive nella logica della pillola: una gravidanza indesiderata \u00e8 un incidente, se la pillola fallisce si rimedia in qualche modo e una nuova pillola salva il mito della pillola.<\/em><\/p>\n\n\n\n<p><strong>D.<\/strong> Un&#8217;ultima domanda: in molti paesi la strategia di prevenzione dell&#8217;AIDS punta esclusivamente sulla diffusione di profilattici. Cosa ne pensa?<\/p>\n\n\n\n<p><strong>R.<\/strong> <em>Prescindendo dagli aspetti morali della questione, mi sembra che anche in questo caso si cerchi di creare il mito della sicurezza. Ed \u00e8 tanto pi\u00f9 sorprendente se si tiene conto del fatto che, quando i profilattici vengono messi a confronto con altri contraccettivi, vengono considerati un metodo non molto sicuro, con un indice di Pearl relativamente alto. Non \u00e8 chiaro perch\u00e9 almeno una parte dei fattori che limitano l&#8217;effetto contraccettivo dei profilattici non ne comprometta la protezione contro il <\/em>virus<em> dell&#8217;AIDS.<\/em><\/p>\n\n\n\n<p>__________________________________________________________________________<\/p>\n\n\n\n<p><strong>Leggi anche:<\/strong><\/p>\n\n\n\n<p><a href=\"https:\/\/www.rassegnastampa-totustuus.it\/cattolica\/ru-486-a-processo-gli-usa-scoprono-la-verit\/\" target=\"_blank\" rel=\"noreferrer noopener\">Ru 486 a processo: gli Usa scoprono la verit\u00e0<\/a><\/p>\n\n\n\n<p><a href=\"https:\/\/www.rassegnastampa-totustuus.it\/cattolica\/ru-486-i-dubbi-clinici-oscurati-dai-paraocchi-ideologici\/\" target=\"_blank\" rel=\"noreferrer noopener\">RU 486, i dubbi clinici oscurati dai paraocchi ideologici<\/a><\/p>\n","protected":false},"excerpt":{"rendered":"<p>Cristianit\u00e0 n. 169 (1989) Intervista con il dottor Rudolf Ehmann a cura di Ermanno Pavesi<\/p><p><a class=\"more-link btn\" href=\"https:\/\/www.rassegnastampa-totustuus.it\/cattolica\/il-composto-ru-486-e-il-mito-della-pillola\/\">Continua a leggere<\/a><\/p>\n","protected":false},"author":6,"featured_media":34821,"comment_status":"closed","ping_status":"open","sticky":false,"template":"","format":"standard","meta":{"footnotes":""},"categories":[2],"tags":[2386,529],"class_list":["post-113","post","type-post","status-publish","format-standard","has-post-thumbnail","hentry","category-aborto","tag-aborto","tag-pillola-giorno-dopo","item-wrap"],"yoast_head":"<!-- This site is optimized with the Yoast SEO plugin v27.4 - https:\/\/yoast.com\/product\/yoast-seo-wordpress\/ -->\n<title>Il composto RU 486 e il mito della &#039;&#039;pillola&#039;&#039; - Rassegna Stampa Cattolica<\/title>\n<meta name=\"description\" content=\"Il composto RU 486 e il mito della &#039;&#039;pillola&#039;&#039;. Intervista con il dottor Rudolf Ehmann primario di ginecologia\" \/>\n<meta name=\"robots\" content=\"index, follow, max-snippet:-1, max-image-preview:large, max-video-preview:-1\" \/>\n<link rel=\"canonical\" href=\"https:\/\/www.rassegnastampa-totustuus.it\/cattolica\/il-composto-ru-486-e-il-mito-della-pillola\/\" \/>\n<meta property=\"og:locale\" content=\"it_IT\" \/>\n<meta property=\"og:type\" content=\"article\" \/>\n<meta property=\"og:title\" content=\"Il composto RU 486 e il mito della &#039;&#039;pillola&#039;&#039; - Rassegna Stampa Cattolica\" \/>\n<meta property=\"og:description\" content=\"Il composto RU 486 e il mito della &#039;&#039;pillola&#039;&#039;. Intervista con il dottor Rudolf Ehmann primario di ginecologia\" \/>\n<meta property=\"og:url\" content=\"https:\/\/www.rassegnastampa-totustuus.it\/cattolica\/il-composto-ru-486-e-il-mito-della-pillola\/\" \/>\n<meta property=\"og:site_name\" content=\"Rassegna Stampa Cattolica\" \/>\n<meta property=\"article:publisher\" content=\"https:\/\/www.facebook.com\/rassegnastampacattolica\" \/>\n<meta property=\"article:published_time\" content=\"2004-11-12T09:49:02+00:00\" \/>\n<meta property=\"article:modified_time\" content=\"2025-04-20T18:23:04+00:00\" \/>\n<meta property=\"og:image\" content=\"https:\/\/www.rassegnastampa-totustuus.it\/cattolica\/wp-content\/uploads\/2004\/11\/Rudolf-Ehmann.jpg\" \/>\n\t<meta property=\"og:image:width\" content=\"220\" \/>\n\t<meta property=\"og:image:height\" content=\"146\" \/>\n\t<meta property=\"og:image:type\" content=\"image\/jpeg\" \/>\n<meta name=\"author\" content=\"Redazione\" \/>\n<meta name=\"twitter:card\" content=\"summary_large_image\" \/>\n<meta name=\"twitter:creator\" content=\"@rassegnastampa9\" \/>\n<meta name=\"twitter:site\" content=\"@rassegnastampa9\" \/>\n<meta name=\"twitter:label1\" content=\"Scritto da\" \/>\n\t<meta name=\"twitter:data1\" content=\"Redazione\" \/>\n\t<meta name=\"twitter:label2\" content=\"Tempo di lettura stimato\" \/>\n\t<meta name=\"twitter:data2\" content=\"11 minuti\" \/>\n<script type=\"application\/ld+json\" class=\"yoast-schema-graph\">{\"@context\":\"https:\\\/\\\/schema.org\",\"@graph\":[{\"@type\":\"Article\",\"@id\":\"https:\\\/\\\/www.rassegnastampa-totustuus.it\\\/cattolica\\\/il-composto-ru-486-e-il-mito-della-pillola\\\/#article\",\"isPartOf\":{\"@id\":\"https:\\\/\\\/www.rassegnastampa-totustuus.it\\\/cattolica\\\/il-composto-ru-486-e-il-mito-della-pillola\\\/\"},\"author\":{\"name\":\"Redazione\",\"@id\":\"https:\\\/\\\/www.rassegnastampa-totustuus.it\\\/cattolica\\\/#\\\/schema\\\/person\\\/08f319d2bd1a0904ad9e2bfb7b15e5c3\"},\"headline\":\"Il composto RU 486 e il mito della &#8221;pillola&#8221;\",\"datePublished\":\"2004-11-12T09:49:02+00:00\",\"dateModified\":\"2025-04-20T18:23:04+00:00\",\"mainEntityOfPage\":{\"@id\":\"https:\\\/\\\/www.rassegnastampa-totustuus.it\\\/cattolica\\\/il-composto-ru-486-e-il-mito-della-pillola\\\/\"},\"wordCount\":1845,\"publisher\":{\"@id\":\"https:\\\/\\\/www.rassegnastampa-totustuus.it\\\/cattolica\\\/#organization\"},\"image\":{\"@id\":\"https:\\\/\\\/www.rassegnastampa-totustuus.it\\\/cattolica\\\/il-composto-ru-486-e-il-mito-della-pillola\\\/#primaryimage\"},\"thumbnailUrl\":\"https:\\\/\\\/www.rassegnastampa-totustuus.it\\\/cattolica\\\/wp-content\\\/uploads\\\/2004\\\/11\\\/Rudolf-Ehmann.jpg\",\"keywords\":[\"Aborto\",\"pillola giorno dopo\"],\"articleSection\":[\"Aborto\"],\"inLanguage\":\"it-IT\"},{\"@type\":\"WebPage\",\"@id\":\"https:\\\/\\\/www.rassegnastampa-totustuus.it\\\/cattolica\\\/il-composto-ru-486-e-il-mito-della-pillola\\\/\",\"url\":\"https:\\\/\\\/www.rassegnastampa-totustuus.it\\\/cattolica\\\/il-composto-ru-486-e-il-mito-della-pillola\\\/\",\"name\":\"Il composto RU 486 e il mito della ''pillola'' - Rassegna Stampa Cattolica\",\"isPartOf\":{\"@id\":\"https:\\\/\\\/www.rassegnastampa-totustuus.it\\\/cattolica\\\/#website\"},\"primaryImageOfPage\":{\"@id\":\"https:\\\/\\\/www.rassegnastampa-totustuus.it\\\/cattolica\\\/il-composto-ru-486-e-il-mito-della-pillola\\\/#primaryimage\"},\"image\":{\"@id\":\"https:\\\/\\\/www.rassegnastampa-totustuus.it\\\/cattolica\\\/il-composto-ru-486-e-il-mito-della-pillola\\\/#primaryimage\"},\"thumbnailUrl\":\"https:\\\/\\\/www.rassegnastampa-totustuus.it\\\/cattolica\\\/wp-content\\\/uploads\\\/2004\\\/11\\\/Rudolf-Ehmann.jpg\",\"datePublished\":\"2004-11-12T09:49:02+00:00\",\"dateModified\":\"2025-04-20T18:23:04+00:00\",\"description\":\"Il composto RU 486 e il mito della ''pillola''. Intervista con il dottor Rudolf Ehmann primario di ginecologia\",\"breadcrumb\":{\"@id\":\"https:\\\/\\\/www.rassegnastampa-totustuus.it\\\/cattolica\\\/il-composto-ru-486-e-il-mito-della-pillola\\\/#breadcrumb\"},\"inLanguage\":\"it-IT\",\"potentialAction\":[{\"@type\":\"ReadAction\",\"target\":[\"https:\\\/\\\/www.rassegnastampa-totustuus.it\\\/cattolica\\\/il-composto-ru-486-e-il-mito-della-pillola\\\/\"]}]},{\"@type\":\"ImageObject\",\"inLanguage\":\"it-IT\",\"@id\":\"https:\\\/\\\/www.rassegnastampa-totustuus.it\\\/cattolica\\\/il-composto-ru-486-e-il-mito-della-pillola\\\/#primaryimage\",\"url\":\"https:\\\/\\\/www.rassegnastampa-totustuus.it\\\/cattolica\\\/wp-content\\\/uploads\\\/2004\\\/11\\\/Rudolf-Ehmann.jpg\",\"contentUrl\":\"https:\\\/\\\/www.rassegnastampa-totustuus.it\\\/cattolica\\\/wp-content\\\/uploads\\\/2004\\\/11\\\/Rudolf-Ehmann.jpg\",\"width\":220,\"height\":146},{\"@type\":\"BreadcrumbList\",\"@id\":\"https:\\\/\\\/www.rassegnastampa-totustuus.it\\\/cattolica\\\/il-composto-ru-486-e-il-mito-della-pillola\\\/#breadcrumb\",\"itemListElement\":[{\"@type\":\"ListItem\",\"position\":1,\"name\":\"Home\",\"item\":\"https:\\\/\\\/www.rassegnastampa-totustuus.it\\\/cattolica\\\/\"},{\"@type\":\"ListItem\",\"position\":2,\"name\":\"Il composto RU 486 e il mito della &#8221;pillola&#8221;\"}]},{\"@type\":\"WebSite\",\"@id\":\"https:\\\/\\\/www.rassegnastampa-totustuus.it\\\/cattolica\\\/#website\",\"url\":\"https:\\\/\\\/www.rassegnastampa-totustuus.it\\\/cattolica\\\/\",\"name\":\"Rassegna Stampa Cattolica\",\"description\":\"Per una cultura che nasce dalla Rivelazione cristiana in conformit\u00e0 alla tradizione e al Magistero della Chiesa in opposizione ad ogni relativismo e totalitarismo\",\"publisher\":{\"@id\":\"https:\\\/\\\/www.rassegnastampa-totustuus.it\\\/cattolica\\\/#organization\"},\"alternateName\":\"Rass. Cattolica\",\"potentialAction\":[{\"@type\":\"SearchAction\",\"target\":{\"@type\":\"EntryPoint\",\"urlTemplate\":\"https:\\\/\\\/www.rassegnastampa-totustuus.it\\\/cattolica\\\/?s={search_term_string}\"},\"query-input\":{\"@type\":\"PropertyValueSpecification\",\"valueRequired\":true,\"valueName\":\"search_term_string\"}}],\"inLanguage\":\"it-IT\"},{\"@type\":\"Organization\",\"@id\":\"https:\\\/\\\/www.rassegnastampa-totustuus.it\\\/cattolica\\\/#organization\",\"name\":\"Rassegna Stampa Cattolica\",\"url\":\"https:\\\/\\\/www.rassegnastampa-totustuus.it\\\/cattolica\\\/\",\"logo\":{\"@type\":\"ImageObject\",\"inLanguage\":\"it-IT\",\"@id\":\"https:\\\/\\\/www.rassegnastampa-totustuus.it\\\/cattolica\\\/#\\\/schema\\\/logo\\\/image\\\/\",\"url\":\"https:\\\/\\\/www.rassegnastampa-totustuus.it\\\/cattolica\\\/wp-content\\\/uploads\\\/2014\\\/04\\\/logo-rassegna1.gif\",\"contentUrl\":\"https:\\\/\\\/www.rassegnastampa-totustuus.it\\\/cattolica\\\/wp-content\\\/uploads\\\/2014\\\/04\\\/logo-rassegna1.gif\",\"width\":600,\"height\":163,\"caption\":\"Rassegna Stampa Cattolica\"},\"image\":{\"@id\":\"https:\\\/\\\/www.rassegnastampa-totustuus.it\\\/cattolica\\\/#\\\/schema\\\/logo\\\/image\\\/\"},\"sameAs\":[\"https:\\\/\\\/www.facebook.com\\\/rassegnastampacattolica\",\"https:\\\/\\\/x.com\\\/rassegnastampa9\"]},{\"@type\":\"Person\",\"@id\":\"https:\\\/\\\/www.rassegnastampa-totustuus.it\\\/cattolica\\\/#\\\/schema\\\/person\\\/08f319d2bd1a0904ad9e2bfb7b15e5c3\",\"name\":\"Redazione\",\"image\":{\"@type\":\"ImageObject\",\"inLanguage\":\"it-IT\",\"@id\":\"https:\\\/\\\/secure.gravatar.com\\\/avatar\\\/2fcdf27c78ea025fbdb44e914cc63c72249ffec9dc8aafd5c82b26240ef3f346?s=96&d=mm&r=g\",\"url\":\"https:\\\/\\\/secure.gravatar.com\\\/avatar\\\/2fcdf27c78ea025fbdb44e914cc63c72249ffec9dc8aafd5c82b26240ef3f346?s=96&d=mm&r=g\",\"contentUrl\":\"https:\\\/\\\/secure.gravatar.com\\\/avatar\\\/2fcdf27c78ea025fbdb44e914cc63c72249ffec9dc8aafd5c82b26240ef3f346?s=96&d=mm&r=g\",\"caption\":\"Redazione\"},\"url\":\"https:\\\/\\\/www.rassegnastampa-totustuus.it\\\/cattolica\\\/author\\\/pietroelle\\\/\"}]}<\/script>\n<!-- \/ Yoast SEO plugin. -->","yoast_head_json":{"title":"Il composto RU 486 e il mito della ''pillola'' - Rassegna Stampa Cattolica","description":"Il composto RU 486 e il mito della ''pillola''. Intervista con il dottor Rudolf Ehmann primario di ginecologia","robots":{"index":"index","follow":"follow","max-snippet":"max-snippet:-1","max-image-preview":"max-image-preview:large","max-video-preview":"max-video-preview:-1"},"canonical":"https:\/\/www.rassegnastampa-totustuus.it\/cattolica\/il-composto-ru-486-e-il-mito-della-pillola\/","og_locale":"it_IT","og_type":"article","og_title":"Il composto RU 486 e il mito della ''pillola'' - Rassegna Stampa Cattolica","og_description":"Il composto RU 486 e il mito della ''pillola''. Intervista con il dottor Rudolf Ehmann primario di ginecologia","og_url":"https:\/\/www.rassegnastampa-totustuus.it\/cattolica\/il-composto-ru-486-e-il-mito-della-pillola\/","og_site_name":"Rassegna Stampa Cattolica","article_publisher":"https:\/\/www.facebook.com\/rassegnastampacattolica","article_published_time":"2004-11-12T09:49:02+00:00","article_modified_time":"2025-04-20T18:23:04+00:00","og_image":[{"width":220,"height":146,"url":"https:\/\/www.rassegnastampa-totustuus.it\/cattolica\/wp-content\/uploads\/2004\/11\/Rudolf-Ehmann.jpg","type":"image\/jpeg"}],"author":"Redazione","twitter_card":"summary_large_image","twitter_creator":"@rassegnastampa9","twitter_site":"@rassegnastampa9","twitter_misc":{"Scritto da":"Redazione","Tempo di lettura stimato":"11 minuti"},"schema":{"@context":"https:\/\/schema.org","@graph":[{"@type":"Article","@id":"https:\/\/www.rassegnastampa-totustuus.it\/cattolica\/il-composto-ru-486-e-il-mito-della-pillola\/#article","isPartOf":{"@id":"https:\/\/www.rassegnastampa-totustuus.it\/cattolica\/il-composto-ru-486-e-il-mito-della-pillola\/"},"author":{"name":"Redazione","@id":"https:\/\/www.rassegnastampa-totustuus.it\/cattolica\/#\/schema\/person\/08f319d2bd1a0904ad9e2bfb7b15e5c3"},"headline":"Il composto RU 486 e il mito della &#8221;pillola&#8221;","datePublished":"2004-11-12T09:49:02+00:00","dateModified":"2025-04-20T18:23:04+00:00","mainEntityOfPage":{"@id":"https:\/\/www.rassegnastampa-totustuus.it\/cattolica\/il-composto-ru-486-e-il-mito-della-pillola\/"},"wordCount":1845,"publisher":{"@id":"https:\/\/www.rassegnastampa-totustuus.it\/cattolica\/#organization"},"image":{"@id":"https:\/\/www.rassegnastampa-totustuus.it\/cattolica\/il-composto-ru-486-e-il-mito-della-pillola\/#primaryimage"},"thumbnailUrl":"https:\/\/www.rassegnastampa-totustuus.it\/cattolica\/wp-content\/uploads\/2004\/11\/Rudolf-Ehmann.jpg","keywords":["Aborto","pillola giorno dopo"],"articleSection":["Aborto"],"inLanguage":"it-IT"},{"@type":"WebPage","@id":"https:\/\/www.rassegnastampa-totustuus.it\/cattolica\/il-composto-ru-486-e-il-mito-della-pillola\/","url":"https:\/\/www.rassegnastampa-totustuus.it\/cattolica\/il-composto-ru-486-e-il-mito-della-pillola\/","name":"Il composto RU 486 e il mito della ''pillola'' - Rassegna Stampa Cattolica","isPartOf":{"@id":"https:\/\/www.rassegnastampa-totustuus.it\/cattolica\/#website"},"primaryImageOfPage":{"@id":"https:\/\/www.rassegnastampa-totustuus.it\/cattolica\/il-composto-ru-486-e-il-mito-della-pillola\/#primaryimage"},"image":{"@id":"https:\/\/www.rassegnastampa-totustuus.it\/cattolica\/il-composto-ru-486-e-il-mito-della-pillola\/#primaryimage"},"thumbnailUrl":"https:\/\/www.rassegnastampa-totustuus.it\/cattolica\/wp-content\/uploads\/2004\/11\/Rudolf-Ehmann.jpg","datePublished":"2004-11-12T09:49:02+00:00","dateModified":"2025-04-20T18:23:04+00:00","description":"Il composto RU 486 e il mito della ''pillola''. Intervista con il dottor Rudolf Ehmann primario di ginecologia","breadcrumb":{"@id":"https:\/\/www.rassegnastampa-totustuus.it\/cattolica\/il-composto-ru-486-e-il-mito-della-pillola\/#breadcrumb"},"inLanguage":"it-IT","potentialAction":[{"@type":"ReadAction","target":["https:\/\/www.rassegnastampa-totustuus.it\/cattolica\/il-composto-ru-486-e-il-mito-della-pillola\/"]}]},{"@type":"ImageObject","inLanguage":"it-IT","@id":"https:\/\/www.rassegnastampa-totustuus.it\/cattolica\/il-composto-ru-486-e-il-mito-della-pillola\/#primaryimage","url":"https:\/\/www.rassegnastampa-totustuus.it\/cattolica\/wp-content\/uploads\/2004\/11\/Rudolf-Ehmann.jpg","contentUrl":"https:\/\/www.rassegnastampa-totustuus.it\/cattolica\/wp-content\/uploads\/2004\/11\/Rudolf-Ehmann.jpg","width":220,"height":146},{"@type":"BreadcrumbList","@id":"https:\/\/www.rassegnastampa-totustuus.it\/cattolica\/il-composto-ru-486-e-il-mito-della-pillola\/#breadcrumb","itemListElement":[{"@type":"ListItem","position":1,"name":"Home","item":"https:\/\/www.rassegnastampa-totustuus.it\/cattolica\/"},{"@type":"ListItem","position":2,"name":"Il composto RU 486 e il mito della &#8221;pillola&#8221;"}]},{"@type":"WebSite","@id":"https:\/\/www.rassegnastampa-totustuus.it\/cattolica\/#website","url":"https:\/\/www.rassegnastampa-totustuus.it\/cattolica\/","name":"Rassegna Stampa Cattolica","description":"Per una cultura che nasce dalla Rivelazione cristiana in conformit\u00e0 alla tradizione e al Magistero della Chiesa in opposizione ad ogni relativismo e totalitarismo","publisher":{"@id":"https:\/\/www.rassegnastampa-totustuus.it\/cattolica\/#organization"},"alternateName":"Rass. Cattolica","potentialAction":[{"@type":"SearchAction","target":{"@type":"EntryPoint","urlTemplate":"https:\/\/www.rassegnastampa-totustuus.it\/cattolica\/?s={search_term_string}"},"query-input":{"@type":"PropertyValueSpecification","valueRequired":true,"valueName":"search_term_string"}}],"inLanguage":"it-IT"},{"@type":"Organization","@id":"https:\/\/www.rassegnastampa-totustuus.it\/cattolica\/#organization","name":"Rassegna Stampa Cattolica","url":"https:\/\/www.rassegnastampa-totustuus.it\/cattolica\/","logo":{"@type":"ImageObject","inLanguage":"it-IT","@id":"https:\/\/www.rassegnastampa-totustuus.it\/cattolica\/#\/schema\/logo\/image\/","url":"https:\/\/www.rassegnastampa-totustuus.it\/cattolica\/wp-content\/uploads\/2014\/04\/logo-rassegna1.gif","contentUrl":"https:\/\/www.rassegnastampa-totustuus.it\/cattolica\/wp-content\/uploads\/2014\/04\/logo-rassegna1.gif","width":600,"height":163,"caption":"Rassegna Stampa Cattolica"},"image":{"@id":"https:\/\/www.rassegnastampa-totustuus.it\/cattolica\/#\/schema\/logo\/image\/"},"sameAs":["https:\/\/www.facebook.com\/rassegnastampacattolica","https:\/\/x.com\/rassegnastampa9"]},{"@type":"Person","@id":"https:\/\/www.rassegnastampa-totustuus.it\/cattolica\/#\/schema\/person\/08f319d2bd1a0904ad9e2bfb7b15e5c3","name":"Redazione","image":{"@type":"ImageObject","inLanguage":"it-IT","@id":"https:\/\/secure.gravatar.com\/avatar\/2fcdf27c78ea025fbdb44e914cc63c72249ffec9dc8aafd5c82b26240ef3f346?s=96&d=mm&r=g","url":"https:\/\/secure.gravatar.com\/avatar\/2fcdf27c78ea025fbdb44e914cc63c72249ffec9dc8aafd5c82b26240ef3f346?s=96&d=mm&r=g","contentUrl":"https:\/\/secure.gravatar.com\/avatar\/2fcdf27c78ea025fbdb44e914cc63c72249ffec9dc8aafd5c82b26240ef3f346?s=96&d=mm&r=g","caption":"Redazione"},"url":"https:\/\/www.rassegnastampa-totustuus.it\/cattolica\/author\/pietroelle\/"}]}},"_links":{"self":[{"href":"https:\/\/www.rassegnastampa-totustuus.it\/cattolica\/wp-json\/wp\/v2\/posts\/113","targetHints":{"allow":["GET"]}}],"collection":[{"href":"https:\/\/www.rassegnastampa-totustuus.it\/cattolica\/wp-json\/wp\/v2\/posts"}],"about":[{"href":"https:\/\/www.rassegnastampa-totustuus.it\/cattolica\/wp-json\/wp\/v2\/types\/post"}],"author":[{"embeddable":true,"href":"https:\/\/www.rassegnastampa-totustuus.it\/cattolica\/wp-json\/wp\/v2\/users\/6"}],"replies":[{"embeddable":true,"href":"https:\/\/www.rassegnastampa-totustuus.it\/cattolica\/wp-json\/wp\/v2\/comments?post=113"}],"version-history":[{"count":5,"href":"https:\/\/www.rassegnastampa-totustuus.it\/cattolica\/wp-json\/wp\/v2\/posts\/113\/revisions"}],"predecessor-version":[{"id":62498,"href":"https:\/\/www.rassegnastampa-totustuus.it\/cattolica\/wp-json\/wp\/v2\/posts\/113\/revisions\/62498"}],"wp:featuredmedia":[{"embeddable":true,"href":"https:\/\/www.rassegnastampa-totustuus.it\/cattolica\/wp-json\/wp\/v2\/media\/34821"}],"wp:attachment":[{"href":"https:\/\/www.rassegnastampa-totustuus.it\/cattolica\/wp-json\/wp\/v2\/media?parent=113"}],"wp:term":[{"taxonomy":"category","embeddable":true,"href":"https:\/\/www.rassegnastampa-totustuus.it\/cattolica\/wp-json\/wp\/v2\/categories?post=113"},{"taxonomy":"post_tag","embeddable":true,"href":"https:\/\/www.rassegnastampa-totustuus.it\/cattolica\/wp-json\/wp\/v2\/tags?post=113"}],"curies":[{"name":"wp","href":"https:\/\/api.w.org\/{rel}","templated":true}]}}