{"id":1127,"date":"2005-07-29T00:00:00","date_gmt":"2005-07-28T22:00:00","guid":{"rendered":""},"modified":"2015-11-19T12:08:03","modified_gmt":"2015-11-19T11:08:03","slug":"gulag-linferno-del-comunismo","status":"publish","type":"post","link":"https:\/\/www.rassegnastampa-totustuus.it\/cattolica\/gulag-linferno-del-comunismo\/","title":{"rendered":"&#8220;Gulag l&#8217;inferno del comunismo&#8221;"},"content":{"rendered":"<p style=\"text-align: center;\"><strong><a href=\"https:\/\/www.rassegnastampa-totustuus.it\/cattolica\/wp-content\/uploads\/2005\/07\/olga-adamova-sliozberg-cover.jpg\"><img loading=\"lazy\" decoding=\"async\" class=\"alignright wp-image-27865\" src=\"https:\/\/www.rassegnastampa-totustuus.it\/cattolica\/wp-content\/uploads\/2005\/07\/olga-adamova-sliozberg-cover.jpg\" alt=\"olga-adamova-sliozberg-cover\" width=\"136\" height=\"200\" \/><\/a>Il Domenicale<\/strong> 6 dicembre 2003<\/p>\n<p style=\"text-align: center;\">Di<strong> Angelo Crespi<\/strong><\/p>\n<p style=\"text-align: justify;\">Olga ha un bel profilo. I capelli lisci raccolti sulla nuca in uno chignon le incorniciano il viso. La fronte spaziosa, il naso ben disegnato, le labbra carnose serrate. Gli occhi guardano in lontananza. Olga Adamova-Sliozberg cos\u00ec appare in una fotografia degli anni Trenta. \u00c8 una bella donna: una famiglia agiata, un marito, due piccoli figli, un lavoro appagante. Insomma, un futuro di gioia. Nessuna incertezza, nessun dubbio deturpa quel ritratto. Ancora non presagisce che presto dovr\u00e0 iniziare il suo cammino. Anzi, Moj put&#8217;, il mio cammino, una parola, put&#8217;, che in russo spesso \u00e8 associata a un&#8217;idea di &#8220;strada segnata&#8221; di &#8220;destino&#8221;.<\/p>\n<p style=\"text-align: justify;\"><!--more--><\/p>\n<p style=\"text-align: justify;\">Non sa che il suo destino sar\u00e0 dunque assai diverso dalle rassicuranti premesse della foto. Inizi del 1936: Olga rientra a casa dal lavoro e non trova pi\u00f9 il marito. &#8220;L&#8217; hanno portato via&#8221; riferisce la bambinaia. Pochi giorni dopo arrestano anche lei. &#8220;E meglio che saluti i bambini&#8221; dice l&#8217;aguzzino, quasi con voce compassionevole. Il maschietto \u00e8 sveglio, la bambina dorme. Li rivedr\u00e0 dopo venti anni di Gulag. Inizia cos\u00ec, in modo drammaticamente semplice, senza nessun apparente motivo, la via crucis di uno dei milioni di martiri del comunismo. Olga avr\u00e0 la fortuna di sopravvivere alla macchina infernale d&#8217;odio e disumanit\u00e0 progettata dal regime staliniano per avverare in terra il paradiso del proletariato. Con una determinazione fuori dal comune, racconter\u00e0 poi in un diario le tragiche vicissitudini della sua prigionia.<\/p>\n<p style=\"text-align: justify;\">Un manoscritto che inizia a circolare clandestinamente dopo il 1956, proposto perla pubblicazione nel 1963, ma che rimane inedito fino al 1989, anno della fine del comunismo. E oggi pubblicato anche in Italia con il titolo, appunto, di\u00a0<em>Il mio cammino<\/em>\u00a0(Le Lettere, Firenze, pp.218, \u20ac16,00), Un lavoro di memoria che ripropone al femminile la lucida analisi sul sistema concentrazionario fatta da Aleksandr Solzenicyn in\u00a0<em>Una giornata di Ivan Denisovic<\/em>. Un lavoro di memoria che assolve a quel compito morale icasticamente riassunto nella risposta &#8220;posso&#8221; data da Anna Achmatova, la pi\u00f9 grande poetessa russa, mentre era in fila davanti alle carceri di Leningrado in attesa del figlio a una donna che le domandava: &#8220;Ma questo lei pu\u00f2 descriverlo?&#8221;.<\/p>\n<p style=\"text-align: justify;\">Olga prese infatti la decisione, qualora fosse riuscita a scampare alla morte, di raccontare tutto il male del Gulag proprio sentendo una compagna di cella dire: &#8220;Se un giorno uscir\u00f2 di qui, vivr\u00f2 come se niente fosse successo. Non racconter\u00f2 mai a nessuno quello che ho passato e far\u00f2 di tutto per dimenticarlo&#8221; Un canto corale, quasi epico Non dimenticare \u00e8 invece il monito di questa tragica tranche de vie. Olga ripercorre con freddezza i gironi infernali di questa discesa agli inferi. Dal punto di vista psicologico: innanzitutto, la sorpresa quando si viene arrestati. L&#8217;incredulit\u00e0 che, quasi comicamente, sfocia nell&#8217;idea di rivolgersi a Stalin per far valere la propria innocenza. Poi, l&#8217;assunzione della colpa che in modo diabolico il sistema carcerario riesce a insinuare nell&#8217;imputato. Quindi la rassegnazione che sostituisce, man mano, un iniziale sentimento di ribellione. Dal punto di vista fisico: la disumana condizione in cui versano i detenuti dell&#8217;arcipelago Gulag, donne comprese.<\/p>\n<p style=\"text-align: justify;\">Le torture, gli interrogatori finalizzati a far ammettere al condannato di essere, secondo l&#8217;onnicomprensivo articolo 58 del codice penale russo, un &#8220;nemico del popolo&#8221;, le deportazioni fino alla ghiacciata regione della Kolyma, il freddo, il gelo, il lavoro bestiale, la cattiveria dei carcerieri. E in questo delirio disumano, si intrecciano le storie, altrettanto tristi, delle compagne di sventura, i loro volti emaciati e abbruttiti, i racconti, le delazioni, le false speranze, le amicizie che nascono anche nel luogo del male assoluto, il tentativo di restare persone pur negli ingranaggi spersonalizzanti del Gulag.<\/p>\n<p style=\"text-align: justify;\">Il racconto della Adamova-Sliozberg si fa cos\u00ec canto corale, epica di un popolo abituato alle sofferenze, atto d&#8217;accusa definitivo contro il comunismo. Poco importa, che Olga verr\u00e0 poi liberata. Che otterr\u00e0 una tardiva quanto inutile riabilitazione: venti anni di sofferenze che nessuno potr\u00e0 mai restituire, un marito morto, la vita irrimediabilmente segnata. Un solo male: il nazicomunismo Resta da capire, pur ormai nell&#8217;abbondanza delle fonti, di cui Il mio cammino \u00e8 solo l&#8217;ennesimo tassello, come non si riesca fino in fondo a smitizzare la grandezza del comunismo. Neppure di fronte a esempi lampanti, l&#8217;apologeta convinto rinuncia a questa utopia che ha prodotto pi\u00f9 di cento milioni di morti nel Novecento. Soprattutto riesce ancora difficile, l&#8217;equiparazione del fenomeno Gulag ai lager nazisti. Come se un male assoluto potesse avere una gradazione differente solo perch\u00e9 differenti le finalit\u00e0 con cui \u00e8 stato compiuto: da un lato, il progetto di sterminio di una razza, dall&#8217;altra il progetto di sterminio di un popolo.<\/p>\n<p style=\"text-align: justify;\">Senza sminuire la portata storica della\u00a0<em>Shoah<\/em>, oggi il rimontante antisemitismo, fomentato guarda caso da frange della sinistra ex comunista o altromondista, dimostra come si saldino i due poli e possano essere ricompresi in un unico sostantivo: il nazi-comunismo. L&#8217;uso di questa categoria potrebbe finalmente annullare le velleit\u00e0 dei (purtroppo) tanti che ai giorni nostri continuano a salvare il comunismo in nome dell&#8217;idea che lo ha mosso. Il termine &#8220;comunista&#8221; sarebbe, allora, al pari di &#8220;nazista&#8221; un aggettivo dequalificante da abbandonare e non una bandiera da sventolare con gioiosa protervia, un marchio infame da nascondere e non la felice evoluzione ipotizzabile per ogni democrazia.<\/p>\n<p style=\"text-align: justify;\">Quando nel 1998 fu pubblicato il\u00a0<em>Libro nero del comunismo<\/em>\u00a0di St\u00e9phan Courtois, Norberto Bobbio rilasci\u00f2 un&#8217;intervista a l&#8217;Unit\u00e0, in cui auspicava questo processo di identificazione. Il filosofo torinese diceva: &#8220;La ragione dichiarata di questa contabilit\u00e0 (quella presente nel Libro nero&#8230; ndr) \u00e8 di farla finita una volta per sempre di distinguere, rispetto alla vastit\u00e0 del crimine, il comunismo dal nazismo. Ci sarebbe, se mai, da domandarsi &#8211; e gli autori indubbiamente lo fanno &#8211; perch\u00e9 questa distinzione sia stata fatta e ne sia seguita non soltanto una attenuazione delle responsabilit\u00e0 dei regimi comunisti, ma anche una sopravvivenza del comunismo&#8221;. E ancora: &#8220;&#8230;non c&#8217;\u00e8 paese in cui sia stato instaurata un regime comunista, ove non si sia imposto un sistema di terrore. Possono variare i meccanismi dell&#8217;esercizio del terrore, la quantit\u00e0 e la qualit\u00e0 delle vittime, ma \u00e8 dovunque, ripetiamo pure con forza, dovunque, identica la spietatezza, l&#8217;arbitrariet\u00e0 e l&#8217;enormit\u00e0 dell&#8217;uso della violenza per mantenere il potere&#8221;.<\/p>\n<p style=\"text-align: justify;\">E pi\u00f9 oltre: &#8220;Questo universalismo dispotico appartiene alla natura stessa del comunismo storico. Se \u00e8 cos\u00ec, e il libro offre una prova ineccepibile che \u00e8 cos\u00ec, non ci si pu\u00f2 non porre la domanda se la forma dispotica del potere non sia connaturata all&#8217;essenza stessa del comunismo. Coloro che ne tentano una difesa, hanno un bel dire: &#8220;Il comunismo storico \u00e8 stato una forma degenerativa del comunismo ideale&#8221;. Ma come mai questa degenerazione \u00e8 avvenuta sempre e dappertutto?&#8221;. La ragione di questo, per ora, non accettato raffronto tra comunismo e nazismo \u00e8 forse nella falsit\u00e0 che ha ispirato e talora ancora ispira gli intellettuali di sinistra di tutto il mondo. Sosteneva Sartre di essere pi\u00f9 sensibile all&#8217;uso che la borghesia fa delle rivelazioni sui campi di concentramento piuttosto che alla loro esistenza vera e propria.<\/p>\n<p style=\"text-align: justify;\">\n","protected":false},"excerpt":{"rendered":"<p>Il Domenicale 6 dicembre 2003 Di Angelo Crespi Olga ha un bel profilo. I capelli lisci raccolti sulla nuca in uno chignon le incorniciano il viso. La fronte spaziosa, il naso ben disegnato, le labbra carnose serrate. Gli occhi guardano in lontananza. Olga Adamova-Sliozberg cos\u00ec appare in una fotografia degli anni Trenta. \u00c8 una bella &hellip; <\/p>\n<p><a class=\"more-link btn\" href=\"https:\/\/www.rassegnastampa-totustuus.it\/cattolica\/gulag-linferno-del-comunismo\/\">Continua a leggere<\/a><\/p>\n","protected":false},"author":6,"featured_media":27865,"comment_status":"closed","ping_status":"open","sticky":false,"template":"","format":"standard","meta":{"footnotes":""},"categories":[32,84],"tags":[138,175],"class_list":["post-1127","post","type-post","status-publish","format-standard","has-post-thumbnail","hentry","category-filosofia-del-comunismo","category-urss","tag-gulag","tag-urss-2","item-wrap"],"yoast_head":"<!-- This site is optimized with the Yoast SEO plugin v27.5 - https:\/\/yoast.com\/product\/yoast-seo-wordpress\/ -->\n<title>&quot;Gulag l&#039;inferno del comunismo&quot; - Rassegna Stampa Cattolica<\/title>\n<meta name=\"description\" content=\"Rassegna Stampa Cattolica - Per una cultura che nasce dalla Rivelazione cristiana in conformit\u00e0 alla tradizione e al Magistero della Chiesa in opposizione ad ogni relativismo e totalitarismo\" \/>\n<meta name=\"robots\" content=\"index, follow, max-snippet:-1, max-image-preview:large, max-video-preview:-1\" \/>\n<link rel=\"canonical\" href=\"https:\/\/www.rassegnastampa-totustuus.it\/cattolica\/gulag-linferno-del-comunismo\/\" \/>\n<meta property=\"og:locale\" content=\"it_IT\" \/>\n<meta property=\"og:type\" content=\"article\" \/>\n<meta property=\"og:title\" content=\"&quot;Gulag l&#039;inferno del comunismo&quot; - Rassegna Stampa Cattolica\" \/>\n<meta property=\"og:description\" content=\"Rassegna Stampa Cattolica - Per una cultura che nasce dalla Rivelazione cristiana in conformit\u00e0 alla tradizione e al Magistero della Chiesa in opposizione ad ogni relativismo e totalitarismo\" \/>\n<meta property=\"og:url\" content=\"https:\/\/www.rassegnastampa-totustuus.it\/cattolica\/gulag-linferno-del-comunismo\/\" \/>\n<meta property=\"og:site_name\" content=\"Rassegna Stampa Cattolica\" \/>\n<meta property=\"article:publisher\" content=\"https:\/\/www.facebook.com\/rassegnastampacattolica\" \/>\n<meta property=\"article:published_time\" content=\"2005-07-28T22:00:00+00:00\" \/>\n<meta property=\"article:modified_time\" content=\"2015-11-19T11:08:03+00:00\" \/>\n<meta property=\"og:image\" content=\"https:\/\/www.rassegnastampa-totustuus.it\/cattolica\/wp-content\/uploads\/2005\/07\/olga-adamova-sliozberg-cover.jpg\" \/>\n\t<meta property=\"og:image:width\" content=\"200\" \/>\n\t<meta property=\"og:image:height\" content=\"294\" \/>\n\t<meta property=\"og:image:type\" content=\"image\/jpeg\" \/>\n<meta name=\"author\" content=\"Redazione\" \/>\n<meta name=\"twitter:card\" content=\"summary_large_image\" \/>\n<meta name=\"twitter:creator\" content=\"@rassegnastampa9\" \/>\n<meta name=\"twitter:site\" content=\"@rassegnastampa9\" \/>\n<meta name=\"twitter:label1\" content=\"Scritto da\" \/>\n\t<meta name=\"twitter:data1\" content=\"Redazione\" \/>\n\t<meta name=\"twitter:label2\" content=\"Tempo di lettura stimato\" \/>\n\t<meta name=\"twitter:data2\" content=\"6 minuti\" \/>\n<script type=\"application\/ld+json\" class=\"yoast-schema-graph\">{\"@context\":\"https:\\\/\\\/schema.org\",\"@graph\":[{\"@type\":\"Article\",\"@id\":\"https:\\\/\\\/www.rassegnastampa-totustuus.it\\\/cattolica\\\/gulag-linferno-del-comunismo\\\/#article\",\"isPartOf\":{\"@id\":\"https:\\\/\\\/www.rassegnastampa-totustuus.it\\\/cattolica\\\/gulag-linferno-del-comunismo\\\/\"},\"author\":{\"name\":\"Redazione\",\"@id\":\"https:\\\/\\\/www.rassegnastampa-totustuus.it\\\/cattolica\\\/#\\\/schema\\\/person\\\/08f319d2bd1a0904ad9e2bfb7b15e5c3\"},\"headline\":\"&#8220;Gulag l&#8217;inferno del comunismo&#8221;\",\"datePublished\":\"2005-07-28T22:00:00+00:00\",\"dateModified\":\"2015-11-19T11:08:03+00:00\",\"mainEntityOfPage\":{\"@id\":\"https:\\\/\\\/www.rassegnastampa-totustuus.it\\\/cattolica\\\/gulag-linferno-del-comunismo\\\/\"},\"wordCount\":1170,\"publisher\":{\"@id\":\"https:\\\/\\\/www.rassegnastampa-totustuus.it\\\/cattolica\\\/#organization\"},\"image\":{\"@id\":\"https:\\\/\\\/www.rassegnastampa-totustuus.it\\\/cattolica\\\/gulag-linferno-del-comunismo\\\/#primaryimage\"},\"thumbnailUrl\":\"https:\\\/\\\/www.rassegnastampa-totustuus.it\\\/cattolica\\\/wp-content\\\/uploads\\\/2005\\\/07\\\/olga-adamova-sliozberg-cover.jpg\",\"keywords\":[\"gulag\",\"Urss\"],\"articleSection\":[\"Comunismo\",\"URSS\"],\"inLanguage\":\"it-IT\"},{\"@type\":\"WebPage\",\"@id\":\"https:\\\/\\\/www.rassegnastampa-totustuus.it\\\/cattolica\\\/gulag-linferno-del-comunismo\\\/\",\"url\":\"https:\\\/\\\/www.rassegnastampa-totustuus.it\\\/cattolica\\\/gulag-linferno-del-comunismo\\\/\",\"name\":\"\\\"Gulag l'inferno del comunismo\\\" - Rassegna Stampa Cattolica\",\"isPartOf\":{\"@id\":\"https:\\\/\\\/www.rassegnastampa-totustuus.it\\\/cattolica\\\/#website\"},\"primaryImageOfPage\":{\"@id\":\"https:\\\/\\\/www.rassegnastampa-totustuus.it\\\/cattolica\\\/gulag-linferno-del-comunismo\\\/#primaryimage\"},\"image\":{\"@id\":\"https:\\\/\\\/www.rassegnastampa-totustuus.it\\\/cattolica\\\/gulag-linferno-del-comunismo\\\/#primaryimage\"},\"thumbnailUrl\":\"https:\\\/\\\/www.rassegnastampa-totustuus.it\\\/cattolica\\\/wp-content\\\/uploads\\\/2005\\\/07\\\/olga-adamova-sliozberg-cover.jpg\",\"datePublished\":\"2005-07-28T22:00:00+00:00\",\"dateModified\":\"2015-11-19T11:08:03+00:00\",\"description\":\"Rassegna Stampa Cattolica - Per una cultura che nasce dalla Rivelazione cristiana in conformit\u00e0 alla tradizione e al Magistero della Chiesa in opposizione ad ogni relativismo e totalitarismo\",\"breadcrumb\":{\"@id\":\"https:\\\/\\\/www.rassegnastampa-totustuus.it\\\/cattolica\\\/gulag-linferno-del-comunismo\\\/#breadcrumb\"},\"inLanguage\":\"it-IT\",\"potentialAction\":[{\"@type\":\"ReadAction\",\"target\":[\"https:\\\/\\\/www.rassegnastampa-totustuus.it\\\/cattolica\\\/gulag-linferno-del-comunismo\\\/\"]}]},{\"@type\":\"ImageObject\",\"inLanguage\":\"it-IT\",\"@id\":\"https:\\\/\\\/www.rassegnastampa-totustuus.it\\\/cattolica\\\/gulag-linferno-del-comunismo\\\/#primaryimage\",\"url\":\"https:\\\/\\\/www.rassegnastampa-totustuus.it\\\/cattolica\\\/wp-content\\\/uploads\\\/2005\\\/07\\\/olga-adamova-sliozberg-cover.jpg\",\"contentUrl\":\"https:\\\/\\\/www.rassegnastampa-totustuus.it\\\/cattolica\\\/wp-content\\\/uploads\\\/2005\\\/07\\\/olga-adamova-sliozberg-cover.jpg\",\"width\":200,\"height\":294},{\"@type\":\"BreadcrumbList\",\"@id\":\"https:\\\/\\\/www.rassegnastampa-totustuus.it\\\/cattolica\\\/gulag-linferno-del-comunismo\\\/#breadcrumb\",\"itemListElement\":[{\"@type\":\"ListItem\",\"position\":1,\"name\":\"Home\",\"item\":\"https:\\\/\\\/www.rassegnastampa-totustuus.it\\\/cattolica\\\/\"},{\"@type\":\"ListItem\",\"position\":2,\"name\":\"&#8220;Gulag l&#8217;inferno del comunismo&#8221;\"}]},{\"@type\":\"WebSite\",\"@id\":\"https:\\\/\\\/www.rassegnastampa-totustuus.it\\\/cattolica\\\/#website\",\"url\":\"https:\\\/\\\/www.rassegnastampa-totustuus.it\\\/cattolica\\\/\",\"name\":\"Rassegna Stampa Cattolica\",\"description\":\"Per una cultura che nasce dalla Rivelazione cristiana in conformit\u00e0 alla tradizione e al Magistero della Chiesa in opposizione ad ogni relativismo e totalitarismo\",\"publisher\":{\"@id\":\"https:\\\/\\\/www.rassegnastampa-totustuus.it\\\/cattolica\\\/#organization\"},\"alternateName\":\"Rass. Cattolica\",\"potentialAction\":[{\"@type\":\"SearchAction\",\"target\":{\"@type\":\"EntryPoint\",\"urlTemplate\":\"https:\\\/\\\/www.rassegnastampa-totustuus.it\\\/cattolica\\\/?s={search_term_string}\"},\"query-input\":{\"@type\":\"PropertyValueSpecification\",\"valueRequired\":true,\"valueName\":\"search_term_string\"}}],\"inLanguage\":\"it-IT\"},{\"@type\":\"Organization\",\"@id\":\"https:\\\/\\\/www.rassegnastampa-totustuus.it\\\/cattolica\\\/#organization\",\"name\":\"Rassegna Stampa Cattolica\",\"url\":\"https:\\\/\\\/www.rassegnastampa-totustuus.it\\\/cattolica\\\/\",\"logo\":{\"@type\":\"ImageObject\",\"inLanguage\":\"it-IT\",\"@id\":\"https:\\\/\\\/www.rassegnastampa-totustuus.it\\\/cattolica\\\/#\\\/schema\\\/logo\\\/image\\\/\",\"url\":\"https:\\\/\\\/www.rassegnastampa-totustuus.it\\\/cattolica\\\/wp-content\\\/uploads\\\/2014\\\/04\\\/logo-rassegna1.gif\",\"contentUrl\":\"https:\\\/\\\/www.rassegnastampa-totustuus.it\\\/cattolica\\\/wp-content\\\/uploads\\\/2014\\\/04\\\/logo-rassegna1.gif\",\"width\":600,\"height\":163,\"caption\":\"Rassegna Stampa Cattolica\"},\"image\":{\"@id\":\"https:\\\/\\\/www.rassegnastampa-totustuus.it\\\/cattolica\\\/#\\\/schema\\\/logo\\\/image\\\/\"},\"sameAs\":[\"https:\\\/\\\/www.facebook.com\\\/rassegnastampacattolica\",\"https:\\\/\\\/x.com\\\/rassegnastampa9\"]},{\"@type\":\"Person\",\"@id\":\"https:\\\/\\\/www.rassegnastampa-totustuus.it\\\/cattolica\\\/#\\\/schema\\\/person\\\/08f319d2bd1a0904ad9e2bfb7b15e5c3\",\"name\":\"Redazione\",\"image\":{\"@type\":\"ImageObject\",\"inLanguage\":\"it-IT\",\"@id\":\"https:\\\/\\\/secure.gravatar.com\\\/avatar\\\/2fcdf27c78ea025fbdb44e914cc63c72249ffec9dc8aafd5c82b26240ef3f346?s=96&d=mm&r=g\",\"url\":\"https:\\\/\\\/secure.gravatar.com\\\/avatar\\\/2fcdf27c78ea025fbdb44e914cc63c72249ffec9dc8aafd5c82b26240ef3f346?s=96&d=mm&r=g\",\"contentUrl\":\"https:\\\/\\\/secure.gravatar.com\\\/avatar\\\/2fcdf27c78ea025fbdb44e914cc63c72249ffec9dc8aafd5c82b26240ef3f346?s=96&d=mm&r=g\",\"caption\":\"Redazione\"},\"url\":\"https:\\\/\\\/www.rassegnastampa-totustuus.it\\\/cattolica\\\/author\\\/pietroelle\\\/\"}]}<\/script>\n<!-- \/ Yoast SEO plugin. -->","yoast_head_json":{"title":"\"Gulag l'inferno del comunismo\" - Rassegna Stampa Cattolica","description":"Rassegna Stampa Cattolica - Per una cultura che nasce dalla Rivelazione cristiana in conformit\u00e0 alla tradizione e al Magistero della Chiesa in opposizione ad ogni relativismo e totalitarismo","robots":{"index":"index","follow":"follow","max-snippet":"max-snippet:-1","max-image-preview":"max-image-preview:large","max-video-preview":"max-video-preview:-1"},"canonical":"https:\/\/www.rassegnastampa-totustuus.it\/cattolica\/gulag-linferno-del-comunismo\/","og_locale":"it_IT","og_type":"article","og_title":"\"Gulag l'inferno del comunismo\" - Rassegna Stampa Cattolica","og_description":"Rassegna Stampa Cattolica - Per una cultura che nasce dalla Rivelazione cristiana in conformit\u00e0 alla tradizione e al Magistero della Chiesa in opposizione ad ogni relativismo e totalitarismo","og_url":"https:\/\/www.rassegnastampa-totustuus.it\/cattolica\/gulag-linferno-del-comunismo\/","og_site_name":"Rassegna Stampa Cattolica","article_publisher":"https:\/\/www.facebook.com\/rassegnastampacattolica","article_published_time":"2005-07-28T22:00:00+00:00","article_modified_time":"2015-11-19T11:08:03+00:00","og_image":[{"width":200,"height":294,"url":"https:\/\/www.rassegnastampa-totustuus.it\/cattolica\/wp-content\/uploads\/2005\/07\/olga-adamova-sliozberg-cover.jpg","type":"image\/jpeg"}],"author":"Redazione","twitter_card":"summary_large_image","twitter_creator":"@rassegnastampa9","twitter_site":"@rassegnastampa9","twitter_misc":{"Scritto da":"Redazione","Tempo di lettura stimato":"6 minuti"},"schema":{"@context":"https:\/\/schema.org","@graph":[{"@type":"Article","@id":"https:\/\/www.rassegnastampa-totustuus.it\/cattolica\/gulag-linferno-del-comunismo\/#article","isPartOf":{"@id":"https:\/\/www.rassegnastampa-totustuus.it\/cattolica\/gulag-linferno-del-comunismo\/"},"author":{"name":"Redazione","@id":"https:\/\/www.rassegnastampa-totustuus.it\/cattolica\/#\/schema\/person\/08f319d2bd1a0904ad9e2bfb7b15e5c3"},"headline":"&#8220;Gulag l&#8217;inferno del comunismo&#8221;","datePublished":"2005-07-28T22:00:00+00:00","dateModified":"2015-11-19T11:08:03+00:00","mainEntityOfPage":{"@id":"https:\/\/www.rassegnastampa-totustuus.it\/cattolica\/gulag-linferno-del-comunismo\/"},"wordCount":1170,"publisher":{"@id":"https:\/\/www.rassegnastampa-totustuus.it\/cattolica\/#organization"},"image":{"@id":"https:\/\/www.rassegnastampa-totustuus.it\/cattolica\/gulag-linferno-del-comunismo\/#primaryimage"},"thumbnailUrl":"https:\/\/www.rassegnastampa-totustuus.it\/cattolica\/wp-content\/uploads\/2005\/07\/olga-adamova-sliozberg-cover.jpg","keywords":["gulag","Urss"],"articleSection":["Comunismo","URSS"],"inLanguage":"it-IT"},{"@type":"WebPage","@id":"https:\/\/www.rassegnastampa-totustuus.it\/cattolica\/gulag-linferno-del-comunismo\/","url":"https:\/\/www.rassegnastampa-totustuus.it\/cattolica\/gulag-linferno-del-comunismo\/","name":"\"Gulag l'inferno del comunismo\" - Rassegna Stampa Cattolica","isPartOf":{"@id":"https:\/\/www.rassegnastampa-totustuus.it\/cattolica\/#website"},"primaryImageOfPage":{"@id":"https:\/\/www.rassegnastampa-totustuus.it\/cattolica\/gulag-linferno-del-comunismo\/#primaryimage"},"image":{"@id":"https:\/\/www.rassegnastampa-totustuus.it\/cattolica\/gulag-linferno-del-comunismo\/#primaryimage"},"thumbnailUrl":"https:\/\/www.rassegnastampa-totustuus.it\/cattolica\/wp-content\/uploads\/2005\/07\/olga-adamova-sliozberg-cover.jpg","datePublished":"2005-07-28T22:00:00+00:00","dateModified":"2015-11-19T11:08:03+00:00","description":"Rassegna Stampa Cattolica - Per una cultura che nasce dalla Rivelazione cristiana in conformit\u00e0 alla tradizione e al Magistero della Chiesa in opposizione ad ogni relativismo e totalitarismo","breadcrumb":{"@id":"https:\/\/www.rassegnastampa-totustuus.it\/cattolica\/gulag-linferno-del-comunismo\/#breadcrumb"},"inLanguage":"it-IT","potentialAction":[{"@type":"ReadAction","target":["https:\/\/www.rassegnastampa-totustuus.it\/cattolica\/gulag-linferno-del-comunismo\/"]}]},{"@type":"ImageObject","inLanguage":"it-IT","@id":"https:\/\/www.rassegnastampa-totustuus.it\/cattolica\/gulag-linferno-del-comunismo\/#primaryimage","url":"https:\/\/www.rassegnastampa-totustuus.it\/cattolica\/wp-content\/uploads\/2005\/07\/olga-adamova-sliozberg-cover.jpg","contentUrl":"https:\/\/www.rassegnastampa-totustuus.it\/cattolica\/wp-content\/uploads\/2005\/07\/olga-adamova-sliozberg-cover.jpg","width":200,"height":294},{"@type":"BreadcrumbList","@id":"https:\/\/www.rassegnastampa-totustuus.it\/cattolica\/gulag-linferno-del-comunismo\/#breadcrumb","itemListElement":[{"@type":"ListItem","position":1,"name":"Home","item":"https:\/\/www.rassegnastampa-totustuus.it\/cattolica\/"},{"@type":"ListItem","position":2,"name":"&#8220;Gulag l&#8217;inferno del comunismo&#8221;"}]},{"@type":"WebSite","@id":"https:\/\/www.rassegnastampa-totustuus.it\/cattolica\/#website","url":"https:\/\/www.rassegnastampa-totustuus.it\/cattolica\/","name":"Rassegna Stampa Cattolica","description":"Per una cultura che nasce dalla Rivelazione cristiana in conformit\u00e0 alla tradizione e al Magistero della Chiesa in opposizione ad ogni relativismo e totalitarismo","publisher":{"@id":"https:\/\/www.rassegnastampa-totustuus.it\/cattolica\/#organization"},"alternateName":"Rass. Cattolica","potentialAction":[{"@type":"SearchAction","target":{"@type":"EntryPoint","urlTemplate":"https:\/\/www.rassegnastampa-totustuus.it\/cattolica\/?s={search_term_string}"},"query-input":{"@type":"PropertyValueSpecification","valueRequired":true,"valueName":"search_term_string"}}],"inLanguage":"it-IT"},{"@type":"Organization","@id":"https:\/\/www.rassegnastampa-totustuus.it\/cattolica\/#organization","name":"Rassegna Stampa Cattolica","url":"https:\/\/www.rassegnastampa-totustuus.it\/cattolica\/","logo":{"@type":"ImageObject","inLanguage":"it-IT","@id":"https:\/\/www.rassegnastampa-totustuus.it\/cattolica\/#\/schema\/logo\/image\/","url":"https:\/\/www.rassegnastampa-totustuus.it\/cattolica\/wp-content\/uploads\/2014\/04\/logo-rassegna1.gif","contentUrl":"https:\/\/www.rassegnastampa-totustuus.it\/cattolica\/wp-content\/uploads\/2014\/04\/logo-rassegna1.gif","width":600,"height":163,"caption":"Rassegna Stampa Cattolica"},"image":{"@id":"https:\/\/www.rassegnastampa-totustuus.it\/cattolica\/#\/schema\/logo\/image\/"},"sameAs":["https:\/\/www.facebook.com\/rassegnastampacattolica","https:\/\/x.com\/rassegnastampa9"]},{"@type":"Person","@id":"https:\/\/www.rassegnastampa-totustuus.it\/cattolica\/#\/schema\/person\/08f319d2bd1a0904ad9e2bfb7b15e5c3","name":"Redazione","image":{"@type":"ImageObject","inLanguage":"it-IT","@id":"https:\/\/secure.gravatar.com\/avatar\/2fcdf27c78ea025fbdb44e914cc63c72249ffec9dc8aafd5c82b26240ef3f346?s=96&d=mm&r=g","url":"https:\/\/secure.gravatar.com\/avatar\/2fcdf27c78ea025fbdb44e914cc63c72249ffec9dc8aafd5c82b26240ef3f346?s=96&d=mm&r=g","contentUrl":"https:\/\/secure.gravatar.com\/avatar\/2fcdf27c78ea025fbdb44e914cc63c72249ffec9dc8aafd5c82b26240ef3f346?s=96&d=mm&r=g","caption":"Redazione"},"url":"https:\/\/www.rassegnastampa-totustuus.it\/cattolica\/author\/pietroelle\/"}]}},"_links":{"self":[{"href":"https:\/\/www.rassegnastampa-totustuus.it\/cattolica\/wp-json\/wp\/v2\/posts\/1127","targetHints":{"allow":["GET"]}}],"collection":[{"href":"https:\/\/www.rassegnastampa-totustuus.it\/cattolica\/wp-json\/wp\/v2\/posts"}],"about":[{"href":"https:\/\/www.rassegnastampa-totustuus.it\/cattolica\/wp-json\/wp\/v2\/types\/post"}],"author":[{"embeddable":true,"href":"https:\/\/www.rassegnastampa-totustuus.it\/cattolica\/wp-json\/wp\/v2\/users\/6"}],"replies":[{"embeddable":true,"href":"https:\/\/www.rassegnastampa-totustuus.it\/cattolica\/wp-json\/wp\/v2\/comments?post=1127"}],"version-history":[{"count":3,"href":"https:\/\/www.rassegnastampa-totustuus.it\/cattolica\/wp-json\/wp\/v2\/posts\/1127\/revisions"}],"predecessor-version":[{"id":27866,"href":"https:\/\/www.rassegnastampa-totustuus.it\/cattolica\/wp-json\/wp\/v2\/posts\/1127\/revisions\/27866"}],"wp:featuredmedia":[{"embeddable":true,"href":"https:\/\/www.rassegnastampa-totustuus.it\/cattolica\/wp-json\/wp\/v2\/media\/27865"}],"wp:attachment":[{"href":"https:\/\/www.rassegnastampa-totustuus.it\/cattolica\/wp-json\/wp\/v2\/media?parent=1127"}],"wp:term":[{"taxonomy":"category","embeddable":true,"href":"https:\/\/www.rassegnastampa-totustuus.it\/cattolica\/wp-json\/wp\/v2\/categories?post=1127"},{"taxonomy":"post_tag","embeddable":true,"href":"https:\/\/www.rassegnastampa-totustuus.it\/cattolica\/wp-json\/wp\/v2\/tags?post=1127"}],"curies":[{"name":"wp","href":"https:\/\/api.w.org\/{rel}","templated":true}]}}