{"id":1126,"date":"2005-07-29T00:00:00","date_gmt":"2005-07-28T22:00:00","guid":{"rendered":""},"modified":"2016-01-14T17:02:51","modified_gmt":"2016-01-14T16:02:51","slug":"noi-donne-schiave-nel-girone-kolyma","status":"publish","type":"post","link":"https:\/\/www.rassegnastampa-totustuus.it\/cattolica\/noi-donne-schiave-nel-girone-kolyma\/","title":{"rendered":"&#8216;Noi donne schiave nel girone Kolyma&#8217;"},"content":{"rendered":"<div style=\"text-align: center;\"><strong><a href=\"https:\/\/www.rassegnastampa-totustuus.it\/cattolica\/wp-content\/uploads\/2005\/07\/donne_gulag.jpg\"><img loading=\"lazy\" decoding=\"async\" class=\"alignleft wp-image-29372 size-full\" src=\"https:\/\/www.rassegnastampa-totustuus.it\/cattolica\/wp-content\/uploads\/2005\/07\/donne_gulag.jpg\" alt=\"donne_gulag\" width=\"242\" height=\"209\" \/><\/a>Il Giornale<\/strong> 6 novembre 2003<\/div>\n<p style=\"text-align: center;\">di <strong>Olga Adamova Sliozberg<\/strong><\/p>\n<p style=\"text-align: justify;\">Il nostro atteggiamento verso il lavoro era sempre oggetto di discussione, specialmente da parte degli uomini che ci deridevano perch\u00e9 cercavamo di svolgere bene il nostro compito. &#8211; Credete che se lavorate onestamente questo vi aprir\u00e0 le porte del lager? &#8211; ci prendevano in giro. Va da s\u00e9 che il lavoro non portava nessun vantaggio, che ci imbrogliavano, che i capireparto segnavano quello che avevamo fatto noi alle loro amichette, che il salario per le prigioniere politiche era stato abolito, e che una giornata di lavoro di un delinquente comune valeva una volta e mezzo le nostre, se non due.<\/p>\n<p style=\"text-align: justify;\"><!--more--><\/p>\n<p style=\"text-align: justify;\">A noi assegnavano gli strumenti di lavoro meno adatti e gli appezzamenti pi\u00f9 scomodi.Era difficile opporsi a queste disposizioni, giacch\u00e9 il nostro lavoro andava tutto a vantaggio del vile sistema penitenziario e i capetti ricevevano onorificenze e premi a spese della nostra fatica e della nostra salute. D&#8217;altro canto il lavoro era l&#8217;ultima risorsa che avevamo per distinguerci dalla massa abbrutita e corrotta, che aveva col lavoro un rapporto orrendo. Ricordo una volta che dirigevo una brigata addetta alla coltivazione dei cavoli. In quelle condizioni il cavolo rappresentava per i prigionieri la salvezza dalla dissenteria.<\/p>\n<p style=\"text-align: justify;\">Malgrado le condizioni di lavoro, accudivamo il cavolo come fosse un bambino piccolo: d&#8217;estate gli davamo pi\u00f9 volte concime e fertilizzanti, lo riparavamo dai primi freddi, lo annaffiavamo di continuo. Con quanta gioia vedevamo spuntare nel nostro appezzamento i piccoli capi bianchi, malgrado la siccit\u00e0, il fango, le nevicate della tarda primavera. Avevamo sempre fame, ma non ci saremmo mai permesse di mangiare i prodotti prima che fossero completamente maturi. Coglievamo solo le foglie esterne e ci facevamo delle grigie zuppette.<\/p>\n<p style=\"text-align: justify;\">Un giorno, passando vicino al campo, mi accorsi che il cuore dei cavoli non c&#8217;era pi\u00f9. In un primo momento detti la colpa a qualche parassita e decisi che bisognava subito eliminarlo; ma poi vidi una donna della nostra brigata, Valja, una detenuta comune, che tranquillamente strappava il cuore dei cavoli e se lo sgranocchiava.<\/p>\n<p style=\"text-align: justify;\">&#8211; Perch\u00e9 fai questo? Vuoi rovinare tutto il raccolto?<\/p>\n<p style=\"text-align: justify;\">Sorrise ottusa e rispose:<\/p>\n<p style=\"text-align: justify;\">&#8211; E a noi che serve? Andr\u00e0 ugualmente sul piatto delle protette del capo.<\/p>\n<p style=\"text-align: justify;\">Per poco non mi misi a picchiarla, la furia mi aveva annebbiato la vista, e lei sorrise con aria innocente:<\/p>\n<p style=\"text-align: justify;\">&#8211; Ma che ti prende?<\/p>\n<p style=\"text-align: justify;\">Il lavoro era l&#8217;unica attivit\u00e0 umana che ci era rimasta. Non avevamo pi\u00f9 nulla, n\u00e9 famiglia, n\u00e9 libri, vivevamo nella sporcizia, nel tanfo, nell&#8217;oscurit\u00e0 sopportavamo umiliazioni da parte dei sorveglianti, che di notte potevano entrare nella baracca, ordinare alle donne semisvestite di mettersi in fila e col pretesto di una perquisizione, andare a frugare nei nostri letti, tra la nostra biancheria, leggere le nostre lettere. Per una qualche ragione gli addetti ai bagni erano uomini e, quando noi protestammo, i capi si misero a ridere e risposero: &#8220;Se ti tagliano la testa non rimpiangerai i capelli&#8230;&#8221;.<\/p>\n<p style=\"text-align: justify;\">Solo il lavoro era degno dell&#8217;uomo. Facevamo le contadine, come prima di noi avevano fatto milioni di donne. Eravamo felici di ci\u00f2 che riuscivamo a fare con le nostre mani e volevamo essere non meno brave delle contadine espropriate, le quali da principio ci guardavano con una certa malevolenza &#8220;Eh!, voi, donne istruite. Stavate a leggere i vostri libri e campavate alle nostre spalle. Provate ora il rastrello e la falce&#8230;&#8221;.<\/p>\n<p style=\"text-align: justify;\">Naturalmente le contadine lavoravano meglio, ma i caporali ex kulak prendevano le parti di noi &#8220;politiche&#8221; anche contro le &#8220;comuni&#8221;, malgrado con queste fosse pi\u00f9 facile intendersi e bench\u00e9 con noi dovessero badare a non bestemmiare troppo.<\/p>\n<p style=\"text-align: justify;\">Sapevano che lavoravamo in maniera sistematica e con coscienza mentre le prigioniere comuni facevano tutto molto pi\u00f9 in fretta di noi, ma appena i caporali si allontanavano si mettevano a dormire, senza curarsi se il seminato andava a male o se il gelo stroncava le piantine pi\u00f9 giovani. Il duro lavoro da contadina lontano dalla scorta, dalla gente estranea e dai malvagi \u00e8 uno dei pochi ricordi luminosi che le tenebre del lager mi hanno lasciato. A volte ce ne andavamo in sei, il nostro gruppo, a lavorare in un campo lontano. Tre a falciare e tre a rastrellare l&#8217;erba falciata.<\/p>\n<p style=\"text-align: justify;\">Te ne vai con la falce in spalla e davanti hai la pallida distesa della povera terra della Kolyma; con le narici aspiri il profumo dell&#8217;erba che sta appassendo e sopra di te il cielo \u00e8 pallido e trasparente\u2026 Era doloroso quando il lavoro nel quale noi mettevamo l&#8217;anima risultava essere una sciocca, ridicola punizione. Scavavamo canali nel terreno fangoso per il deflusso dell&#8217;acqua. A cinquanta gradi sotto zero lavoravamo duro di piccone, cercavamo di raggiungere la quota. Se durante la notte la neve copriva il canale ancora non finito, lo ripulivamo perch\u00e9 fosse quanto era stabilito.<\/p>\n<p style=\"text-align: justify;\">Probabilmente nessuno si sarebbe accorto se mancavano dieci o quindici centimetri, ma c&#8217;era il rischio che l&#8217;acqua non scolasse bene, che restasse nel terreno. Era un lavoro molto duro. La terra pareva cemento. Il fiato restava sospeso nell&#8217;aria. Le reni e la vita dolevano per lo sforzo.<\/p>\n<p style=\"text-align: justify;\">Ma noi lavoravamo con coscienza. In primavera, quando la terra si sgelava, mandavano i trattori con le macchine per scavare i canali, che in un&#8217;ora facevano quello per cui a noi, al nostro gruppo di sei persone, occorrevano due mesi. E quando chiesi perch\u00e9 non usassero lo stesso sistema per tutti i canali, mi sentii rispondere dal caporeparto: &#8211; E voi allora che fate? Volete starvene sdraiate a poltrire? No bellina, ti hanno portato nel lager perch\u00e9 tu lavori.<\/p>\n<p style=\"text-align: justify;\">Sentivo una insopportabile vergogna per quelle assurdit\u00e0. Ci imponevano un lavoro insensato, e noi ci mettevamo tutte le nostre energie. Eravamo degli schiavi. Giurai di non mettere pi\u00f9 l&#8217;anima nel lavoro e di ingannare la direzione in tutti i modi possibili. Non mi riusc\u00ec, non potevo cambiare la mia natura e lavorare imbrogliando, di certo per\u00f2 il mio entusiasmo and\u00f2 scemando. E tuttavia il lavoro ci ha salvato.<\/p>\n<p style=\"text-align: justify;\">Quelli che non lavoravano morivano di fame o di disturbi psichici causati dalla mancanza di distrazioni, giacch\u00e9 il lavoro impegnava tutte le forze, sia psichiche che fisiche. Talvolta morivano anche quelli che lavoravano, ma erano casi pi\u00f9 rari, almeno tra le donne. Per gli uomini invece bastavano due stagioni da addetti al lavaggio dell&#8217;oro per farli ammalare. Loro naturalmente non potevano amare il lavoro che li uccideva e parlavano delle miniere con orrore.<\/p>\n","protected":false},"excerpt":{"rendered":"<p>Il Giornale 6 novembre 2003 di Olga Adamova Sliozberg Il nostro atteggiamento verso il lavoro era sempre oggetto di discussione, specialmente da parte degli uomini che ci deridevano perch\u00e9 cercavamo di svolgere bene il nostro compito. &#8211; Credete che se lavorate onestamente questo vi aprir\u00e0 le porte del lager? &#8211; ci prendevano in giro. Va &hellip; <\/p>\n<p><a class=\"more-link btn\" href=\"https:\/\/www.rassegnastampa-totustuus.it\/cattolica\/noi-donne-schiave-nel-girone-kolyma\/\">Continua a leggere<\/a><\/p>\n","protected":false},"author":6,"featured_media":29372,"comment_status":"closed","ping_status":"open","sticky":false,"template":"","format":"standard","meta":{"footnotes":""},"categories":[32,84],"tags":[138,175],"class_list":["post-1126","post","type-post","status-publish","format-standard","has-post-thumbnail","hentry","category-filosofia-del-comunismo","category-urss","tag-gulag","tag-urss-2","item-wrap"],"yoast_head":"<!-- This site is optimized with the Yoast SEO plugin v27.5 - https:\/\/yoast.com\/product\/yoast-seo-wordpress\/ -->\n<title>&#039;Noi donne schiave nel girone Kolyma&#039; - Rassegna Stampa Cattolica<\/title>\n<meta name=\"description\" content=\"Rassegna Stampa Cattolica - Per una cultura che nasce dalla Rivelazione cristiana in conformit\u00e0 alla tradizione e al Magistero della Chiesa in opposizione ad ogni relativismo e totalitarismo\" \/>\n<meta name=\"robots\" content=\"index, follow, max-snippet:-1, max-image-preview:large, max-video-preview:-1\" \/>\n<link rel=\"canonical\" href=\"https:\/\/www.rassegnastampa-totustuus.it\/cattolica\/noi-donne-schiave-nel-girone-kolyma\/\" \/>\n<meta property=\"og:locale\" content=\"it_IT\" \/>\n<meta property=\"og:type\" content=\"article\" \/>\n<meta property=\"og:title\" content=\"&#039;Noi donne schiave nel girone Kolyma&#039; - Rassegna Stampa Cattolica\" \/>\n<meta property=\"og:description\" content=\"Rassegna Stampa Cattolica - Per una cultura che nasce dalla Rivelazione cristiana in conformit\u00e0 alla tradizione e al Magistero della Chiesa in opposizione ad ogni relativismo e totalitarismo\" \/>\n<meta property=\"og:url\" content=\"https:\/\/www.rassegnastampa-totustuus.it\/cattolica\/noi-donne-schiave-nel-girone-kolyma\/\" \/>\n<meta property=\"og:site_name\" content=\"Rassegna Stampa Cattolica\" \/>\n<meta property=\"article:publisher\" content=\"https:\/\/www.facebook.com\/rassegnastampacattolica\" \/>\n<meta property=\"article:published_time\" content=\"2005-07-28T22:00:00+00:00\" \/>\n<meta property=\"article:modified_time\" content=\"2016-01-14T16:02:51+00:00\" \/>\n<meta property=\"og:image\" content=\"https:\/\/www.rassegnastampa-totustuus.it\/cattolica\/wp-content\/uploads\/2005\/07\/donne_gulag.jpg\" \/>\n\t<meta property=\"og:image:width\" content=\"242\" \/>\n\t<meta property=\"og:image:height\" content=\"209\" \/>\n\t<meta property=\"og:image:type\" content=\"image\/jpeg\" \/>\n<meta name=\"author\" content=\"Redazione\" \/>\n<meta name=\"twitter:card\" content=\"summary_large_image\" \/>\n<meta name=\"twitter:creator\" content=\"@rassegnastampa9\" \/>\n<meta name=\"twitter:site\" content=\"@rassegnastampa9\" \/>\n<meta name=\"twitter:label1\" content=\"Scritto da\" \/>\n\t<meta name=\"twitter:data1\" content=\"Redazione\" \/>\n\t<meta name=\"twitter:label2\" content=\"Tempo di lettura stimato\" \/>\n\t<meta name=\"twitter:data2\" content=\"5 minuti\" \/>\n<script type=\"application\/ld+json\" class=\"yoast-schema-graph\">{\"@context\":\"https:\\\/\\\/schema.org\",\"@graph\":[{\"@type\":\"Article\",\"@id\":\"https:\\\/\\\/www.rassegnastampa-totustuus.it\\\/cattolica\\\/noi-donne-schiave-nel-girone-kolyma\\\/#article\",\"isPartOf\":{\"@id\":\"https:\\\/\\\/www.rassegnastampa-totustuus.it\\\/cattolica\\\/noi-donne-schiave-nel-girone-kolyma\\\/\"},\"author\":{\"name\":\"Redazione\",\"@id\":\"https:\\\/\\\/www.rassegnastampa-totustuus.it\\\/cattolica\\\/#\\\/schema\\\/person\\\/08f319d2bd1a0904ad9e2bfb7b15e5c3\"},\"headline\":\"&#8216;Noi donne schiave nel girone Kolyma&#8217;\",\"datePublished\":\"2005-07-28T22:00:00+00:00\",\"dateModified\":\"2016-01-14T16:02:51+00:00\",\"mainEntityOfPage\":{\"@id\":\"https:\\\/\\\/www.rassegnastampa-totustuus.it\\\/cattolica\\\/noi-donne-schiave-nel-girone-kolyma\\\/\"},\"wordCount\":1081,\"publisher\":{\"@id\":\"https:\\\/\\\/www.rassegnastampa-totustuus.it\\\/cattolica\\\/#organization\"},\"image\":{\"@id\":\"https:\\\/\\\/www.rassegnastampa-totustuus.it\\\/cattolica\\\/noi-donne-schiave-nel-girone-kolyma\\\/#primaryimage\"},\"thumbnailUrl\":\"https:\\\/\\\/www.rassegnastampa-totustuus.it\\\/cattolica\\\/wp-content\\\/uploads\\\/2005\\\/07\\\/donne_gulag.jpg\",\"keywords\":[\"gulag\",\"Urss\"],\"articleSection\":[\"Comunismo\",\"URSS\"],\"inLanguage\":\"it-IT\"},{\"@type\":\"WebPage\",\"@id\":\"https:\\\/\\\/www.rassegnastampa-totustuus.it\\\/cattolica\\\/noi-donne-schiave-nel-girone-kolyma\\\/\",\"url\":\"https:\\\/\\\/www.rassegnastampa-totustuus.it\\\/cattolica\\\/noi-donne-schiave-nel-girone-kolyma\\\/\",\"name\":\"'Noi donne schiave nel girone Kolyma' - Rassegna Stampa Cattolica\",\"isPartOf\":{\"@id\":\"https:\\\/\\\/www.rassegnastampa-totustuus.it\\\/cattolica\\\/#website\"},\"primaryImageOfPage\":{\"@id\":\"https:\\\/\\\/www.rassegnastampa-totustuus.it\\\/cattolica\\\/noi-donne-schiave-nel-girone-kolyma\\\/#primaryimage\"},\"image\":{\"@id\":\"https:\\\/\\\/www.rassegnastampa-totustuus.it\\\/cattolica\\\/noi-donne-schiave-nel-girone-kolyma\\\/#primaryimage\"},\"thumbnailUrl\":\"https:\\\/\\\/www.rassegnastampa-totustuus.it\\\/cattolica\\\/wp-content\\\/uploads\\\/2005\\\/07\\\/donne_gulag.jpg\",\"datePublished\":\"2005-07-28T22:00:00+00:00\",\"dateModified\":\"2016-01-14T16:02:51+00:00\",\"description\":\"Rassegna Stampa Cattolica - Per una cultura che nasce dalla Rivelazione cristiana in conformit\u00e0 alla tradizione e al Magistero della Chiesa in opposizione ad ogni relativismo e totalitarismo\",\"breadcrumb\":{\"@id\":\"https:\\\/\\\/www.rassegnastampa-totustuus.it\\\/cattolica\\\/noi-donne-schiave-nel-girone-kolyma\\\/#breadcrumb\"},\"inLanguage\":\"it-IT\",\"potentialAction\":[{\"@type\":\"ReadAction\",\"target\":[\"https:\\\/\\\/www.rassegnastampa-totustuus.it\\\/cattolica\\\/noi-donne-schiave-nel-girone-kolyma\\\/\"]}]},{\"@type\":\"ImageObject\",\"inLanguage\":\"it-IT\",\"@id\":\"https:\\\/\\\/www.rassegnastampa-totustuus.it\\\/cattolica\\\/noi-donne-schiave-nel-girone-kolyma\\\/#primaryimage\",\"url\":\"https:\\\/\\\/www.rassegnastampa-totustuus.it\\\/cattolica\\\/wp-content\\\/uploads\\\/2005\\\/07\\\/donne_gulag.jpg\",\"contentUrl\":\"https:\\\/\\\/www.rassegnastampa-totustuus.it\\\/cattolica\\\/wp-content\\\/uploads\\\/2005\\\/07\\\/donne_gulag.jpg\",\"width\":242,\"height\":209},{\"@type\":\"BreadcrumbList\",\"@id\":\"https:\\\/\\\/www.rassegnastampa-totustuus.it\\\/cattolica\\\/noi-donne-schiave-nel-girone-kolyma\\\/#breadcrumb\",\"itemListElement\":[{\"@type\":\"ListItem\",\"position\":1,\"name\":\"Home\",\"item\":\"https:\\\/\\\/www.rassegnastampa-totustuus.it\\\/cattolica\\\/\"},{\"@type\":\"ListItem\",\"position\":2,\"name\":\"&#8216;Noi donne schiave nel girone Kolyma&#8217;\"}]},{\"@type\":\"WebSite\",\"@id\":\"https:\\\/\\\/www.rassegnastampa-totustuus.it\\\/cattolica\\\/#website\",\"url\":\"https:\\\/\\\/www.rassegnastampa-totustuus.it\\\/cattolica\\\/\",\"name\":\"Rassegna Stampa Cattolica\",\"description\":\"Per una cultura che nasce dalla Rivelazione cristiana in conformit\u00e0 alla tradizione e al Magistero della Chiesa in opposizione ad ogni relativismo e totalitarismo\",\"publisher\":{\"@id\":\"https:\\\/\\\/www.rassegnastampa-totustuus.it\\\/cattolica\\\/#organization\"},\"alternateName\":\"Rass. Cattolica\",\"potentialAction\":[{\"@type\":\"SearchAction\",\"target\":{\"@type\":\"EntryPoint\",\"urlTemplate\":\"https:\\\/\\\/www.rassegnastampa-totustuus.it\\\/cattolica\\\/?s={search_term_string}\"},\"query-input\":{\"@type\":\"PropertyValueSpecification\",\"valueRequired\":true,\"valueName\":\"search_term_string\"}}],\"inLanguage\":\"it-IT\"},{\"@type\":\"Organization\",\"@id\":\"https:\\\/\\\/www.rassegnastampa-totustuus.it\\\/cattolica\\\/#organization\",\"name\":\"Rassegna Stampa Cattolica\",\"url\":\"https:\\\/\\\/www.rassegnastampa-totustuus.it\\\/cattolica\\\/\",\"logo\":{\"@type\":\"ImageObject\",\"inLanguage\":\"it-IT\",\"@id\":\"https:\\\/\\\/www.rassegnastampa-totustuus.it\\\/cattolica\\\/#\\\/schema\\\/logo\\\/image\\\/\",\"url\":\"https:\\\/\\\/www.rassegnastampa-totustuus.it\\\/cattolica\\\/wp-content\\\/uploads\\\/2014\\\/04\\\/logo-rassegna1.gif\",\"contentUrl\":\"https:\\\/\\\/www.rassegnastampa-totustuus.it\\\/cattolica\\\/wp-content\\\/uploads\\\/2014\\\/04\\\/logo-rassegna1.gif\",\"width\":600,\"height\":163,\"caption\":\"Rassegna Stampa Cattolica\"},\"image\":{\"@id\":\"https:\\\/\\\/www.rassegnastampa-totustuus.it\\\/cattolica\\\/#\\\/schema\\\/logo\\\/image\\\/\"},\"sameAs\":[\"https:\\\/\\\/www.facebook.com\\\/rassegnastampacattolica\",\"https:\\\/\\\/x.com\\\/rassegnastampa9\"]},{\"@type\":\"Person\",\"@id\":\"https:\\\/\\\/www.rassegnastampa-totustuus.it\\\/cattolica\\\/#\\\/schema\\\/person\\\/08f319d2bd1a0904ad9e2bfb7b15e5c3\",\"name\":\"Redazione\",\"image\":{\"@type\":\"ImageObject\",\"inLanguage\":\"it-IT\",\"@id\":\"https:\\\/\\\/secure.gravatar.com\\\/avatar\\\/2fcdf27c78ea025fbdb44e914cc63c72249ffec9dc8aafd5c82b26240ef3f346?s=96&d=mm&r=g\",\"url\":\"https:\\\/\\\/secure.gravatar.com\\\/avatar\\\/2fcdf27c78ea025fbdb44e914cc63c72249ffec9dc8aafd5c82b26240ef3f346?s=96&d=mm&r=g\",\"contentUrl\":\"https:\\\/\\\/secure.gravatar.com\\\/avatar\\\/2fcdf27c78ea025fbdb44e914cc63c72249ffec9dc8aafd5c82b26240ef3f346?s=96&d=mm&r=g\",\"caption\":\"Redazione\"},\"url\":\"https:\\\/\\\/www.rassegnastampa-totustuus.it\\\/cattolica\\\/author\\\/pietroelle\\\/\"}]}<\/script>\n<!-- \/ Yoast SEO plugin. -->","yoast_head_json":{"title":"'Noi donne schiave nel girone Kolyma' - Rassegna Stampa Cattolica","description":"Rassegna Stampa Cattolica - Per una cultura che nasce dalla Rivelazione cristiana in conformit\u00e0 alla tradizione e al Magistero della Chiesa in opposizione ad ogni relativismo e totalitarismo","robots":{"index":"index","follow":"follow","max-snippet":"max-snippet:-1","max-image-preview":"max-image-preview:large","max-video-preview":"max-video-preview:-1"},"canonical":"https:\/\/www.rassegnastampa-totustuus.it\/cattolica\/noi-donne-schiave-nel-girone-kolyma\/","og_locale":"it_IT","og_type":"article","og_title":"'Noi donne schiave nel girone Kolyma' - Rassegna Stampa Cattolica","og_description":"Rassegna Stampa Cattolica - Per una cultura che nasce dalla Rivelazione cristiana in conformit\u00e0 alla tradizione e al Magistero della Chiesa in opposizione ad ogni relativismo e totalitarismo","og_url":"https:\/\/www.rassegnastampa-totustuus.it\/cattolica\/noi-donne-schiave-nel-girone-kolyma\/","og_site_name":"Rassegna Stampa Cattolica","article_publisher":"https:\/\/www.facebook.com\/rassegnastampacattolica","article_published_time":"2005-07-28T22:00:00+00:00","article_modified_time":"2016-01-14T16:02:51+00:00","og_image":[{"width":242,"height":209,"url":"https:\/\/www.rassegnastampa-totustuus.it\/cattolica\/wp-content\/uploads\/2005\/07\/donne_gulag.jpg","type":"image\/jpeg"}],"author":"Redazione","twitter_card":"summary_large_image","twitter_creator":"@rassegnastampa9","twitter_site":"@rassegnastampa9","twitter_misc":{"Scritto da":"Redazione","Tempo di lettura stimato":"5 minuti"},"schema":{"@context":"https:\/\/schema.org","@graph":[{"@type":"Article","@id":"https:\/\/www.rassegnastampa-totustuus.it\/cattolica\/noi-donne-schiave-nel-girone-kolyma\/#article","isPartOf":{"@id":"https:\/\/www.rassegnastampa-totustuus.it\/cattolica\/noi-donne-schiave-nel-girone-kolyma\/"},"author":{"name":"Redazione","@id":"https:\/\/www.rassegnastampa-totustuus.it\/cattolica\/#\/schema\/person\/08f319d2bd1a0904ad9e2bfb7b15e5c3"},"headline":"&#8216;Noi donne schiave nel girone Kolyma&#8217;","datePublished":"2005-07-28T22:00:00+00:00","dateModified":"2016-01-14T16:02:51+00:00","mainEntityOfPage":{"@id":"https:\/\/www.rassegnastampa-totustuus.it\/cattolica\/noi-donne-schiave-nel-girone-kolyma\/"},"wordCount":1081,"publisher":{"@id":"https:\/\/www.rassegnastampa-totustuus.it\/cattolica\/#organization"},"image":{"@id":"https:\/\/www.rassegnastampa-totustuus.it\/cattolica\/noi-donne-schiave-nel-girone-kolyma\/#primaryimage"},"thumbnailUrl":"https:\/\/www.rassegnastampa-totustuus.it\/cattolica\/wp-content\/uploads\/2005\/07\/donne_gulag.jpg","keywords":["gulag","Urss"],"articleSection":["Comunismo","URSS"],"inLanguage":"it-IT"},{"@type":"WebPage","@id":"https:\/\/www.rassegnastampa-totustuus.it\/cattolica\/noi-donne-schiave-nel-girone-kolyma\/","url":"https:\/\/www.rassegnastampa-totustuus.it\/cattolica\/noi-donne-schiave-nel-girone-kolyma\/","name":"'Noi donne schiave nel girone Kolyma' - Rassegna Stampa Cattolica","isPartOf":{"@id":"https:\/\/www.rassegnastampa-totustuus.it\/cattolica\/#website"},"primaryImageOfPage":{"@id":"https:\/\/www.rassegnastampa-totustuus.it\/cattolica\/noi-donne-schiave-nel-girone-kolyma\/#primaryimage"},"image":{"@id":"https:\/\/www.rassegnastampa-totustuus.it\/cattolica\/noi-donne-schiave-nel-girone-kolyma\/#primaryimage"},"thumbnailUrl":"https:\/\/www.rassegnastampa-totustuus.it\/cattolica\/wp-content\/uploads\/2005\/07\/donne_gulag.jpg","datePublished":"2005-07-28T22:00:00+00:00","dateModified":"2016-01-14T16:02:51+00:00","description":"Rassegna Stampa Cattolica - Per una cultura che nasce dalla Rivelazione cristiana in conformit\u00e0 alla tradizione e al Magistero della Chiesa in opposizione ad ogni relativismo e totalitarismo","breadcrumb":{"@id":"https:\/\/www.rassegnastampa-totustuus.it\/cattolica\/noi-donne-schiave-nel-girone-kolyma\/#breadcrumb"},"inLanguage":"it-IT","potentialAction":[{"@type":"ReadAction","target":["https:\/\/www.rassegnastampa-totustuus.it\/cattolica\/noi-donne-schiave-nel-girone-kolyma\/"]}]},{"@type":"ImageObject","inLanguage":"it-IT","@id":"https:\/\/www.rassegnastampa-totustuus.it\/cattolica\/noi-donne-schiave-nel-girone-kolyma\/#primaryimage","url":"https:\/\/www.rassegnastampa-totustuus.it\/cattolica\/wp-content\/uploads\/2005\/07\/donne_gulag.jpg","contentUrl":"https:\/\/www.rassegnastampa-totustuus.it\/cattolica\/wp-content\/uploads\/2005\/07\/donne_gulag.jpg","width":242,"height":209},{"@type":"BreadcrumbList","@id":"https:\/\/www.rassegnastampa-totustuus.it\/cattolica\/noi-donne-schiave-nel-girone-kolyma\/#breadcrumb","itemListElement":[{"@type":"ListItem","position":1,"name":"Home","item":"https:\/\/www.rassegnastampa-totustuus.it\/cattolica\/"},{"@type":"ListItem","position":2,"name":"&#8216;Noi donne schiave nel girone Kolyma&#8217;"}]},{"@type":"WebSite","@id":"https:\/\/www.rassegnastampa-totustuus.it\/cattolica\/#website","url":"https:\/\/www.rassegnastampa-totustuus.it\/cattolica\/","name":"Rassegna Stampa Cattolica","description":"Per una cultura che nasce dalla Rivelazione cristiana in conformit\u00e0 alla tradizione e al Magistero della Chiesa in opposizione ad ogni relativismo e totalitarismo","publisher":{"@id":"https:\/\/www.rassegnastampa-totustuus.it\/cattolica\/#organization"},"alternateName":"Rass. Cattolica","potentialAction":[{"@type":"SearchAction","target":{"@type":"EntryPoint","urlTemplate":"https:\/\/www.rassegnastampa-totustuus.it\/cattolica\/?s={search_term_string}"},"query-input":{"@type":"PropertyValueSpecification","valueRequired":true,"valueName":"search_term_string"}}],"inLanguage":"it-IT"},{"@type":"Organization","@id":"https:\/\/www.rassegnastampa-totustuus.it\/cattolica\/#organization","name":"Rassegna Stampa Cattolica","url":"https:\/\/www.rassegnastampa-totustuus.it\/cattolica\/","logo":{"@type":"ImageObject","inLanguage":"it-IT","@id":"https:\/\/www.rassegnastampa-totustuus.it\/cattolica\/#\/schema\/logo\/image\/","url":"https:\/\/www.rassegnastampa-totustuus.it\/cattolica\/wp-content\/uploads\/2014\/04\/logo-rassegna1.gif","contentUrl":"https:\/\/www.rassegnastampa-totustuus.it\/cattolica\/wp-content\/uploads\/2014\/04\/logo-rassegna1.gif","width":600,"height":163,"caption":"Rassegna Stampa Cattolica"},"image":{"@id":"https:\/\/www.rassegnastampa-totustuus.it\/cattolica\/#\/schema\/logo\/image\/"},"sameAs":["https:\/\/www.facebook.com\/rassegnastampacattolica","https:\/\/x.com\/rassegnastampa9"]},{"@type":"Person","@id":"https:\/\/www.rassegnastampa-totustuus.it\/cattolica\/#\/schema\/person\/08f319d2bd1a0904ad9e2bfb7b15e5c3","name":"Redazione","image":{"@type":"ImageObject","inLanguage":"it-IT","@id":"https:\/\/secure.gravatar.com\/avatar\/2fcdf27c78ea025fbdb44e914cc63c72249ffec9dc8aafd5c82b26240ef3f346?s=96&d=mm&r=g","url":"https:\/\/secure.gravatar.com\/avatar\/2fcdf27c78ea025fbdb44e914cc63c72249ffec9dc8aafd5c82b26240ef3f346?s=96&d=mm&r=g","contentUrl":"https:\/\/secure.gravatar.com\/avatar\/2fcdf27c78ea025fbdb44e914cc63c72249ffec9dc8aafd5c82b26240ef3f346?s=96&d=mm&r=g","caption":"Redazione"},"url":"https:\/\/www.rassegnastampa-totustuus.it\/cattolica\/author\/pietroelle\/"}]}},"_links":{"self":[{"href":"https:\/\/www.rassegnastampa-totustuus.it\/cattolica\/wp-json\/wp\/v2\/posts\/1126","targetHints":{"allow":["GET"]}}],"collection":[{"href":"https:\/\/www.rassegnastampa-totustuus.it\/cattolica\/wp-json\/wp\/v2\/posts"}],"about":[{"href":"https:\/\/www.rassegnastampa-totustuus.it\/cattolica\/wp-json\/wp\/v2\/types\/post"}],"author":[{"embeddable":true,"href":"https:\/\/www.rassegnastampa-totustuus.it\/cattolica\/wp-json\/wp\/v2\/users\/6"}],"replies":[{"embeddable":true,"href":"https:\/\/www.rassegnastampa-totustuus.it\/cattolica\/wp-json\/wp\/v2\/comments?post=1126"}],"version-history":[{"count":4,"href":"https:\/\/www.rassegnastampa-totustuus.it\/cattolica\/wp-json\/wp\/v2\/posts\/1126\/revisions"}],"predecessor-version":[{"id":29373,"href":"https:\/\/www.rassegnastampa-totustuus.it\/cattolica\/wp-json\/wp\/v2\/posts\/1126\/revisions\/29373"}],"wp:featuredmedia":[{"embeddable":true,"href":"https:\/\/www.rassegnastampa-totustuus.it\/cattolica\/wp-json\/wp\/v2\/media\/29372"}],"wp:attachment":[{"href":"https:\/\/www.rassegnastampa-totustuus.it\/cattolica\/wp-json\/wp\/v2\/media?parent=1126"}],"wp:term":[{"taxonomy":"category","embeddable":true,"href":"https:\/\/www.rassegnastampa-totustuus.it\/cattolica\/wp-json\/wp\/v2\/categories?post=1126"},{"taxonomy":"post_tag","embeddable":true,"href":"https:\/\/www.rassegnastampa-totustuus.it\/cattolica\/wp-json\/wp\/v2\/tags?post=1126"}],"curies":[{"name":"wp","href":"https:\/\/api.w.org\/{rel}","templated":true}]}}