{"id":1120,"date":"2005-07-27T00:00:00","date_gmt":"2005-07-26T22:00:00","guid":{"rendered":""},"modified":"2016-07-06T17:32:16","modified_gmt":"2016-07-06T15:32:16","slug":"lutopia-che-uccide","status":"publish","type":"post","link":"https:\/\/www.rassegnastampa-totustuus.it\/cattolica\/lutopia-che-uccide\/","title":{"rendered":"L\u2019utopia che uccide"},"content":{"rendered":"<div style=\"text-align: center;\"><a href=\"http:\/\/www.mantovano.org\/\" target=\"_blank\">http:\/\/www.mantovano.org\/<\/a><a href=\"http:\/\/www.mantovano.org\/\" target=\"_blank\"><img loading=\"lazy\" decoding=\"async\" class=\"alignleft wp-image-35778\" src=\"https:\/\/www.rassegnastampa-totustuus.it\/cattolica\/wp-content\/uploads\/2005\/07\/comunismo-1.jpg\" alt=\"comunismo\" width=\"133\" height=\"200\" \/><\/a><\/div>\n<p style=\"text-align: center;\">di<strong> Alfredo Mantovano<\/strong><\/p>\n<div><\/div>\n<div style=\"text-align: justify;\">Berlino, 9 novembre 1989. Tutti ritengono la caduta del Muro fra gli eventi pi\u00f9 importanti degli ultimi decenni; la quantit\u00e0 di informazioni sull&#8217;evento non \u00e8 stata per\u00f2 accompagnata da una parallela qualit\u00e0 di analisi. Questo ovviamente non \u00e8 dipeso da carenza di intelletto degli osservatori, ma da precisi motivi.<\/div>\n<div style=\"text-align: justify;\"><!--more--><\/div>\n<p style=\"text-align: justify;\">Scrive Antonio Gramsci, nei Quaderni del carcere, che il materialismo &#8211; dialettico e storico &#8211; &#8220;presuppone tutto questo passato culturale, [\u2026] la Riforma, [\u2026] la rivoluzione francese, [\u2026] il liberalismo laico e lo storicismo che \u00e8 alla base di tutta la concezione moderna della vita&#8221;.<\/p>\n<p style=\"text-align: justify;\">Il materialismo \u00e8 &#8220;il coronamento di tutto questo movimento di riforma intellettuale e morale&#8221; e corrisponde &#8220;al nesso Riforma protestante + Rivoluzione francese&#8221;. Per Gramsci vi \u00e8 una connessione strutturale fra queste tappe: non \u00e8 possibile immaginarne una senza le precedenti, le prime si perpetuano &#8220;generando&#8221; necessariamente le successive, per una meccanica interna al processo.<\/p>\n<p style=\"text-align: justify;\">Questo percorso, nelle sue diverse manifestazioni, si appoggia su un sostrato comune, una sorta di comune denominatore: la convinzione ideologica secondo la quale il mondo \u00e8 stato fatto male; cos\u00ec com&#8217;\u00e8 non va, va cambiato in radice, nei suoi elementi strutturali. Non tutti per\u00f2 possono dare un contributo sostanziale nella direzione del cambiamento: ci\u00f2 compete a cerchie ristrette di persone, alle avanguardie della rivoluzione, dai capi dei giacobini ai dirigenti del Partito comunista; costoro, ponendosi alla guida del mutamento e valendosi di particolari tecniche, sono i soli in grado di ribaltare la situazione, e di condurre a un mondo finalmente e materialmente redento dai limiti naturali che ancora lo affliggono.<\/p>\n<p style=\"text-align: justify;\">Che cosa accade se il processo unitario richiamato da Gramsci finisce in un vicolo cieco, se la costruzione innalzata a costo di tanti sacrifici alla fine implode, se dal lungo travaglio del parto nasce un morto? L&#8217;esito, emblematizzato dalle pietre che rotolano dal Muro in disfacimento, si ripercuote necessariamente sull&#8217;intero processo, con una sorta di effetto domino, per la connessione che salda ogni tassello con il precedente.<\/p>\n<p style=\"text-align: justify;\">Il crollo del Muro pone in crisi nel suo insieme l&#8217;itinerario descritto con lucidit\u00e0 dal fondatore del PCI. L&#8217;implosione dei regimi totalitari dell&#8217;Europa centro-orientale rappresenta la certificazione storica della falsit\u00e0 della tesi di fondo del processo rivoluzionario che \u00e8 sfociato nel comunismo. A fronte di ci\u00f2, logica avrebbe imposto di risalire indietro, fino a ritrovare il punto a partire dal quale si \u00e8 sbagliata strada: non per riprendere ad andare a cavallo invece che in aereo, ma per cogliere quei presupposti remoti, culturali e politici, che hanno condotto senza soluzione di continuit\u00e0 all&#8217;universo dei gulag.<\/p>\n<p style=\"text-align: justify;\">Questo non \u00e8 stato fatto, o \u00e8 stato fatto in modo incompleto e parziale: a sinistra si pu\u00f2 accettare (con dispiacere) una ritirata tattica, non si pu\u00f2 accettare la rinuncia alla propria creatura ideologica. La nuvola di polvere sollevata dallo sbriciolamento del Muro e, un paio d&#8217;anni dopo, la rimozione della bandiera rossa dalla sommit\u00e0 del Kremlino non sono bastati a smuovere dalle fondamenta l&#8217;impalcatura ideologica di cui il Kremlino \u00e8 stato soltanto l&#8217;ultimo piano.<\/p>\n<p style=\"text-align: justify;\">Il fiume di sangue che ha irrorato interi continenti, con un numero di vittime che St\u00e9phane Courtois indica al minimo in 100 milioni di morti e altre fonti, come Eugenio Corti, in 200 milioni di morti, non \u00e8 stato sufficiente a far riconsiderare con spirito critico l&#8217;intero iter rivoluzionario e le sue basi. L&#8217;arretramento ideologico di larga parte della Sinistra le ha permesso di attestarsi alla fase antecedente.<\/p>\n<p style=\"text-align: justify;\">Basta scorrere qualche intervento di politici di Sinistra per constatare il rinvio, esplicito o implicito, al trinomio rivoluzionario del 1789, pur se variamente declinato e attualizzato. Si arretra di una tappa, che peraltro reca in s\u00e9 per intero i germi (e non solo i germi) del socialcomunismo attualmente sconfessato: quanto dista l&#8217;\u00e9galit\u00e9 giacobina rispetto al livellamento sociale realizzato sotto il simbolo della falce e del martello? Quanta \u00e8 lontana la ghigliottina, uguale per tutti, dall&#8217;universo dei gulag, egualmente massificante?<\/p>\n<p style=\"text-align: justify;\">L&#8217;arretramento tattico consente di non rifiutare la struttura profonda del processo rivoluzionario, il comune denominatore sopra descritto. Astrazioni? Nella Relazione introduttiva alla Convenzione programmatica dei Ds per il Programma dell&#8217;Ulivo del 4 Aprile 2003, parlando della mobilitazione contro l&#8217;intervento in Irak, l&#8217;on. Piero Fassino fra l&#8217;altro afferma: &#8220;questa vera e propria mutazione antropologica &#8211; l&#8217;umanit\u00e0 globale &#8211; sembra riconoscersi nel respingere con fermezza l&#8217;obiezione &#8220;realista&#8221; che Hegel [\u2026] rivolge all&#8217;utopia kantiana della &#8220;pace perpetua&#8221;. [\u2026] &#8220;Ebbene, in queste settimane, col moltiplicarsi di quelle bandiere arcobaleno alle finestre e nelle piazze, l&#8217;Europa si \u00e8 schierata per la pace perpetua di Kant, contro il realismo hegeliano. Ed ha consegnato alla politica un compito gigantesco: trovare i modi per rendere realistica questa grande utopia&#8221;.<\/p>\n<p style=\"text-align: justify;\">Al di l\u00e0 della questione specificamente dibattuta (crisi irakena) e al di l\u00e0 del riferimento ai due filosofi, citati pi\u00f9 o meno a proposito, interessa rilevare la &#8220;mentalit\u00e0&#8221; politica: il mondo \u00e8 in uno stato di sofferenza (crisi, guerre ecc.); la soluzione \u00e8 da ricercare immanentisticamente nella storia; questa &#8211; ammette Fassino &#8211; \u00e8 una &#8220;grande utopia&#8221;.<\/p>\n<p style=\"text-align: justify;\">L&#8217;utopia, a sua volta, pu\u00f2 tradursi in realt\u00e0 tramite l&#8217;azione politica, che \u00e8 realizzata da una ristretta cerchia di uomini, i quali attraverso le tecniche della politica sarebbero in grado di redimere il mondo dalle contraddizione che lo lacerano, conseguendo l&#8217;obiettivo: un mondo nuovo su questa terra. Ci risiamo: \u00e8 il fondamento di ogni utopia politica descritto in modo incomparabile da Eric Voegelin.<\/p>\n<p style=\"text-align: justify;\">Se, nella sostanza e oltre tanti distinguo, il maggiore partito della Sinistra italiana non si \u00e8 allontanato dal comune denominatore che \u00e8 stato l&#8217;humus &#8211; tra l&#8217;altro &#8211; del comunismo, bisogna ammettere che non sempre a Destra si \u00e8 colta fino in fondo la lezione del crollo del Muro: troppo spesso ci si \u00e8 limitati ad una analisi schiacciata fra i due poli dialettici comunismo\/anticomunismo, senza cogliere il processo rivoluzionario nella sua dinamica e nel suo fondamento.<\/p>\n<p style=\"text-align: justify;\">Qualche settimana fa Ernesto Galli Della Loggia ha nuovamente imputato alla Destra un deficit di solida cultura politica. Il richiamo, per quanto severo, non pu\u00f2 essere liquidato con stizza. Mi permetto per\u00f2 di rilanciare. L&#8217;analisi critica del processo posto in questione dai fatti del 1989 non \u00e8 semplice n\u00e9 agevole. E non pu\u00f2 essere compiuto in via principale dal ceto politico. \u00c8 necessario uno sforzo corale, organizzato, metodico, che interessi prima di tutto chi lavora nell&#8217;area della cultura della politica.<\/p>\n<p style=\"text-align: justify;\">Non basta il pur lodevole sforzo di alcune rare eccezioni. Se uno sforzo pi\u00f9 esteso e consistente riesce difficile, grazie anche all&#8217;efficace egemonia culturale imposta da Gramsci e dai suoi epigoni, dai singoli uomini di cultura (e di cultura politica) liberi da malizia ideologica ci si attende un approfondimento organico e articolato, che fornisca alla classe politica analisi ed elementi di valutazione.<\/p>\n<p style=\"text-align: justify;\">Non \u00e8 possibile realizzare un&#8217;azione politica realisticamente (non utopisticamente!) risanatrice, senza uno stretto gioco di squadra (non in termini di collateralismo bens\u00ec di sana collaborazione) fra i politici che intendono rispettare il diritto naturale e gli studiosi della scienza dell&#8217;ordine umano e sociale. Perch\u00e9 non sia vano il sacrificio di tante donne e di tanti uomini. E perch\u00e9 l&#8217;utopia non provochi nuovi imperdonabili lutti.<\/p>\n","protected":false},"excerpt":{"rendered":"<p>http:\/\/www.mantovano.org\/ di Alfredo Mantovano Berlino, 9 novembre 1989. Tutti ritengono la caduta del Muro fra gli eventi pi\u00f9 importanti degli ultimi decenni; la quantit\u00e0 di informazioni sull&#8217;evento non \u00e8 stata per\u00f2 accompagnata da una parallela qualit\u00e0 di analisi. Questo ovviamente non \u00e8 dipeso da carenza di intelletto degli osservatori, ma da precisi motivi.<\/p><p><a class=\"more-link btn\" href=\"https:\/\/www.rassegnastampa-totustuus.it\/cattolica\/lutopia-che-uccide\/\">Continua a leggere<\/a><\/p>\n","protected":false},"author":6,"featured_media":35778,"comment_status":"closed","ping_status":"open","sticky":false,"template":"","format":"standard","meta":{"footnotes":""},"categories":[32],"tags":[139,873],"class_list":["post-1120","post","type-post","status-publish","format-standard","has-post-thumbnail","hentry","category-filosofia-del-comunismo","tag-comunismo","tag-crollo-del-muro","item-wrap"],"yoast_head":"<!-- This site is optimized with the Yoast SEO plugin v27.5 - https:\/\/yoast.com\/product\/yoast-seo-wordpress\/ -->\n<title>L\u2019utopia che uccide - Rassegna Stampa Cattolica<\/title>\n<meta name=\"description\" content=\"Rassegna Stampa Cattolica - Per una cultura che nasce dalla Rivelazione cristiana in conformit\u00e0 alla tradizione e al Magistero della Chiesa in opposizione ad ogni relativismo e totalitarismo\" \/>\n<meta name=\"robots\" content=\"index, follow, max-snippet:-1, max-image-preview:large, max-video-preview:-1\" \/>\n<link rel=\"canonical\" href=\"https:\/\/www.rassegnastampa-totustuus.it\/cattolica\/lutopia-che-uccide\/\" \/>\n<meta property=\"og:locale\" content=\"it_IT\" \/>\n<meta property=\"og:type\" content=\"article\" \/>\n<meta property=\"og:title\" content=\"L\u2019utopia che uccide - Rassegna Stampa Cattolica\" \/>\n<meta property=\"og:description\" content=\"Rassegna Stampa Cattolica - Per una cultura che nasce dalla Rivelazione cristiana in conformit\u00e0 alla tradizione e al Magistero della Chiesa in opposizione ad ogni relativismo e totalitarismo\" \/>\n<meta property=\"og:url\" content=\"https:\/\/www.rassegnastampa-totustuus.it\/cattolica\/lutopia-che-uccide\/\" \/>\n<meta property=\"og:site_name\" content=\"Rassegna Stampa Cattolica\" \/>\n<meta property=\"article:publisher\" content=\"https:\/\/www.facebook.com\/rassegnastampacattolica\" \/>\n<meta property=\"article:published_time\" content=\"2005-07-26T22:00:00+00:00\" \/>\n<meta property=\"article:modified_time\" content=\"2016-07-06T15:32:16+00:00\" \/>\n<meta property=\"og:image\" content=\"https:\/\/www.rassegnastampa-totustuus.it\/cattolica\/wp-content\/uploads\/2005\/07\/comunismo-1.jpg\" \/>\n\t<meta property=\"og:image:width\" content=\"160\" \/>\n\t<meta property=\"og:image:height\" content=\"240\" \/>\n\t<meta property=\"og:image:type\" content=\"image\/jpeg\" \/>\n<meta name=\"author\" content=\"Redazione\" \/>\n<meta name=\"twitter:card\" content=\"summary_large_image\" \/>\n<meta name=\"twitter:creator\" content=\"@rassegnastampa9\" \/>\n<meta name=\"twitter:site\" content=\"@rassegnastampa9\" \/>\n<meta name=\"twitter:label1\" content=\"Scritto da\" \/>\n\t<meta name=\"twitter:data1\" content=\"Redazione\" \/>\n\t<meta name=\"twitter:label2\" content=\"Tempo di lettura stimato\" \/>\n\t<meta name=\"twitter:data2\" content=\"6 minuti\" \/>\n<script type=\"application\/ld+json\" class=\"yoast-schema-graph\">{\"@context\":\"https:\\\/\\\/schema.org\",\"@graph\":[{\"@type\":\"Article\",\"@id\":\"https:\\\/\\\/www.rassegnastampa-totustuus.it\\\/cattolica\\\/lutopia-che-uccide\\\/#article\",\"isPartOf\":{\"@id\":\"https:\\\/\\\/www.rassegnastampa-totustuus.it\\\/cattolica\\\/lutopia-che-uccide\\\/\"},\"author\":{\"name\":\"Redazione\",\"@id\":\"https:\\\/\\\/www.rassegnastampa-totustuus.it\\\/cattolica\\\/#\\\/schema\\\/person\\\/08f319d2bd1a0904ad9e2bfb7b15e5c3\"},\"headline\":\"L\u2019utopia che uccide\",\"datePublished\":\"2005-07-26T22:00:00+00:00\",\"dateModified\":\"2016-07-06T15:32:16+00:00\",\"mainEntityOfPage\":{\"@id\":\"https:\\\/\\\/www.rassegnastampa-totustuus.it\\\/cattolica\\\/lutopia-che-uccide\\\/\"},\"wordCount\":1173,\"publisher\":{\"@id\":\"https:\\\/\\\/www.rassegnastampa-totustuus.it\\\/cattolica\\\/#organization\"},\"image\":{\"@id\":\"https:\\\/\\\/www.rassegnastampa-totustuus.it\\\/cattolica\\\/lutopia-che-uccide\\\/#primaryimage\"},\"thumbnailUrl\":\"https:\\\/\\\/www.rassegnastampa-totustuus.it\\\/cattolica\\\/wp-content\\\/uploads\\\/2005\\\/07\\\/comunismo-1.jpg\",\"keywords\":[\"comunismo\",\"crollo del Muro\"],\"articleSection\":[\"Comunismo\"],\"inLanguage\":\"it-IT\"},{\"@type\":\"WebPage\",\"@id\":\"https:\\\/\\\/www.rassegnastampa-totustuus.it\\\/cattolica\\\/lutopia-che-uccide\\\/\",\"url\":\"https:\\\/\\\/www.rassegnastampa-totustuus.it\\\/cattolica\\\/lutopia-che-uccide\\\/\",\"name\":\"L\u2019utopia che uccide - Rassegna Stampa Cattolica\",\"isPartOf\":{\"@id\":\"https:\\\/\\\/www.rassegnastampa-totustuus.it\\\/cattolica\\\/#website\"},\"primaryImageOfPage\":{\"@id\":\"https:\\\/\\\/www.rassegnastampa-totustuus.it\\\/cattolica\\\/lutopia-che-uccide\\\/#primaryimage\"},\"image\":{\"@id\":\"https:\\\/\\\/www.rassegnastampa-totustuus.it\\\/cattolica\\\/lutopia-che-uccide\\\/#primaryimage\"},\"thumbnailUrl\":\"https:\\\/\\\/www.rassegnastampa-totustuus.it\\\/cattolica\\\/wp-content\\\/uploads\\\/2005\\\/07\\\/comunismo-1.jpg\",\"datePublished\":\"2005-07-26T22:00:00+00:00\",\"dateModified\":\"2016-07-06T15:32:16+00:00\",\"description\":\"Rassegna Stampa Cattolica - Per una cultura che nasce dalla Rivelazione cristiana in conformit\u00e0 alla tradizione e al Magistero della Chiesa in opposizione ad ogni relativismo e totalitarismo\",\"breadcrumb\":{\"@id\":\"https:\\\/\\\/www.rassegnastampa-totustuus.it\\\/cattolica\\\/lutopia-che-uccide\\\/#breadcrumb\"},\"inLanguage\":\"it-IT\",\"potentialAction\":[{\"@type\":\"ReadAction\",\"target\":[\"https:\\\/\\\/www.rassegnastampa-totustuus.it\\\/cattolica\\\/lutopia-che-uccide\\\/\"]}]},{\"@type\":\"ImageObject\",\"inLanguage\":\"it-IT\",\"@id\":\"https:\\\/\\\/www.rassegnastampa-totustuus.it\\\/cattolica\\\/lutopia-che-uccide\\\/#primaryimage\",\"url\":\"https:\\\/\\\/www.rassegnastampa-totustuus.it\\\/cattolica\\\/wp-content\\\/uploads\\\/2005\\\/07\\\/comunismo-1.jpg\",\"contentUrl\":\"https:\\\/\\\/www.rassegnastampa-totustuus.it\\\/cattolica\\\/wp-content\\\/uploads\\\/2005\\\/07\\\/comunismo-1.jpg\",\"width\":160,\"height\":240},{\"@type\":\"BreadcrumbList\",\"@id\":\"https:\\\/\\\/www.rassegnastampa-totustuus.it\\\/cattolica\\\/lutopia-che-uccide\\\/#breadcrumb\",\"itemListElement\":[{\"@type\":\"ListItem\",\"position\":1,\"name\":\"Home\",\"item\":\"https:\\\/\\\/www.rassegnastampa-totustuus.it\\\/cattolica\\\/\"},{\"@type\":\"ListItem\",\"position\":2,\"name\":\"L\u2019utopia che uccide\"}]},{\"@type\":\"WebSite\",\"@id\":\"https:\\\/\\\/www.rassegnastampa-totustuus.it\\\/cattolica\\\/#website\",\"url\":\"https:\\\/\\\/www.rassegnastampa-totustuus.it\\\/cattolica\\\/\",\"name\":\"Rassegna Stampa Cattolica\",\"description\":\"Per una cultura che nasce dalla Rivelazione cristiana in conformit\u00e0 alla tradizione e al Magistero della Chiesa in opposizione ad ogni relativismo e totalitarismo\",\"publisher\":{\"@id\":\"https:\\\/\\\/www.rassegnastampa-totustuus.it\\\/cattolica\\\/#organization\"},\"alternateName\":\"Rass. Cattolica\",\"potentialAction\":[{\"@type\":\"SearchAction\",\"target\":{\"@type\":\"EntryPoint\",\"urlTemplate\":\"https:\\\/\\\/www.rassegnastampa-totustuus.it\\\/cattolica\\\/?s={search_term_string}\"},\"query-input\":{\"@type\":\"PropertyValueSpecification\",\"valueRequired\":true,\"valueName\":\"search_term_string\"}}],\"inLanguage\":\"it-IT\"},{\"@type\":\"Organization\",\"@id\":\"https:\\\/\\\/www.rassegnastampa-totustuus.it\\\/cattolica\\\/#organization\",\"name\":\"Rassegna Stampa Cattolica\",\"url\":\"https:\\\/\\\/www.rassegnastampa-totustuus.it\\\/cattolica\\\/\",\"logo\":{\"@type\":\"ImageObject\",\"inLanguage\":\"it-IT\",\"@id\":\"https:\\\/\\\/www.rassegnastampa-totustuus.it\\\/cattolica\\\/#\\\/schema\\\/logo\\\/image\\\/\",\"url\":\"https:\\\/\\\/www.rassegnastampa-totustuus.it\\\/cattolica\\\/wp-content\\\/uploads\\\/2014\\\/04\\\/logo-rassegna1.gif\",\"contentUrl\":\"https:\\\/\\\/www.rassegnastampa-totustuus.it\\\/cattolica\\\/wp-content\\\/uploads\\\/2014\\\/04\\\/logo-rassegna1.gif\",\"width\":600,\"height\":163,\"caption\":\"Rassegna Stampa Cattolica\"},\"image\":{\"@id\":\"https:\\\/\\\/www.rassegnastampa-totustuus.it\\\/cattolica\\\/#\\\/schema\\\/logo\\\/image\\\/\"},\"sameAs\":[\"https:\\\/\\\/www.facebook.com\\\/rassegnastampacattolica\",\"https:\\\/\\\/x.com\\\/rassegnastampa9\"]},{\"@type\":\"Person\",\"@id\":\"https:\\\/\\\/www.rassegnastampa-totustuus.it\\\/cattolica\\\/#\\\/schema\\\/person\\\/08f319d2bd1a0904ad9e2bfb7b15e5c3\",\"name\":\"Redazione\",\"image\":{\"@type\":\"ImageObject\",\"inLanguage\":\"it-IT\",\"@id\":\"https:\\\/\\\/secure.gravatar.com\\\/avatar\\\/2fcdf27c78ea025fbdb44e914cc63c72249ffec9dc8aafd5c82b26240ef3f346?s=96&d=mm&r=g\",\"url\":\"https:\\\/\\\/secure.gravatar.com\\\/avatar\\\/2fcdf27c78ea025fbdb44e914cc63c72249ffec9dc8aafd5c82b26240ef3f346?s=96&d=mm&r=g\",\"contentUrl\":\"https:\\\/\\\/secure.gravatar.com\\\/avatar\\\/2fcdf27c78ea025fbdb44e914cc63c72249ffec9dc8aafd5c82b26240ef3f346?s=96&d=mm&r=g\",\"caption\":\"Redazione\"},\"url\":\"https:\\\/\\\/www.rassegnastampa-totustuus.it\\\/cattolica\\\/author\\\/pietroelle\\\/\"}]}<\/script>\n<!-- \/ Yoast SEO plugin. -->","yoast_head_json":{"title":"L\u2019utopia che uccide - Rassegna Stampa Cattolica","description":"Rassegna Stampa Cattolica - Per una cultura che nasce dalla Rivelazione cristiana in conformit\u00e0 alla tradizione e al Magistero della Chiesa in opposizione ad ogni relativismo e totalitarismo","robots":{"index":"index","follow":"follow","max-snippet":"max-snippet:-1","max-image-preview":"max-image-preview:large","max-video-preview":"max-video-preview:-1"},"canonical":"https:\/\/www.rassegnastampa-totustuus.it\/cattolica\/lutopia-che-uccide\/","og_locale":"it_IT","og_type":"article","og_title":"L\u2019utopia che uccide - Rassegna Stampa Cattolica","og_description":"Rassegna Stampa Cattolica - Per una cultura che nasce dalla Rivelazione cristiana in conformit\u00e0 alla tradizione e al Magistero della Chiesa in opposizione ad ogni relativismo e totalitarismo","og_url":"https:\/\/www.rassegnastampa-totustuus.it\/cattolica\/lutopia-che-uccide\/","og_site_name":"Rassegna Stampa Cattolica","article_publisher":"https:\/\/www.facebook.com\/rassegnastampacattolica","article_published_time":"2005-07-26T22:00:00+00:00","article_modified_time":"2016-07-06T15:32:16+00:00","og_image":[{"width":160,"height":240,"url":"https:\/\/www.rassegnastampa-totustuus.it\/cattolica\/wp-content\/uploads\/2005\/07\/comunismo-1.jpg","type":"image\/jpeg"}],"author":"Redazione","twitter_card":"summary_large_image","twitter_creator":"@rassegnastampa9","twitter_site":"@rassegnastampa9","twitter_misc":{"Scritto da":"Redazione","Tempo di lettura stimato":"6 minuti"},"schema":{"@context":"https:\/\/schema.org","@graph":[{"@type":"Article","@id":"https:\/\/www.rassegnastampa-totustuus.it\/cattolica\/lutopia-che-uccide\/#article","isPartOf":{"@id":"https:\/\/www.rassegnastampa-totustuus.it\/cattolica\/lutopia-che-uccide\/"},"author":{"name":"Redazione","@id":"https:\/\/www.rassegnastampa-totustuus.it\/cattolica\/#\/schema\/person\/08f319d2bd1a0904ad9e2bfb7b15e5c3"},"headline":"L\u2019utopia che uccide","datePublished":"2005-07-26T22:00:00+00:00","dateModified":"2016-07-06T15:32:16+00:00","mainEntityOfPage":{"@id":"https:\/\/www.rassegnastampa-totustuus.it\/cattolica\/lutopia-che-uccide\/"},"wordCount":1173,"publisher":{"@id":"https:\/\/www.rassegnastampa-totustuus.it\/cattolica\/#organization"},"image":{"@id":"https:\/\/www.rassegnastampa-totustuus.it\/cattolica\/lutopia-che-uccide\/#primaryimage"},"thumbnailUrl":"https:\/\/www.rassegnastampa-totustuus.it\/cattolica\/wp-content\/uploads\/2005\/07\/comunismo-1.jpg","keywords":["comunismo","crollo del Muro"],"articleSection":["Comunismo"],"inLanguage":"it-IT"},{"@type":"WebPage","@id":"https:\/\/www.rassegnastampa-totustuus.it\/cattolica\/lutopia-che-uccide\/","url":"https:\/\/www.rassegnastampa-totustuus.it\/cattolica\/lutopia-che-uccide\/","name":"L\u2019utopia che uccide - Rassegna Stampa Cattolica","isPartOf":{"@id":"https:\/\/www.rassegnastampa-totustuus.it\/cattolica\/#website"},"primaryImageOfPage":{"@id":"https:\/\/www.rassegnastampa-totustuus.it\/cattolica\/lutopia-che-uccide\/#primaryimage"},"image":{"@id":"https:\/\/www.rassegnastampa-totustuus.it\/cattolica\/lutopia-che-uccide\/#primaryimage"},"thumbnailUrl":"https:\/\/www.rassegnastampa-totustuus.it\/cattolica\/wp-content\/uploads\/2005\/07\/comunismo-1.jpg","datePublished":"2005-07-26T22:00:00+00:00","dateModified":"2016-07-06T15:32:16+00:00","description":"Rassegna Stampa Cattolica - Per una cultura che nasce dalla Rivelazione cristiana in conformit\u00e0 alla tradizione e al Magistero della Chiesa in opposizione ad ogni relativismo e totalitarismo","breadcrumb":{"@id":"https:\/\/www.rassegnastampa-totustuus.it\/cattolica\/lutopia-che-uccide\/#breadcrumb"},"inLanguage":"it-IT","potentialAction":[{"@type":"ReadAction","target":["https:\/\/www.rassegnastampa-totustuus.it\/cattolica\/lutopia-che-uccide\/"]}]},{"@type":"ImageObject","inLanguage":"it-IT","@id":"https:\/\/www.rassegnastampa-totustuus.it\/cattolica\/lutopia-che-uccide\/#primaryimage","url":"https:\/\/www.rassegnastampa-totustuus.it\/cattolica\/wp-content\/uploads\/2005\/07\/comunismo-1.jpg","contentUrl":"https:\/\/www.rassegnastampa-totustuus.it\/cattolica\/wp-content\/uploads\/2005\/07\/comunismo-1.jpg","width":160,"height":240},{"@type":"BreadcrumbList","@id":"https:\/\/www.rassegnastampa-totustuus.it\/cattolica\/lutopia-che-uccide\/#breadcrumb","itemListElement":[{"@type":"ListItem","position":1,"name":"Home","item":"https:\/\/www.rassegnastampa-totustuus.it\/cattolica\/"},{"@type":"ListItem","position":2,"name":"L\u2019utopia che uccide"}]},{"@type":"WebSite","@id":"https:\/\/www.rassegnastampa-totustuus.it\/cattolica\/#website","url":"https:\/\/www.rassegnastampa-totustuus.it\/cattolica\/","name":"Rassegna Stampa Cattolica","description":"Per una cultura che nasce dalla Rivelazione cristiana in conformit\u00e0 alla tradizione e al Magistero della Chiesa in opposizione ad ogni relativismo e totalitarismo","publisher":{"@id":"https:\/\/www.rassegnastampa-totustuus.it\/cattolica\/#organization"},"alternateName":"Rass. Cattolica","potentialAction":[{"@type":"SearchAction","target":{"@type":"EntryPoint","urlTemplate":"https:\/\/www.rassegnastampa-totustuus.it\/cattolica\/?s={search_term_string}"},"query-input":{"@type":"PropertyValueSpecification","valueRequired":true,"valueName":"search_term_string"}}],"inLanguage":"it-IT"},{"@type":"Organization","@id":"https:\/\/www.rassegnastampa-totustuus.it\/cattolica\/#organization","name":"Rassegna Stampa Cattolica","url":"https:\/\/www.rassegnastampa-totustuus.it\/cattolica\/","logo":{"@type":"ImageObject","inLanguage":"it-IT","@id":"https:\/\/www.rassegnastampa-totustuus.it\/cattolica\/#\/schema\/logo\/image\/","url":"https:\/\/www.rassegnastampa-totustuus.it\/cattolica\/wp-content\/uploads\/2014\/04\/logo-rassegna1.gif","contentUrl":"https:\/\/www.rassegnastampa-totustuus.it\/cattolica\/wp-content\/uploads\/2014\/04\/logo-rassegna1.gif","width":600,"height":163,"caption":"Rassegna Stampa Cattolica"},"image":{"@id":"https:\/\/www.rassegnastampa-totustuus.it\/cattolica\/#\/schema\/logo\/image\/"},"sameAs":["https:\/\/www.facebook.com\/rassegnastampacattolica","https:\/\/x.com\/rassegnastampa9"]},{"@type":"Person","@id":"https:\/\/www.rassegnastampa-totustuus.it\/cattolica\/#\/schema\/person\/08f319d2bd1a0904ad9e2bfb7b15e5c3","name":"Redazione","image":{"@type":"ImageObject","inLanguage":"it-IT","@id":"https:\/\/secure.gravatar.com\/avatar\/2fcdf27c78ea025fbdb44e914cc63c72249ffec9dc8aafd5c82b26240ef3f346?s=96&d=mm&r=g","url":"https:\/\/secure.gravatar.com\/avatar\/2fcdf27c78ea025fbdb44e914cc63c72249ffec9dc8aafd5c82b26240ef3f346?s=96&d=mm&r=g","contentUrl":"https:\/\/secure.gravatar.com\/avatar\/2fcdf27c78ea025fbdb44e914cc63c72249ffec9dc8aafd5c82b26240ef3f346?s=96&d=mm&r=g","caption":"Redazione"},"url":"https:\/\/www.rassegnastampa-totustuus.it\/cattolica\/author\/pietroelle\/"}]}},"_links":{"self":[{"href":"https:\/\/www.rassegnastampa-totustuus.it\/cattolica\/wp-json\/wp\/v2\/posts\/1120","targetHints":{"allow":["GET"]}}],"collection":[{"href":"https:\/\/www.rassegnastampa-totustuus.it\/cattolica\/wp-json\/wp\/v2\/posts"}],"about":[{"href":"https:\/\/www.rassegnastampa-totustuus.it\/cattolica\/wp-json\/wp\/v2\/types\/post"}],"author":[{"embeddable":true,"href":"https:\/\/www.rassegnastampa-totustuus.it\/cattolica\/wp-json\/wp\/v2\/users\/6"}],"replies":[{"embeddable":true,"href":"https:\/\/www.rassegnastampa-totustuus.it\/cattolica\/wp-json\/wp\/v2\/comments?post=1120"}],"version-history":[{"count":4,"href":"https:\/\/www.rassegnastampa-totustuus.it\/cattolica\/wp-json\/wp\/v2\/posts\/1120\/revisions"}],"predecessor-version":[{"id":35780,"href":"https:\/\/www.rassegnastampa-totustuus.it\/cattolica\/wp-json\/wp\/v2\/posts\/1120\/revisions\/35780"}],"wp:featuredmedia":[{"embeddable":true,"href":"https:\/\/www.rassegnastampa-totustuus.it\/cattolica\/wp-json\/wp\/v2\/media\/35778"}],"wp:attachment":[{"href":"https:\/\/www.rassegnastampa-totustuus.it\/cattolica\/wp-json\/wp\/v2\/media?parent=1120"}],"wp:term":[{"taxonomy":"category","embeddable":true,"href":"https:\/\/www.rassegnastampa-totustuus.it\/cattolica\/wp-json\/wp\/v2\/categories?post=1120"},{"taxonomy":"post_tag","embeddable":true,"href":"https:\/\/www.rassegnastampa-totustuus.it\/cattolica\/wp-json\/wp\/v2\/tags?post=1120"}],"curies":[{"name":"wp","href":"https:\/\/api.w.org\/{rel}","templated":true}]}}