{"id":1117,"date":"2005-07-27T00:00:00","date_gmt":"2005-07-26T22:00:00","guid":{"rendered":""},"modified":"2015-12-16T14:49:18","modified_gmt":"2015-12-16T13:49:18","slug":"metamorfosi-del-socialcomunismo","status":"publish","type":"post","link":"https:\/\/www.rassegnastampa-totustuus.it\/cattolica\/metamorfosi-del-socialcomunismo\/","title":{"rendered":"Metamorfosi del socialcomunismo"},"content":{"rendered":"<div style=\"text-align: center;\">\n<div id=\"attachment_28832\" style=\"width: 271px\" class=\"wp-caption alignright\"><a href=\"https:\/\/www.rassegnastampa-totustuus.it\/cattolica\/wp-content\/uploads\/2005\/07\/Cremlino_bandiera.jpg\"><img loading=\"lazy\" decoding=\"async\" aria-describedby=\"caption-attachment-28832\" class=\"wp-image-28832 \" src=\"https:\/\/www.rassegnastampa-totustuus.it\/cattolica\/wp-content\/uploads\/2005\/07\/Cremlino_bandiera.jpg\" alt=\"Cremlino_bandiera\" width=\"271\" height=\"152\" \/><\/a><p id=\"caption-attachment-28832\" class=\"wp-caption-text\">25 dicembre 1991. La bandiera dell&#8217;ex Urss \u00e8 ammainata sul Cremlino<\/p><\/div>\n<p><strong>DAL RELATIVISMO TOTALITARIO AL RELATIVISMO DEMOCRATICO<\/strong><\/p>\n<\/div>\n<p style=\"text-align: center;\">Tratto da <strong>Cristianit\u00e0<\/strong>, N. 261-262 gennaio-febbraio 1997<\/p>\n<p style=\"text-align: center;\">di <strong>Giovanni Cantoni<\/strong><\/p>\n<p style=\"text-align: justify;\"><em>Relazione predisposta per il convegno internazionale Dalla Rivoluzione d&#8217;Ottobre al crollo del Muro: ascesa, caduta e metamorfosi del socialcomunismo &#8211; promosso da Cristianit\u00e0 e da Alleanza Cattolica in collaborazione con la Regione Lombardia Settore Trasparenza e Cultura, Milano 27-10-1996 -, ampliata e annotata.<\/em><\/p>\n<p><!--more--><\/p>\n<div style=\"text-align: justify;\"><strong>1.<\/strong> Mi propongo di ricostruire, secondo le categorie interpretative della scuola cattolica contro-rivoluzionaria, quanto \u00e8 accaduto ed \u00e8 in via di accadimento nel mondo per relazione al socialcomunismo, avendo presente in modo particolare il suo <em>focus <\/em>storico sovietico e la sua agenzia italiana, facendo riferimento:<\/div>\n<p style=\"text-align: justify;\"><strong>a.<\/strong> con l&#8217;espressione &#8220;accaduto&#8221; alla nascita del socialcomunismo dall&#8217;albero della Rivoluzione;<\/p>\n<p style=\"text-align: justify;\"><strong>b.<\/strong> con l&#8217;espressione &#8220;in via di accadimento&#8221;, a quanto si viene producendo nello stesso albero a partire dal 1968\/1989, due date collegate da qualcosa di ben maggiore del doppio rovesciamento delle loro ultime due cifre; infine,<\/p>\n<p style=\"text-align: justify;\"><strong>c.<\/strong> non pretendo assolutamente di dare ragione &#8211; neppure in modo sintetico &#8211; dell&#8217;esistente storico nella sua globalit\u00e0, ma di mettere a fuoco un momento d&#8217;avanguardia del processo rivoluzionario, soprattutto della transizione fra due fasi di esso, da quella a dominante socio-economica a quella a dominante socio-culturale, non per questo per\u00f2 priva di una dimensione macrostrutturale.<\/p>\n<p style=\"text-align: justify;\"><strong style=\"font-size: 12px;\">2.<\/strong><span style=\"font-size: 12px;\"> La prospettiva contro-rivoluzionaria \u00e8 caratterizzata anzitutto dall&#8217;attenzione privilegiata al rapporto fra l&#8217;uomo e Dio, fra l&#8217;uomo &#8220;essere vivente sociale&#8221; e Dio, fra le comunit\u00e0 umane e Dio; quindi &#8211; in subordine &#8211; alla storia di questo rapporto per relazione alle singole comunit\u00e0 umane, articolazioni dell&#8217;unica famiglia umana. In altri termini, l&#8217;attenzione del cattolico contro-rivoluzionario \u00e8 inevitabilmente e correttamente concentrata sulla natura dell&#8217;uomo, avendo per\u00f2 ben presente che questa natura ha una storia &#8211; un dinamismo intrinseco e una dinamica estrinseca -, che costituisce una preziosa fonte d&#8217;informazione su tale natura, quindi un ricco deposito di esperienza, perci\u00f2 base adeguata di previsione.<\/span><\/p>\n<p style=\"text-align: justify;\"><strong>3.<\/strong> L&#8217;uomo, &#8220;essere vivente in relazione&#8221;, ha rapporti con Dio, con gli altri uomini e con il creato, la realt\u00e0 creata non umana: sebbene si possano identificare &#8211; e quindi descrivere &#8211; modelli di gran lunga pi\u00f9 articolati, il rapporto con Dio pu\u00f2 essere indicato brevemente, ma non per questo semplicisticamente, come religione, quello con gli altri come politica e quello con il creato come economia.<\/p>\n<p style=\"text-align: justify;\"><strong>4.<\/strong> Lo storico soddisfacimento, la positiva saturazione di questi rapporti definisce il processo di civilizzazione, che si realizza come <em>un <\/em>processo di civilizzazione, cio\u00e8 interessa immediatamente una porzione di umanit\u00e0. Si tratta del rivestimento dell&#8217;uomo che si accorge di essere nudo dopo il peccato e si fornisce di vesti, di <em>vestis <\/em>&#8211; dice sant&#8217;Agostino (354-430) -, <em>&#8220;id est hominum instituta&#8221;<\/em>, cio\u00e8 di <em>&#8220;istituzioni umane&#8221; <\/em>( 1 ), sia attraverso l&#8217;opera propria, intrecciando foglie di fico ( 2 ), sia attraverso l&#8217;azione provvidente di Dio, la provvidenza naturale divina, che gli si manifesta con la fornitura di vesti di pelli ( 3 ).<\/p>\n<p style=\"text-align: justify;\"><strong>5.<\/strong> In quest&#8217;ottica, il rapporto con Dio \u00e8 evidentemente dominante per l&#8217;oggettiva rilevanza di un termine della relazione, cio\u00e8 Dio; e la rottura del rapporto con Dio, la &#8220;caduta&#8221; dell&#8217;uomo, definisce la Rivoluzione come atto di insubordinazione e come processo nel corso del quale si consuma tale rottura, attraverso la sua proiezione a cascata, la sua &#8220;ri-caduta&#8221; sugli altri rapporti identificati.<\/p>\n<p style=\"text-align: justify;\"><strong>6. <\/strong>Per relazione alla civilt\u00e0 cristiana romano-germanica, indicata talora &#8211; con diverse sottolineature e con diversa precisione nonch\u00e9 con soggiacenti diverse limitazioni &#8211; anche come &#8220;Medioevo&#8221;, &#8220;Europa cristiana&#8221;, &#8220;Occidente&#8221;, &#8220;civilt\u00e0 occidentale&#8221;, e cos\u00ec via, Papa Giovanni Paolo II osserva che, <em>&#8220;nel corso <\/em>[&#8230;] <em>del millennio che sta per chiudersi, l&#8217;Europa ha sub\u00ecto <\/em>la tentazione di una riconversione all&#8217;umanesimo pagano<em>&#8221; <\/em>( 4 ); ma, se <em>&#8220;la crisi messa in moto dall&#8217;Umanesimo angosci\u00f2 non pochi spiriti e raggiunse piena consapevolezza culturale nell&#8217;epoca dell&#8217;Illuminismo&#8221; <\/em>( 5 ), momento significativo di questo itinerario \u00e8 stata la <em>&#8220;<\/em>[&#8230;] <em>rivoluzione culturale del Rinascimento, la cui radice ultima consisteva nella sostituzione dell&#8217;idea di Dio con quella dell&#8217;uomo come misura e luce della creazione&#8221; <\/em>( 6 ).<\/p>\n<p style=\"text-align: justify;\">Attraverso questa rivoluzione culturale, dal punto di vista dottrinale e di lungo periodo si apre la strada alla socializzazione dell&#8217;ateismo: <em>&#8220;<\/em>[&#8230;] <em>in una gigantesca sfida <\/em>&#8211; afferma sempre il Sommo Pontefice &#8211;<em>, l&#8217;uomo moderno, dopo il Rinascimento, si \u00e8 eretto contro <\/em>[&#8230;] [il] <em>messaggio di salvezza, e si \u00e8 messo a rifiutare Dio nel nome della sua stessa dignit\u00e0 di uomo. Dapprima riservato a un piccolo gruppo di spiriti, l'&#8221;intellighentia&#8221; che si considerava come un&#8217;<\/em>\u00e9lite<em>, l&#8217;ateismo \u00e8 oggi divenuto un fenomeno di massa che investe le Chiese. <\/em><\/p>\n<p style=\"text-align: justify;\"><em>Molto di pi\u00f9, esso le compenetra dall&#8217;interno, come se i credenti stessi, ivi compresi coloro che si rifanno a Ges\u00f9 Cristo, trovassero in s\u00e9 una segreta connivenza rovinosa della fede in Dio, nel nome dell&#8217;autonomia e della dignit\u00e0 dell&#8217;uomo. Si tratta di un <\/em>&#8220;vero secolarismo&#8221;<em>, secondo l&#8217;espressione di Paolo VI nella sua esortazione apostolica <\/em>Evangelii Nuntiandi<em>: <\/em>&#8220;Una concezione del mondo per la quale quest&#8217;ultimo si spiega da solo, senza che ci sia bisogno di ricorrere a Dio; Dio divenuto cos\u00ec superfluo e ingombrante. Un tale secolarismo per riconoscere il potere dell&#8217;uomo, finisce dunque per sorpassare Dio, e anche per negare Dio&#8221;<em>&#8221; <\/em>(7)<em>.<\/em><\/p>\n<p style=\"text-align: justify;\"><strong>7.<\/strong> La tesi citata potrebbe essere oggetto di un&#8217;immediata ripulsa, se non addirittura venire derisa, in quanto tesi smentita dai fatti. Se, all&#8217;inizio degli anni 1960, come esito del processo di secolarizzazione si poteva ipotizzare la fine della religione, quindi l&#8217;avvento dell&#8217;ateismo, nel terzo di secolo da allora trascorso l&#8217;esplosione del fenomeno delle nuove religioni e di quello pentecostale, la loro adeguata rilevazione sociologica e la legittima previsione pure sociologica a loro proposito smentiscono vistosamente la tesi enunciata ( 8 ).<\/p>\n<p style=\"text-align: justify;\">Per\u00f2 le cose non stanno in questi termini. Infatti, \u00e8 pi\u00f9 corretto dire: &#8220;smentirebbero la tesi enunciata&#8221;, se la tesi enunciata potesse essere lecitamente interpretata nei termini grossi secondo cui ateismo equivale all&#8217;esplicita negazione dell&#8217;esistenza di Dio e si esaurisce in essa. Ma la tesi pontificia si inscrive nel Magistero, e il Magistero si esprime in un corpo dottrinale che corretta ermeneutica, onesta e adeguata esegesi vuole venga interpretato tenendo conto per certo del significato primo, immediato e per cos\u00ec dire assoluto di ogni proposizione, ma anche del suo contesto e della sua relazione con il Magistero pregresso.<\/p>\n<p style=\"text-align: justify;\"><strong>8.<\/strong> Ebbene, in questa prospettiva merita di essere finalmente letto &#8211; e finalmente vuol dire sia &#8220;infine&#8221; sia &#8220;non \u00e8 mai troppo tardi&#8221; &#8211; quanto affermato nella costituzione pastorale sulla Chiesa nel mondo contemporaneo <em>Gaudium et spes <\/em>nei paragrafi n. 19, <em>De formis et radicibus atheismi<\/em>, n. 20, <em>De atheismo systematico<\/em>, e n. 21, <em>De habitudine Ecclesiae ad atheismum<\/em>.<\/p>\n<p style=\"text-align: justify;\">Mi limito a richiamare la fenomenologia dell&#8217;ateismo cos\u00ec com&#8217;\u00e8 descritta al n. 19: <em>&#8220;Con il termine &#8220;ateismo&#8221; vengono designati fenomeni assai diversi tra loro. Alcuni negano esplicitamente Dio; altri ritengono che l&#8217;uomo non possa dir niente di lui; altri poi prendono in esame il problema relativo a Dio con un metodo tale per cui il problema sembra privo di senso. Molti, oltrepassando indebitamente i confini delle scienze positive, o pretendono di spiegare tutto solo da questo punto di vista scientifico, oppure al contrario non ammettono pi\u00f9 alcuna verit\u00e0 assoluta&#8221;<\/em>, <em>&#8221; <\/em>[&#8230;] <em>aut e contra nullam omnino veritatem absolutam admittunt&#8221;<\/em>.<\/p>\n<p style=\"text-align: justify;\">E che altro \u00e8 la non ammissione di nessuna verit\u00e0 assoluta se non il relativismo (9)?<\/p>\n<p style=\"text-align: justify;\"><strong>9.<\/strong> Con queste categorie percorro rapidamente l&#8217;itinerario di &#8220;svestizione&#8221; quale ho detto essere la Rivoluzione nel linguaggio della scuola cattolica contro-zivoluzionaria &#8211; ma i termini del &#8220;rivestimento civile&#8221; e del &#8220;denudamento rivoluzionario&#8221; sono gi\u00e0 ben presenti nell&#8217;opera di Edmund Burke (1729-1797) attraverso la dialettica del <em>&#8220;nudo&#8221; <\/em>e del <em>&#8220;vestito&#8221; <\/em>( 10 ) -; e di questa scuola integro il patrimonio dottrinale non solamente con l&#8217;apporto del Magistero della Chiesa cattolica &#8211; l&#8217;attenzione tematica a esso \u00e8 carattere della scuola citata a partire dalla seconda met\u00e0 del secolo XIX e, soprattutto, nel secolo XX -, ma anche con il contributo implicito fornito al pensiero contro-rivoluzionario stesso da quello barocco, <em>in primis et ante omnia <\/em>da Giambattista Vico (1668-1744), cos\u00ec come &#8211; in precedenza &#8211; dall&#8217;umanesimo cristiano che conserva la nozione di senso comune: per tutti ricordo Juan Lu\u00eds Vives (1492-1540).<\/p>\n<p style=\"text-align: justify;\">Dunque, a partire dalla rivoluzione culturale del Rinascimento, l&#8217;ateismo &#8211; nell&#8217;accezione fenomenologicamente lata e culturalmente raffinata che ho richiamato dalla costituzione conciliare <em>Gaudium et spes <\/em>&#8211; si socializza in un duplice senso: da un lato, si estende ai diversi rapporti che l&#8217;uomo intrattiene come essere vivente relazionale e produce l&#8217;attenuazione e poi la tendenziale scomparsa del rimando morale nei diversi ambiti della vita umana; dall&#8217;altro, questa condizione di demoralizzazione diventa, da fenomeno minoritario, elitario, fenomeno di massa.<\/p>\n<p style=\"text-align: justify;\">Cos\u00ec pu\u00f2 venir descritto l&#8217;itinerario che, a partire dal Rinascimento e dalla collegata Riforma protestantica, vede l&#8217;ateismo come indifferenza alla religione e alla morale interessare prima la vita politica, poi quella economico-sociale, finalmente la vita culturale <em>simpliciter <\/em>delle masse: dopo il 1517, il 1789 e il 1917 viene il 1968.<\/p>\n<p style=\"text-align: justify;\">Cos\u00ec, la serie di avvenimenti storici macroscopici e delle epoche che richiamano la I, la II e la III Rivoluzione \u00e8 delimitata da due rivoluzioni culturali: a monte una rivoluzione culturale elitaria, il Rinascimento &#8211; nella classificazione usata da Plinio Corr\u00eaa de Oliveira (1908-1995) in <em>Rivoluzione e Contro-Rivoluzione <\/em>raccolta fra gli elementi della I Rivoluzione -, e a valle una rivoluzione culturale di massa, indicata dallo stesso pensatore brasiliano come IV Rivoluzione ( 11 ); e l&#8217;abbattimento &#8211; meglio, la riduzione della rilevanza delle grandi strutture di rivestimento &#8211; permette e favorisce il passaggio della corruzione dall&#8217;<em>\u00e9lite <\/em>alla massa.<\/p>\n<p style=\"text-align: justify;\">L&#8217;esito \u00e8 un&#8217;universale <em>impudicitia<\/em>, l&#8217;intronizzazione del contrario della <em>pudicitia<\/em>, del <em>pudor<\/em>, di quel <em>pudor-metus <\/em>che, coscienza della colpa e del negativo, \u00e8 stato motore della riscoperta della <em>pietas <\/em>e del rivestimento in tutte le sue modalit\u00e0; ove <em>pudor<\/em>, <em>pudicitia <\/em>e <em>impudicitia <\/em>vanno letti non solo nella loro accezione relazionata alla sessualit\u00e0, ma anche nel senso lato che comporta il costante, rispettivo riferimento alla <em>pietas animi <\/em>e alla <em>castitas mentis <\/em>da un lato e all&#8217;<em>empiet\u00e0 <\/em>dall&#8217;altro, quindi alla <em>sapientia <\/em>e alla <em>stultitia<\/em>, infine allo sforzo, al <em>conatus<\/em>, di porre rimedio alle conseguenze tutte del peccato, cio\u00e8 allo spogliamento nella sua globalit\u00e0 attraverso un altrettanto globale rivestimento ( 12 ).<\/p>\n<p style=\"text-align: justify;\"><strong>10.<\/strong> N\u00e9 si pu\u00f2 negare l&#8217;ipotesi &#8211; avvalorata da significativi sintomi &#8211; di una macabra ulteriorit\u00e0 rispetto allo spogliamento, al denudamento, un processo di &#8220;naturalizzazione&#8221;, di trionfo di naturalismo, cio\u00e8 di riduzione del reale a pura natura, con tematica negazione ed esclusione del soprannaturale; un processo spinto fino alla contro-natura e al preternaturale diabolico, cio\u00e8 a un orizzonte che includa positivamente il demoniaco: ecco lo scorticamento, di cui d\u00e0 emblematica descrizione Gustav Meyrink (1868-1932) nell&#8217;ultimo capitolo del romanzo <em>La notte di Valpurga <\/em>(13), significativamente intitolato <em>Il tamburo di Lucifero <\/em>(14), nel quale narra appunto di un tamburo costruito con pelle umana e al cui rullio vengono chiamati a raccolta e operano rivoluzionari, <em>&#8220;<\/em>[&#8230;] <em>uomini dai pugni di ferro, casacche turchine, fasce scarlatte sul braccio. Hanno formato una guardia del corpo. Sull&#8217;esempio degli antichi Taboriti si fanno chiamare i &#8220;fratelli del monte Horeb&#8221;. <\/em>[&#8230;] <em>vessilli rossi sventolano come vapori di sangue davanti alle case. Una moltitudine urlante, in delirio, li circonda reggendo fiaccole accese&#8221; <\/em>(15).<\/p>\n<p style=\"text-align: justify;\"><strong>11.<\/strong> Il 1968 ricorda due avvenimenti, letti consuetamente come alternativi, e certamente vissuti come tali dalla gran parte dei loro protagonisti, ma &#8211; forse &#8211; non privi di legame, naturalmente prescindendo dalle prime vittime di entrambi i fenomeni, costituite da quanti in essi hanno riposto fiducia nella loro lettera: il Maggio francese e la Primavera di Praga.<\/p>\n<p style=\"text-align: justify;\">In entrambi i casi, viene messo in questione l&#8217;<em>establishment<\/em>, e si d\u00e0 inizio a una rivoluzione culturale. Ma <em>&#8220;l&#8217;opera del &#8217;68 era rimasta incompiuta: doveva essere ultimata, e la sarebbe stata nel 1989&#8221; <\/em>( 16 ): la notazione mi pare acuta, e per certo fatta da un punto di vista che non \u00e8 il mio, ma non \u00e8 la prima volta che vi \u00e8 coincidenza di analisi fenomenologica fra destra e sinistra &#8211; localizzo con questi termini una diametrale contrapposizione di prospettive -, evidentemente accompagnata da diversa qualificazione dei fenomeni stessi. Per\u00f2,<\/p>\n<p style=\"text-align: justify;\"><strong>a.<\/strong> se <em>&#8220;il Maggio francese \u00e8 stato costretto a una brusca fine da un pagamento in contanti troppo generoso per poter essere rifiutato, e da un&#8217;energica azione riformista che ha ristrutturato alle radici il sistema scolastico, e ha liquidato a grandi passi la vecchia Francia&#8221; <\/em>( 17 );<\/p>\n<p style=\"text-align: justify;\"><strong>b.<\/strong> se <em>&#8220;la primavera di Praga \u00e8 stata costretta ad una fine altrettanto brusca dall&#8217;intervento militare sovietico, cui ha fatto seguito una sanguinosa repressione che ha restaurato la vacillante dittatura del Partito comunista&#8221; <\/em>( 18 );<\/p>\n<p style=\"text-align: justify;\"><strong>c.<\/strong> quanto \u00e8 annunciato e represso nel 1968 con la Primavera di Praga prosegue nel 1989: <em>&#8220;lo stesso Dubcek ha sottolineato le notevoli affinit\u00e0 esistenti fra il suo programma riformista, che aveva ispirato la Primavera di Praga nel 1968, e il programma di &#8220;apertura&#8221; e &#8220;rinnovamento&#8221; di Gorbaciov, che ha preparato il campo e, per molti aspetti, ha promosso i cambiamenti radicali avvenuti nel corso del 1989 nell&#8217;Europa dell&#8217;Est e nella stessa Unione Sovietica&#8221; <\/em>( 19 ).<\/p>\n<p style=\"text-align: justify;\">Infatti, quanto \u00e8 stato represso nel 1968 perch\u00e9 in contrasto con la conservazione di un sistema di potere, si \u00e8 trasformato in \u00e0ncora di salvezza, quindi in necessit\u00e0, a fronte della sconfitta patita dal sistema imperiale socialcomunista nella terza guerra mondiale, sconfitta prodotta &#8211; faccio mia l&#8217;opinione condivisa secondo diverse prospettive, per esempio, da Aleksandr Isaevic&#8217; Solz&#8217;enicyn (20), da Alexandre de Marenches (1921-1995) ( 21 ) e da Fran\u00e7ois Fejto (22) &#8211; dall&#8217;accelerazione impressa alla conflittualit\u00e0 e alla concorrenzialit\u00e0 tecnologica fra Occidente e Oriente nel corso delle due amministrazioni guidate da Ronald Wilson Reagan, soprattutto attraverso la realizzazione del programma Guerre Stellari: <em>&#8220;L&#8217;Urss si \u00e8 esaurita in una corsa in cui ha dovuto destinare al bilancio militare una parte sempre crescente del suo prodotto nazionale. Gli Stati Uniti hanno resistito meglio e, per lungo tempo, hanno potuto conciliare la prosperit\u00e0 con la difesa&#8221; <\/em>( 23 ).<\/p>\n<p style=\"text-align: justify;\"><strong>12. <\/strong>Con riferimento al socialcomunismo parlo di &#8220;metamorfosi&#8221;, di &#8220;trasformazione&#8221;: con riferimento all&#8217;uso del termine da parte di Plinio Corr\u00eaa de Oliveira, credo che, quando si tratta di <em>&#8220;metamorfosi della Rivoluzione&#8221;<\/em>, esso vada inteso in un senso debole e non radicale, cio\u00e8 tale da suggerire s\u00ec una diversa presentazione di una determinata realt\u00e0, ma non un mutamento della sua natura; quando si tratta di <em>&#8220;metamorfosi del processo rivoluzionario&#8221;<\/em>, cio\u00e8 della prassi della Rivoluzione, penso si possa &#8211; se non addirittura si debba -intendere invece un senso forte ( 24 ).<\/p>\n<p style=\"text-align: justify;\"><strong>13.<\/strong> Cos\u00ec, il processo rivoluzionario, detto socialcomunista nella sua fase socio-economica, ma erede e portatore di <em>tutto <\/em>il processo rivoluzionario &#8211; sono note le chiamate di correo di Karl Marx (1818-1883) relativamente alle fasi precedenti del processo e ai loro operatori principali ( 25 ) &#8211; passa dall&#8217;ateismo sistematico &#8211; i cui <em>&#8220;<\/em>[&#8230;] <em>fautori <\/em>[&#8230;]<em>, quando arrivano a prendere in mano il governo, combattono con violenza la religione, e diffondono l&#8217;ateismo anche ricorrendo agli strumenti di pressione, di cui dispone il pubblico potere, soprattutto nel campo dell&#8217;educazione dei giovani&#8221; <\/em>( 26 ) &#8211; all&#8217;ateismo che si esprime attraverso la negazione dell&#8217;esistenza di ogni verit\u00e0 assoluta, cio\u00e8 al relativismo.<\/p>\n<p style=\"text-align: justify;\">A questa descrizione se ne potrebbe affiancare un&#8217;altra: il momento socio-economico della Rivoluzione perde la sua specificit\u00e0, rifluisce nella corrente principale del processo, nella Rivoluzione <em>mainline<\/em>; e il suo relativismo aggressivo, il suo tentativo violento d&#8217;imposizione dell&#8217;inesistenza di verit\u00e0 assolute si spegne e confluisce con manifestazioni di relativismo di altra fonte, per esempio quello massonico ( 27 ).<\/p>\n<p style=\"text-align: justify;\">Cos\u00ec, dopo il divorzio fra ateismo sistematico e pubblico potere totalitario, si celebrano gli sponsali fra lo stesso pubblico potere, questa volta democratico, e l&#8217;ateismo relativistico:\u00a0&#8220;Dopo la caduta, in molti Paesi, delle ideologie che legavano la politica ad una concezione totalitaria del mondo &#8211; e prima fra esse il marxismo -, si profila oggi un rischio non meno grave per la negazione dei fondamentali diritti della persona umana e per il riassorbimento nella politica della stessa domanda religiosa che abita nel cuore di ogni essere umano: \u00e8 il rischio dell&#8217;alleanza fra democrazia e relativismo etico<em>, che toglie alla convivenza civile ogni sicuro punto di riferimento morale e la priva, pi\u00f9 radicalmente, del riconoscimento della verit\u00e0. Infatti, <\/em>&#8220;se non esiste nessuna verit\u00e0 ultima la quale guida e orienta l&#8217;azione politica, allora le idee e le convinzioni possono esser facilmente strumentalizzate per fini di potere. Una democrazia senza valori si converte facilmente in un totalitarismo aperto oppure subdolo, come dimostra la storia&#8221;<em>&#8221; <\/em>( 28 ).<\/p>\n<p style=\"text-align: justify;\"><strong>14.<\/strong> Se qualcuno, ricordando l&#8217;affermazione del <em>Manifesto del Partito comunista <\/em>secondo cui <em>&#8220;<\/em>[&#8230;] <em>i comunisti possono riassumere la loro dottrina in quest&#8217;unica espressione: abolizione della propriet\u00e0 privata&#8221; <\/em>(29), avesse correttamente a chiedermi che fine ha fatto uno dei temi maggiori e maggiormente caratterizzanti della propaganda e della dottrina socialcomunista, appunto l&#8217;avversione alla propriet\u00e0 privata, credo di dover rispondere, sulla base dei fatti, nel modo seguente: si tratta di un&#8217;avversione non certo scomparsa in chi ne ha fatto propaganda per una vita &#8211; quando non la ragione di una vita, o addirittura una ragione di vita -, ma l&#8217;avversione tematica a uno dei comandamenti del decalogo, <em>&#8220;Non rubare&#8221;<\/em>, \u00e8 come riassorbita nell&#8217;avversione formalmente <em>soft <\/em>alla premessa della stessa legge morale, <em>&#8220;Io sono il Signore tuo Dio&#8221;<\/em>, identificata come fondante ogni e singolo comandamento.<\/p>\n<p style=\"text-align: justify;\">L&#8217;avversione alla propriet\u00e0 privata, manifestata nella sua &#8220;de-moralizzazione&#8221;, cio\u00e8 nella sua &#8220;liberazione&#8221; dalla morale e dalla capitalizzazione storica della sua convivenza con la morale, nella sua assolutizzazione, nella sua trasformazione in un assoluto, \u00e8 stata occasione dialettica per alimentare l&#8217;avversione radicale a essa, spinta fino al proposito della sua abolizione.<\/p>\n<p style=\"text-align: justify;\">Il danno anzitutto economico, poi globale, prodotto da tale abolizione costringe a ritornare alla sua accettazione, ma si tratta di un&#8217;accettazione senza vincoli morali: il passaggio \u00e8 dal capitalismo di Stato al capitalismo selvaggio, e ci\u00f2 che conta sembra essere appunto non tanto l&#8217;accettazione o il rifiuto della propriet\u00e0 privata in quanto tale, ma la mancanza di ogni riferimento morale. Ma, se &#8220;selvaggio&#8221; si contrappone a &#8220;civile&#8221;, non \u00e8 forse l&#8217;assenza o la presenza della morale che li distingue?<\/p>\n<p style=\"text-align: justify;\">Non \u00e8 il legame con la morale che fa una societ\u00e0 civile, che fa di una societ\u00e0 una civilt\u00e0, cio\u00e8 <em>&#8220;<\/em>[&#8230;] <em>una societ\u00e0 che voglia esser coerente con la legge morale, che \u00e8 fondamento della civilt\u00e0&#8221; <\/em>( 30 )? Perci\u00f2, allo stato, pare straordinariamente puntuale la proposizione LVIII condannata nel <em>Sillabo <\/em>di Papa Pio IX (1846-1878): <em>&#8220;Altre forze non si devono ammettere fuori di quelle, che sono riposte nella materia, ed ogni regola ed onest\u00e0 dei costumi si deve collocare nell&#8217;accumulare e nell&#8217;accrescere per qualsiasi maniera le ricchezze nonch\u00e9 nel soddisfare i piaceri&#8221; <\/em>( 31 ).<\/p>\n<p style=\"text-align: justify;\"><strong>15.<\/strong> Fra il 25 novembre e il 14 dicembre 1991 si \u00e8 svolta in Vaticano l&#8217;Assemblea speciale per l&#8217;Europa del Sinodo dei Vescovi, inaugurata e conclusa con solenni concelebrazioni, presiedute dal Sommo Pontefice Giovanni Paolo II nella basilica patriarcale di San Pietro. Il 13 dicembre \u00e8 stato reso pubblico il testo della <em>Dichiarazione &#8220;Siamo testimoni di Cristo che ci ha liberato&#8221;<\/em>, nella quale si legge:\u00a0<em>&#8220;Oggi in Europa il comunismo come sistema \u00e8 crollato, ma restano le sue ferite e la sua eredit\u00e0 nel cuore delle persone e nelle nuove societ\u00e0 che stanno sorgendo. Le persone hanno difficolt\u00e0 nel retto uso della libert\u00e0 e del regime democratico; i valori morali radicalmente sovvertiti devono essere rivivificati. Allo stesso modo la Chiesa, resa povera nelle sue strutture e nei suoi mezzi, ha imparato pi\u00f9 profondamente a confidare soltanto in Dio.<\/em><\/p>\n<p style=\"text-align: justify;\">&#8220;Il crollo del comunismo mette in questione l&#8217;intero itinerario culturale e socio-politico dell&#8217;umanesimo europeo, segnato dall&#8217;ateismo non solo nel suo esito marxista, e mostra coi fatti, oltre che in linea di principio, che non \u00e8 possibile disgiungere la causa di Dio dalla causa dell&#8217;uomo&#8221; (32).<\/p>\n<p style=\"text-align: justify;\">E fra i paesi nei quali il comunismo \u00e8 crollato credo non si possa escludere l&#8217;Italia, soggetta per decenni a un regime comunista <em>sui generis<\/em>, un regime comunista non marxista-leninista, ma marxista-gramsciano; un paese analogo, quindi non identico, a quelli oltre la Cortina di Ferro, analogo anche nella &#8220;restaurazione&#8221; comunista <em>sui generis <\/em>del 1996: e parlo non solo di regime <em>sui generis<\/em>, ma anche di &#8220;restaurazione&#8221; <em>sui generis <\/em>perch\u00e9 all&#8217;egemonia sulla societ\u00e0 civile, mai perduta, si \u00e8 aggiunta la significativa acquisizione anche della titolarit\u00e0 di parte del potere formale.<\/p>\n<p style=\"text-align: justify;\"><strong>16.<\/strong> In occasione del IX Simposio dei Vescovi Europei sul tema <em>Religione: &#8220;Fatto privato e realt\u00e0 pubblica&#8221;. La Chiesa nella societ\u00e0 pluralistica <\/em>&#8211; tenuto a Roma dal 23 al 27 ottobre 1996 -, Papa Giovanni Paolo II ha inviato un messaggio al card. Miroslav Vlk, arcivescovo di Praga e presidente del Consiglio delle Conferenze Episcopali d&#8217;Europa, in cui &#8211; fra l&#8217;altro &#8211; al n. 2 afferma: <em>&#8220;L&#8217;avvenire si presenta dinanzi a noi carico di promesse e di inquietudini. <\/em>[&#8230;]<\/p>\n<p style=\"text-align: justify;\"><em>Nell&#8217;attuale contesto storico non manca la tentazione di porre la Religione e la Chiesa ai margini della societ\u00e0. \u00c8 tuttavia presente anche una forte spinta all&#8217;affermazione dei diritti umani fondamentali e, tra questi, del diritto alla libert\u00e0 religiosa, nel contesto di una sete sincera di valori spirituali. <\/em><\/p>\n<p style=\"text-align: justify;\"><em>Compito del presente Simposio non potr\u00e0 non essere la proposta di opportune iniziative per venire incontro agli uomini e alle donne d&#8217;Europa, perch\u00e9 riscoprano la dimensione comunitaria e pubblica della fede. Non succeda che si ripeta l&#8217;errore di chi, volendo costruire un mondo senza Dio, ha realizzato soltanto una societ\u00e0 contro l&#8217;uomo. A tal fine \u00e8 richiesto l&#8217;apporto di tutti i credenti, perch\u00e9 mediante uno sforzo comune testimonino il primato di Dio nella loro vita e proclamino con ogni mezzo che se il &#8220;Signore non costruisce la casa invano vi faticano i costruttori&#8221; (<\/em>Sal <em>126, 1)&#8221; <\/em>( 33 ).<\/p>\n<p style=\"text-align: justify;\">Noto e faccio notare come il testo pontificio parli sia di <em>&#8220;promesse&#8221; <\/em>che di <em>&#8220;inquietudini&#8221;<\/em>, quindi solleciti attenzione sia alle promesse che alle inquietudini dell&#8217;ora presente, e come sia necessario evitare a questo proposito quanto accaduto relativamente alla costituzione pastorale sulla Chiesa nel mondo contemporaneo <em>Gaudium et spes<\/em>, nel cui caso l&#8217;<em>incipit <\/em>ha avuto la meglio sul suo contenuto, o almeno ha fatto ritenere superfluo l&#8217;esame di esso, s\u00ec che <em>&#8220;la gioia e la speranza&#8221; <\/em>hanno prima messo in ombra, poi letteralmente cancellato la consapevolezza dei seguenti <em>&#8220;luctus et angor&#8221;<\/em>, <em>&#8220;la tristezza e l&#8217;angoscia&#8221; <\/em>( 34 ): una mancata consapevolezza che ha segnato il tempo seguente il Concilio Ecumenico Vaticano II e le cui conseguenze hanno ampiamente caratterizzato tale postconcilio.<\/p>\n<p style=\"text-align: justify;\"><strong>17.<\/strong> Il 13 ottobre 1996, il card. Joseph Ratzinger ha compiuto un pellegrinaggio a Fatima. Il giorno precedente, nel corso di un&#8217;intervista rilasciata all&#8217;emittente cattolica portoghese <em>Radio Renascen\u00e7a<\/em>, il porporato ha detto che, a Fatima, <em>&#8220;<\/em>[&#8230;] <em>la Madonna ha parlato all&#8217;umanit\u00e0 in un momento importante e si vede sempre pi\u00f9 come questo messaggio abbia una crescente attualit\u00e0&#8221;<\/em>; poi ha affermato: <em>&#8220;<\/em>[&#8230;] <em>mi sembra un segno interessante e importante che nel 1917, nell&#8217;anno della grande rivoluzione che ha cambiato il mondo, i veggenti abbiano sentito dalla Madonna queste parole e per certo questi bambini non sapevano nulla sul problema della Russia, sugli avvenimenti di questa rivoluzione. <\/em><\/p>\n<p style=\"text-align: justify;\"><em>Si tratta di una coincidenza che ci deve far pensare; il fatto che da questi bambini <\/em>[&#8230;] <em>sia venuta una profezia che fa presentire questi problemi e rimane sempre come segnale di percorso&#8221;<\/em>; ha inoltre dichiarato: <em>&#8220;<\/em>[&#8230;] <em>Penso che anche i cambiamenti nell&#8217;Europa Orientale abbiano un certo rapporto con la realt\u00e0 della fede, certamente con il pontificato attuale, principalmente con tutto il potere della preghiera che sta dietro&#8221;<\/em>; quindi ha detto di essere preoccupato dalla <em>&#8220;<\/em>[&#8230;] <em>stanchezza della fede in tanta parte del mondo, soprattutto in Europa, invece di essere felici perch\u00e9 conosciamo il vero Dio&#8230; il Signore ci ha parlato, sappiamo come vivere e qual \u00e8 la vera vita. Invece di essere felici ed entusiasti e di avere anche lo zelo di aiutare gli altri a conoscere, consideriamo il cristianesimo piuttosto come un peso, come una semplice abitudine. <\/em><\/p>\n<p style=\"text-align: justify;\"><em>Questa stanchezza della fede si perde anche nel relativismo del nostro tempo&#8221;<\/em>; infine ha raccomandato di essere &#8220;[&#8230;] <em>ubbidienti alla Madonna, perch\u00e9 la Madonna non \u00e8 apparsa a bambini e a piccoli, ai semplici e agli sconosciuti nel mondo per provocare scalpore. \u00c8 venuta per richiamare l&#8217;attenzione, attraverso questi semplici, sull&#8217;essenziale. Sulla conversione, sulla fede, e sui sacramenti&#8221;<\/em>.<\/p>\n<p style=\"text-align: justify;\">Dunque, n\u00e9 il messaggio di Fatima \u00e8 fallito, n\u00e9 \u00e8 esaurito (35).<\/p>\n<p style=\"text-align: justify;\">Anzi, costituisce la maggiore delle <em>&#8220;promesse&#8221; <\/em>del tempo presente, cos\u00ec come la sua <em>parziale <\/em>realizzazione \u00e8 verificata dall&#8217;orizzonte apostolico senza ostacoli insormontabili &#8211; o almeno seriamente paragonabili a quelli precedenti il 1989 &#8211; che si stende davanti ai cattolici in una parte quantitativamente consistente e qualitativamente rilevante del mondo un tempo sottoposto a regime socialcomunista. Quindi tale messaggio va seguito come stimolo, orientamento e alimento dell&#8217;operosit\u00e0 apostolica e come modulo nella purificazione delle intenzioni.<\/p>\n<p style=\"text-align: justify;\"><strong>Note<\/strong><\/p>\n<p style=\"text-align: justify;\"><strong>1)<\/strong> Cfr. SANT&#8217;AGOSTINO, <em>La dottrina cristiana<\/em>, libro 2, 40, trad. it., Citt\u00e0 Nuova, Roma 1992, p. 130.<\/p>\n<div><strong>2)<\/strong> Cfr. <em>Gen<\/em>. 3, 7.<\/div>\n<div><strong>3)<\/strong> Cfr. <em>ibid<\/em>. 3, 21.<\/div>\n<div><strong>4)<\/strong> GIOVANNI PAOLO II, Discorso al <em>Forum <\/em>dei Rettori delle Universit\u00e0 Europee, del 19-4-1991, n. 5, in <em>Insegnamenti di Giovanni Paolo II<\/em>, vol. XIV, 1, pp. 801-807 (p. 804).<br \/>\n<strong>5)<\/strong> <em>Ibidem<\/em>.<\/div>\n<div align=\"justify\"><strong>6) <\/strong>IDEM, Messaggio televisivo alla Spagna in occasione del 400\u00b0 anniversario della morte di S. Teresa d&#8217;Avila, del 15-10-1982, in <em>Insegnamenti di Giovanni Paolo II<\/em>, vol. V, 3, pp. 824-825 (p. 825); traduco con <em>&#8220;rivoluzione culturale&#8221; <\/em>l&#8217;originale <em>&#8220;conmoci\u00f3n cultural&#8221;<\/em>, dal momento che, alla voce <em>conmover<\/em>, in MAR\u00cdA MOLINER, <em>Diccionario de uso del espa\u00f1ol<\/em>, tomo I, Gredos, Madrid 1991, p. 727, si legge, fra i significati figurati, <em>&#8220;un cambio de costumbres che conmueve los cimientos de la sociedad&#8221;<\/em>, &#8220;un mutamento di costumi che scuote le fondamenta della societ\u00e0&#8221;; cfr. DON FRANCESCO OLGIATI, <em>L&#8217;anima dell&#8217;Umanesimo e del Rinascimento. Saggio filosofico<\/em>, Vita e Pensiero, Milano 1924.<br \/>\n<strong>7)<\/strong> GIOVANNI PAOLO II, Discorso ai partecipanti al Congresso Internazionale sul tema <em>Evangelizzazione e ateismo<\/em>, promosso dall&#8217;Istituto superiore per lo studio dell&#8217;ateismo della Pontificia Universit\u00e0 Urbaniana, del 10-10-1980, n. 2, in <em>Insegnamenti di Giovanni Paolo II<\/em>, vol. III, 2, pp. 825-832 (p. 826); il rimando \u00e8 a PAOLO VI, Lettera apostolica <em>Evangelii Nuntiandi <\/em>circa l&#8217;evangelizzazione nel mondo contemporaneo, dell&#8217;8-12-975, n. 55.<br \/>\n<strong>8)<\/strong> Cfr. MASSIMO INTROVIGNE, <em>Il sacro post-moderno. Chiesa, relativismo e nuova religiosit\u00e0<\/em>, Gribaudi, Milano 1996, pp. 5-22; e il mio <em>I &#8220;network&#8221; della religione in un mondo in frantumi<\/em>, in CESNUR. CENTRO STUDI SULLE NUOVE RELIGIONI, <em>La sfida pentecostale<\/em>, a cura di M. Introvigne, Elle Di Ci, Leumann (Torino) 1996, pp. 121-147.<br \/>\n<strong>9) <\/strong>Cfr. il mio <em>Relativismo, realismo e verit\u00e0<\/em>, in <em>Adveniat Regnum. Rivista di studi cattolici<\/em>, anno 4, n. 3-4, inverno 1966-1967, pp. 45-52; ARTURO DAMM ARNAL, <em>Falacias Filos\u00f3ficas<\/em>, Editorial MiNos, Citt\u00e0 di Messico 1991, pp. 37-50; e GEORGES COTTIER O.P., <em>Valori e transizione. Il rischio dell&#8217;indifferenza<\/em>, Studium, Roma 1994; cfr. pure, paladini del relativismo, GIAN PAOLO PRANDSTRALLER, <em>Relativismo e fondamentalismo<\/em>, Laterza, Roma-Bari 1996; IDEM, <em>L&#8217;uomo senza certezze e le sue qualit\u00e0<\/em>, 3 a ed. riveduta e ampliata, Laterza, Roma-Bari 1992; e REMO BODEI, <em>Elogio del relativismo etico<\/em>, in <em>MicroMega, le ragioni della sinistra<\/em>, n. 2, maggio-giugno 1995, pp. 146-155.<br \/>\n<strong>10)<\/strong> Cfr. G. ELISA BUSSI PARMIGGIANI, <em>Edmund Burke: riflessioni e figure dalla rivoluzione francese<\/em>, in IDEM (a cura di), <em>Rivoluzione e contro-rivoluzione: il linguaggio del conflitto, 1776-1793<\/em>, P\u00e0tron, Bologna 1992, pp. 85-114 (pp. 107-109).<br \/>\n<strong>11)<\/strong> Cfr. PLINIO CORR\u00caA DE OLIVEIRA, <em>Rivoluzione e Contro-Rivoluzione<\/em>, introduzione; parte I, cap. III, 5, A-D; parte III, cap. II, 1, e cap. III, 3 a ed. it. accresciuta, Cristianit\u00e0, Piacenza 1977, pp. 60-61, 70-75, 173 e 189-195.<br \/>\n<strong>12)<\/strong> Cfr. GIAMBATTISTA VICO, <em>De universi juris uno principio et fine uno<\/em>, libro secondo: <em>De constantia jurisprudentis<\/em>, parte prima: <em>De constantia philosophiae<\/em>, cap. IV; e parte seconda: <em>De constantia philologiae<\/em>, capp. II e III, in IDEM, <em>Opere giuridiche. Il diritto universale<\/em>, con una introduzione di Nicola Badaloni, a cura di Paolo Cristofolini, Sansoni, Firenze 1974, pp. 354-367 e 400-411; a commento, cfr. DON FRANCO AMERIO S.D.B., <em>Introduzione allo studio di G. B. Vico<\/em>, Societ\u00e0 Editrice Internazionale, Torino 1946, pp. 318-323; ANGELA MARIA JACOBELLI ISOLDI, <em>G. B. Vico. Per una &#8220;scienza della storia&#8221;<\/em>, Armando, Roma 1985, pp. 21-42; e FRANCESCO BOTTURI, <em>La sapienza della storia. Giambattista Vico e la filosofia pratica<\/em>, Vita e Pensiero, Milano 1991, pp. 331-343.<br \/>\n<strong>13)<\/strong> Cfr. GUSTAV MEYRINK, <em>La notte di Valpurga<\/em>, con una presentazione di Marino Freschi, trad. it., Studio Tesi, Pordenone 1995.<br \/>\n<strong>14)<\/strong> Cfr. <em>ibid<\/em>., pp. 179-190.<br \/>\n<strong>15)<\/strong> <em>Ibid<\/em>., p. 181. Il riferimento \u00e8 a un episodio storico, relativo a Jan Z&#8221;iZ&#8217;ka (1360-1424), cui \u00e8 espressamente dedicato un capitolo, <em>Jan Zizka di Trocnov <\/em>(pp. 111-132). L&#8217;episodio \u00e8 richiamato in RUSSELL KIRK [1918-1994], <em>Le radici dell&#8217;ordine americano. La tradizione europea nei valori del nuovo mondo <\/em>&#8211; trad. it., a cura di Marco Respinti e con un epilogo di Frank Shakespeare, Mondadori, Milano 1996, pp. 252-253 -, dove, all&#8217;interno di un capitolo intitolato <em>Il tamburo dei riformatori <\/em>(pp. 236-273), viene sinteticamente descritto nei termini seguenti: <em>&#8220;Il pi\u00f9 valoroso generale ussita era stato Giovanni Zizka, che, dopo aver perso la vista, aveva continuato a comandare in campo aperto ancora per tre anni. Quando nel 1424 il condottiero cieco mor\u00ec vittima di una pestilenza, i suoi seguaci ne usarono la pelle per un tamburo, in modo che Zizka potesse continuare a chiamare gli ussiti alle armi. Un secolo dopo la fabbricazione di quel tamburo, negli stati tedeschi iniziarono a risuonare i tamburi protestanti&#8221;<\/em>. Evidentemente l&#8217;episodio, gi\u00e0 particolarmente suggestivo e significativo, viene caricato da Gustav Meyrink di ulteriori significati, a risonanza sciamanica.<br \/>\n<strong>16)<\/strong> GIOVANNI ARRIGHI, TERENCE H. HOPKINS e IMMANUEL WALLERSTEIN, <em>Antysistemic movements<\/em>, trad. it., manifestolibri, Roma 1992, p. 105.<br \/>\n<strong>17)<\/strong> <em>Ibidem<\/em>.<br \/>\n<strong>18)<\/strong> <em>Ibidem<\/em>.<br \/>\n<strong>19)<\/strong> <em>Ibid<\/em>., p. 111.<br \/>\n<strong>20)<\/strong> Cfr. ALEKSANDR ISAEVIC&#8217; SOLZ&#8217;ENICYN, <em>Terzo millennio<\/em>, trad. it. del discorso tenuto a Vaduz, in Liechtenstein, in occasione del ricevimento del dottorato <em>honoris causa <\/em>dell&#8217;Accademia Internazionale di Filosofia, in <em>Panorama<\/em>, anno XXX, n. 1432, 26-9-1993, pp. 98-107 (p. 102).<br \/>\n<strong>21)<\/strong> Cfr. il mio <em>Alexandre de Marenches: Mikhail Gorbaciov e gli &#8220;struzzi&#8221;<\/em>, in <em>Cristianit\u00e0<\/em>, anno XVIII, n. 178, febbraio 1990, pp. 3-5.<br \/>\n<strong>22)<\/strong> Cfr. FRAN\u00c7OIS FEJTO con la collaborazione di EWA KULESZA-MIETKOWSKI, <em>La fine delle democrazie popolari. L&#8217;Europa orientale dopo la rivoluzione del 1989<\/em>, trad. it., Mondadori, Milano 1994, pp. 4-5.<br \/>\n<strong>23)<\/strong> JEAN-MARIE GU\u00c9HENNO, <em>La fine della democrazia<\/em>, con una postfazione di Franco Marcoaldi, trad. it., Garzanti, Milano 1994, p. 23.<br \/>\n<strong>24)<\/strong> Cfr. P. CORR\u00caA DE OLIVEIRA, <em>op<\/em>. <em>cit<\/em>., parte I, capitolo IV, pp. 79-80.<br \/>\n<strong>25)<\/strong> Cfr. DON FERNANDO OC\u00c1RIZ, <em>Il marxismo, ideologia della rivoluzione<\/em>, trad. it., Ares, Milano 1977, soprattutto pp. 21-54.<br \/>\n<strong>26)<\/strong> CONCILIO ECUMENICO VATICANO II, Costituzione pastorale sulla Chiesa nel mondo contemporaneo <em>Gaudium et Spes<\/em>, n. 20.<br \/>\n<strong>27)<\/strong> Cfr. M. INTROVIGNE, <em>Che cos&#8217;\u00e8 la massoneria: il problema delle origini e le origini del problema<\/em>, in CESNUR. CENTRO STUDI SULLE NUOVE RELIGIONI, <em>Massoneria e religioni<\/em>, a cura di M. Introvigne, Elle Di Ci, Leumann (Torino) 1994, pp. 13-62; e il mio <em>La massoneria nei documenti del Magistero della Chiesa cattolica<\/em>, <em>ibid<\/em>., pp. 13-161.<br \/>\n<strong>28)<\/strong> GIOVANNI PAOLO II, Enciclica <em>Veritatis splendo<\/em>r sui fondamenti dell&#8217;insegnamento morale della Chiesa, del 6-8-1993, n. 101; la citazione \u00e8 da IDEM, Enciclica <em>Centesimus annus <\/em>nel centesimo della <em>Rerum Novarum<\/em>, del 1\u00b0-5-1991, n. 46.<br \/>\n<strong>29)<\/strong> KARL MARX e FRIEDRICH ENGELS [1820-1895], <em>Manifesto del Partito comunista<\/em>, introduzione e trad. it. di Palmiro Togliatti, XIV ed., Editori Riuniti, Roma 1971, p. 78.<br \/>\n<strong>30)<\/strong> GIOVANNI PAOLO II, Esortazione apostolica <em>Reconciliatio et paenitentia <\/em>circa la riconciliazione e la penitenza nella missione della Chiesa oggi, del 2-12-1984, n. 26.<br \/>\n<strong>31)<\/strong> <em>&#8220;Sillabo&#8221; (o elenco) dei principali errori della nostra epoca gi\u00e0 condannati dal Pontefice Pio IX in atti, decreti, allocuzioni<\/em>, dell&#8217;8-12-1864, n. LVIII, in <em>I documenti sociali della Chiesa da Pio IX a Giovanni Paolo II<\/em>, vol. I: <em>Dal 1864 al 1965<\/em>, a cura e con introduzione di padre Raimondo Spiazzi O.P., 2 a ed. aggiornata a tutto il 1987, Massimo, Milano 1988, pp. 11-22 (p. 19).<br \/>\n<strong>32)<\/strong> SINODO DEI VESCOVI. ASSEMBLEA SPECIALE PER L&#8217;EUROPA (28 novembre-14 dicembre 1991), <em>Dichiarazione &#8220;Siamo testimoni di Cristo che ci ha liberati&#8221;<\/em>, n. 1; a commento, cfr. il mio <em>Per la &#8220;nuova evangelizzazione&#8221; dell&#8217;Europa<\/em>, in <em>Cristianit\u00e0<\/em>, anno XIX, n. 200, dicembre 1991, pp. 3-9.<br \/>\n<strong>33)<\/strong> GIOVANNI PAOLO II, <em>Messaggio in occasione del IX Simposio dei Vescovi Europei sul tema &#8220;Religione: &#8220;Fatto privato e realt\u00e0 pubblica&#8221;. La Chiesa nella societ\u00e0 pluralistica<\/em>, del 22-10-1996, in <em>L&#8217;Osservatore Romano<\/em>, 25-10-1996, n. 2.<br \/>\n<strong>34)<\/strong> CONCILIO ECUMENICO VATICANO II, Costituzione pastorale sulla Chiesa nel mondo contemporaneo <em>Gaudium et Spes<\/em>, n. 1.<br \/>\n<strong>35)<\/strong> Cfr. ANTONIO AUGUSTO BORELLI MACHADO, <em>Le apparizioni e il messaggio di Fatima secondo i manoscritti di suor Lucia<\/em>, con una prefazione di Plinio Corr\u00eaa de Oliveira <em>Fatima in una visione d&#8217;insieme<\/em>, 4 a ed. it., Cristianit\u00e0, Piacenza 1982; e il mio <em>&#8220;Verit\u00e0 su Fatima&#8221;<\/em>, in <em>Cristianit\u00e0<\/em>, anno XIX, n. 193-194, maggio-giugno 1991, pp. 3-4.<\/div>\n","protected":false},"excerpt":{"rendered":"<p>DAL RELATIVISMO TOTALITARIO AL RELATIVISMO DEMOCRATICO Tratto da Cristianit\u00e0, N. 261-262 gennaio-febbraio 1997 di Giovanni Cantoni Relazione predisposta per il convegno internazionale Dalla Rivoluzione d&#8217;Ottobre al crollo del Muro: ascesa, caduta e metamorfosi del socialcomunismo &#8211; promosso da Cristianit\u00e0 e da Alleanza Cattolica in collaborazione con la Regione Lombardia Settore Trasparenza e Cultura, Milano 27-10-1996 &hellip; <\/p>\n<p><a class=\"more-link btn\" href=\"https:\/\/www.rassegnastampa-totustuus.it\/cattolica\/metamorfosi-del-socialcomunismo\/\">Continua a leggere<\/a><\/p>\n","protected":false},"author":6,"featured_media":28832,"comment_status":"closed","ping_status":"open","sticky":false,"template":"","format":"standard","meta":{"footnotes":""},"categories":[32,83,27],"tags":[525],"class_list":["post-1117","post","type-post","status-publish","format-standard","has-post-thumbnail","hentry","category-filosofia-del-comunismo","category-post-comunismo","category-socialismo-e-comunismo","tag-post-comunismo-3","item-wrap"],"yoast_head":"<!-- This site is optimized with the Yoast SEO plugin v27.4 - https:\/\/yoast.com\/product\/yoast-seo-wordpress\/ -->\n<title>Metamorfosi del socialcomunismo - Rassegna Stampa Cattolica<\/title>\n<meta name=\"description\" content=\"Rassegna Stampa Cattolica - Per una cultura che nasce dalla Rivelazione cristiana in conformit\u00e0 alla tradizione e al Magistero della Chiesa in opposizione ad ogni relativismo e totalitarismo\" \/>\n<meta name=\"robots\" content=\"index, follow, max-snippet:-1, max-image-preview:large, max-video-preview:-1\" \/>\n<link rel=\"canonical\" href=\"https:\/\/www.rassegnastampa-totustuus.it\/cattolica\/metamorfosi-del-socialcomunismo\/\" \/>\n<meta property=\"og:locale\" content=\"it_IT\" \/>\n<meta property=\"og:type\" content=\"article\" \/>\n<meta property=\"og:title\" content=\"Metamorfosi del socialcomunismo - Rassegna Stampa Cattolica\" \/>\n<meta property=\"og:description\" content=\"Rassegna Stampa Cattolica - Per una cultura che nasce dalla Rivelazione cristiana in conformit\u00e0 alla tradizione e al Magistero della Chiesa in opposizione ad ogni relativismo e totalitarismo\" \/>\n<meta property=\"og:url\" content=\"https:\/\/www.rassegnastampa-totustuus.it\/cattolica\/metamorfosi-del-socialcomunismo\/\" \/>\n<meta property=\"og:site_name\" content=\"Rassegna Stampa Cattolica\" \/>\n<meta property=\"article:publisher\" content=\"https:\/\/www.facebook.com\/rassegnastampacattolica\" \/>\n<meta property=\"article:published_time\" content=\"2005-07-26T22:00:00+00:00\" \/>\n<meta property=\"article:modified_time\" content=\"2015-12-16T13:49:18+00:00\" \/>\n<meta property=\"og:image\" content=\"https:\/\/www.rassegnastampa-totustuus.it\/cattolica\/wp-content\/uploads\/2005\/07\/Cremlino_bandiera.jpg\" \/>\n\t<meta property=\"og:image:width\" content=\"300\" \/>\n\t<meta property=\"og:image:height\" content=\"168\" \/>\n\t<meta property=\"og:image:type\" content=\"image\/jpeg\" \/>\n<meta name=\"author\" content=\"Redazione\" \/>\n<meta name=\"twitter:card\" content=\"summary_large_image\" \/>\n<meta name=\"twitter:creator\" content=\"@rassegnastampa9\" \/>\n<meta name=\"twitter:site\" content=\"@rassegnastampa9\" \/>\n<meta name=\"twitter:label1\" content=\"Scritto da\" \/>\n\t<meta name=\"twitter:data1\" content=\"Redazione\" \/>\n\t<meta name=\"twitter:label2\" content=\"Tempo di lettura stimato\" \/>\n\t<meta name=\"twitter:data2\" content=\"26 minuti\" \/>\n<script type=\"application\/ld+json\" class=\"yoast-schema-graph\">{\"@context\":\"https:\\\/\\\/schema.org\",\"@graph\":[{\"@type\":\"Article\",\"@id\":\"https:\\\/\\\/www.rassegnastampa-totustuus.it\\\/cattolica\\\/metamorfosi-del-socialcomunismo\\\/#article\",\"isPartOf\":{\"@id\":\"https:\\\/\\\/www.rassegnastampa-totustuus.it\\\/cattolica\\\/metamorfosi-del-socialcomunismo\\\/\"},\"author\":{\"name\":\"Redazione\",\"@id\":\"https:\\\/\\\/www.rassegnastampa-totustuus.it\\\/cattolica\\\/#\\\/schema\\\/person\\\/08f319d2bd1a0904ad9e2bfb7b15e5c3\"},\"headline\":\"Metamorfosi del socialcomunismo\",\"datePublished\":\"2005-07-26T22:00:00+00:00\",\"dateModified\":\"2015-12-16T13:49:18+00:00\",\"mainEntityOfPage\":{\"@id\":\"https:\\\/\\\/www.rassegnastampa-totustuus.it\\\/cattolica\\\/metamorfosi-del-socialcomunismo\\\/\"},\"wordCount\":5274,\"publisher\":{\"@id\":\"https:\\\/\\\/www.rassegnastampa-totustuus.it\\\/cattolica\\\/#organization\"},\"image\":{\"@id\":\"https:\\\/\\\/www.rassegnastampa-totustuus.it\\\/cattolica\\\/metamorfosi-del-socialcomunismo\\\/#primaryimage\"},\"thumbnailUrl\":\"https:\\\/\\\/www.rassegnastampa-totustuus.it\\\/cattolica\\\/wp-content\\\/uploads\\\/2005\\\/07\\\/Cremlino_bandiera.jpg\",\"keywords\":[\"post-comunismo\"],\"articleSection\":[\"Comunismo\",\"Post-comunismo\",\"Socialcomunismo\"],\"inLanguage\":\"it-IT\"},{\"@type\":\"WebPage\",\"@id\":\"https:\\\/\\\/www.rassegnastampa-totustuus.it\\\/cattolica\\\/metamorfosi-del-socialcomunismo\\\/\",\"url\":\"https:\\\/\\\/www.rassegnastampa-totustuus.it\\\/cattolica\\\/metamorfosi-del-socialcomunismo\\\/\",\"name\":\"Metamorfosi del socialcomunismo - Rassegna Stampa Cattolica\",\"isPartOf\":{\"@id\":\"https:\\\/\\\/www.rassegnastampa-totustuus.it\\\/cattolica\\\/#website\"},\"primaryImageOfPage\":{\"@id\":\"https:\\\/\\\/www.rassegnastampa-totustuus.it\\\/cattolica\\\/metamorfosi-del-socialcomunismo\\\/#primaryimage\"},\"image\":{\"@id\":\"https:\\\/\\\/www.rassegnastampa-totustuus.it\\\/cattolica\\\/metamorfosi-del-socialcomunismo\\\/#primaryimage\"},\"thumbnailUrl\":\"https:\\\/\\\/www.rassegnastampa-totustuus.it\\\/cattolica\\\/wp-content\\\/uploads\\\/2005\\\/07\\\/Cremlino_bandiera.jpg\",\"datePublished\":\"2005-07-26T22:00:00+00:00\",\"dateModified\":\"2015-12-16T13:49:18+00:00\",\"description\":\"Rassegna Stampa Cattolica - Per una cultura che nasce dalla Rivelazione cristiana in conformit\u00e0 alla tradizione e al Magistero della Chiesa in opposizione ad ogni relativismo e totalitarismo\",\"breadcrumb\":{\"@id\":\"https:\\\/\\\/www.rassegnastampa-totustuus.it\\\/cattolica\\\/metamorfosi-del-socialcomunismo\\\/#breadcrumb\"},\"inLanguage\":\"it-IT\",\"potentialAction\":[{\"@type\":\"ReadAction\",\"target\":[\"https:\\\/\\\/www.rassegnastampa-totustuus.it\\\/cattolica\\\/metamorfosi-del-socialcomunismo\\\/\"]}]},{\"@type\":\"ImageObject\",\"inLanguage\":\"it-IT\",\"@id\":\"https:\\\/\\\/www.rassegnastampa-totustuus.it\\\/cattolica\\\/metamorfosi-del-socialcomunismo\\\/#primaryimage\",\"url\":\"https:\\\/\\\/www.rassegnastampa-totustuus.it\\\/cattolica\\\/wp-content\\\/uploads\\\/2005\\\/07\\\/Cremlino_bandiera.jpg\",\"contentUrl\":\"https:\\\/\\\/www.rassegnastampa-totustuus.it\\\/cattolica\\\/wp-content\\\/uploads\\\/2005\\\/07\\\/Cremlino_bandiera.jpg\",\"width\":300,\"height\":168},{\"@type\":\"BreadcrumbList\",\"@id\":\"https:\\\/\\\/www.rassegnastampa-totustuus.it\\\/cattolica\\\/metamorfosi-del-socialcomunismo\\\/#breadcrumb\",\"itemListElement\":[{\"@type\":\"ListItem\",\"position\":1,\"name\":\"Home\",\"item\":\"https:\\\/\\\/www.rassegnastampa-totustuus.it\\\/cattolica\\\/\"},{\"@type\":\"ListItem\",\"position\":2,\"name\":\"Metamorfosi del socialcomunismo\"}]},{\"@type\":\"WebSite\",\"@id\":\"https:\\\/\\\/www.rassegnastampa-totustuus.it\\\/cattolica\\\/#website\",\"url\":\"https:\\\/\\\/www.rassegnastampa-totustuus.it\\\/cattolica\\\/\",\"name\":\"Rassegna Stampa Cattolica\",\"description\":\"Per una cultura che nasce dalla Rivelazione cristiana in conformit\u00e0 alla tradizione e al Magistero della Chiesa in opposizione ad ogni relativismo e totalitarismo\",\"publisher\":{\"@id\":\"https:\\\/\\\/www.rassegnastampa-totustuus.it\\\/cattolica\\\/#organization\"},\"alternateName\":\"Rass. Cattolica\",\"potentialAction\":[{\"@type\":\"SearchAction\",\"target\":{\"@type\":\"EntryPoint\",\"urlTemplate\":\"https:\\\/\\\/www.rassegnastampa-totustuus.it\\\/cattolica\\\/?s={search_term_string}\"},\"query-input\":{\"@type\":\"PropertyValueSpecification\",\"valueRequired\":true,\"valueName\":\"search_term_string\"}}],\"inLanguage\":\"it-IT\"},{\"@type\":\"Organization\",\"@id\":\"https:\\\/\\\/www.rassegnastampa-totustuus.it\\\/cattolica\\\/#organization\",\"name\":\"Rassegna Stampa Cattolica\",\"url\":\"https:\\\/\\\/www.rassegnastampa-totustuus.it\\\/cattolica\\\/\",\"logo\":{\"@type\":\"ImageObject\",\"inLanguage\":\"it-IT\",\"@id\":\"https:\\\/\\\/www.rassegnastampa-totustuus.it\\\/cattolica\\\/#\\\/schema\\\/logo\\\/image\\\/\",\"url\":\"https:\\\/\\\/www.rassegnastampa-totustuus.it\\\/cattolica\\\/wp-content\\\/uploads\\\/2014\\\/04\\\/logo-rassegna1.gif\",\"contentUrl\":\"https:\\\/\\\/www.rassegnastampa-totustuus.it\\\/cattolica\\\/wp-content\\\/uploads\\\/2014\\\/04\\\/logo-rassegna1.gif\",\"width\":600,\"height\":163,\"caption\":\"Rassegna Stampa Cattolica\"},\"image\":{\"@id\":\"https:\\\/\\\/www.rassegnastampa-totustuus.it\\\/cattolica\\\/#\\\/schema\\\/logo\\\/image\\\/\"},\"sameAs\":[\"https:\\\/\\\/www.facebook.com\\\/rassegnastampacattolica\",\"https:\\\/\\\/x.com\\\/rassegnastampa9\"]},{\"@type\":\"Person\",\"@id\":\"https:\\\/\\\/www.rassegnastampa-totustuus.it\\\/cattolica\\\/#\\\/schema\\\/person\\\/08f319d2bd1a0904ad9e2bfb7b15e5c3\",\"name\":\"Redazione\",\"image\":{\"@type\":\"ImageObject\",\"inLanguage\":\"it-IT\",\"@id\":\"https:\\\/\\\/secure.gravatar.com\\\/avatar\\\/2fcdf27c78ea025fbdb44e914cc63c72249ffec9dc8aafd5c82b26240ef3f346?s=96&d=mm&r=g\",\"url\":\"https:\\\/\\\/secure.gravatar.com\\\/avatar\\\/2fcdf27c78ea025fbdb44e914cc63c72249ffec9dc8aafd5c82b26240ef3f346?s=96&d=mm&r=g\",\"contentUrl\":\"https:\\\/\\\/secure.gravatar.com\\\/avatar\\\/2fcdf27c78ea025fbdb44e914cc63c72249ffec9dc8aafd5c82b26240ef3f346?s=96&d=mm&r=g\",\"caption\":\"Redazione\"},\"url\":\"https:\\\/\\\/www.rassegnastampa-totustuus.it\\\/cattolica\\\/author\\\/pietroelle\\\/\"}]}<\/script>\n<!-- \/ Yoast SEO plugin. -->","yoast_head_json":{"title":"Metamorfosi del socialcomunismo - Rassegna Stampa Cattolica","description":"Rassegna Stampa Cattolica - Per una cultura che nasce dalla Rivelazione cristiana in conformit\u00e0 alla tradizione e al Magistero della Chiesa in opposizione ad ogni relativismo e totalitarismo","robots":{"index":"index","follow":"follow","max-snippet":"max-snippet:-1","max-image-preview":"max-image-preview:large","max-video-preview":"max-video-preview:-1"},"canonical":"https:\/\/www.rassegnastampa-totustuus.it\/cattolica\/metamorfosi-del-socialcomunismo\/","og_locale":"it_IT","og_type":"article","og_title":"Metamorfosi del socialcomunismo - Rassegna Stampa Cattolica","og_description":"Rassegna Stampa Cattolica - Per una cultura che nasce dalla Rivelazione cristiana in conformit\u00e0 alla tradizione e al Magistero della Chiesa in opposizione ad ogni relativismo e totalitarismo","og_url":"https:\/\/www.rassegnastampa-totustuus.it\/cattolica\/metamorfosi-del-socialcomunismo\/","og_site_name":"Rassegna Stampa Cattolica","article_publisher":"https:\/\/www.facebook.com\/rassegnastampacattolica","article_published_time":"2005-07-26T22:00:00+00:00","article_modified_time":"2015-12-16T13:49:18+00:00","og_image":[{"width":300,"height":168,"url":"https:\/\/www.rassegnastampa-totustuus.it\/cattolica\/wp-content\/uploads\/2005\/07\/Cremlino_bandiera.jpg","type":"image\/jpeg"}],"author":"Redazione","twitter_card":"summary_large_image","twitter_creator":"@rassegnastampa9","twitter_site":"@rassegnastampa9","twitter_misc":{"Scritto da":"Redazione","Tempo di lettura stimato":"26 minuti"},"schema":{"@context":"https:\/\/schema.org","@graph":[{"@type":"Article","@id":"https:\/\/www.rassegnastampa-totustuus.it\/cattolica\/metamorfosi-del-socialcomunismo\/#article","isPartOf":{"@id":"https:\/\/www.rassegnastampa-totustuus.it\/cattolica\/metamorfosi-del-socialcomunismo\/"},"author":{"name":"Redazione","@id":"https:\/\/www.rassegnastampa-totustuus.it\/cattolica\/#\/schema\/person\/08f319d2bd1a0904ad9e2bfb7b15e5c3"},"headline":"Metamorfosi del socialcomunismo","datePublished":"2005-07-26T22:00:00+00:00","dateModified":"2015-12-16T13:49:18+00:00","mainEntityOfPage":{"@id":"https:\/\/www.rassegnastampa-totustuus.it\/cattolica\/metamorfosi-del-socialcomunismo\/"},"wordCount":5274,"publisher":{"@id":"https:\/\/www.rassegnastampa-totustuus.it\/cattolica\/#organization"},"image":{"@id":"https:\/\/www.rassegnastampa-totustuus.it\/cattolica\/metamorfosi-del-socialcomunismo\/#primaryimage"},"thumbnailUrl":"https:\/\/www.rassegnastampa-totustuus.it\/cattolica\/wp-content\/uploads\/2005\/07\/Cremlino_bandiera.jpg","keywords":["post-comunismo"],"articleSection":["Comunismo","Post-comunismo","Socialcomunismo"],"inLanguage":"it-IT"},{"@type":"WebPage","@id":"https:\/\/www.rassegnastampa-totustuus.it\/cattolica\/metamorfosi-del-socialcomunismo\/","url":"https:\/\/www.rassegnastampa-totustuus.it\/cattolica\/metamorfosi-del-socialcomunismo\/","name":"Metamorfosi del socialcomunismo - Rassegna Stampa Cattolica","isPartOf":{"@id":"https:\/\/www.rassegnastampa-totustuus.it\/cattolica\/#website"},"primaryImageOfPage":{"@id":"https:\/\/www.rassegnastampa-totustuus.it\/cattolica\/metamorfosi-del-socialcomunismo\/#primaryimage"},"image":{"@id":"https:\/\/www.rassegnastampa-totustuus.it\/cattolica\/metamorfosi-del-socialcomunismo\/#primaryimage"},"thumbnailUrl":"https:\/\/www.rassegnastampa-totustuus.it\/cattolica\/wp-content\/uploads\/2005\/07\/Cremlino_bandiera.jpg","datePublished":"2005-07-26T22:00:00+00:00","dateModified":"2015-12-16T13:49:18+00:00","description":"Rassegna Stampa Cattolica - Per una cultura che nasce dalla Rivelazione cristiana in conformit\u00e0 alla tradizione e al Magistero della Chiesa in opposizione ad ogni relativismo e totalitarismo","breadcrumb":{"@id":"https:\/\/www.rassegnastampa-totustuus.it\/cattolica\/metamorfosi-del-socialcomunismo\/#breadcrumb"},"inLanguage":"it-IT","potentialAction":[{"@type":"ReadAction","target":["https:\/\/www.rassegnastampa-totustuus.it\/cattolica\/metamorfosi-del-socialcomunismo\/"]}]},{"@type":"ImageObject","inLanguage":"it-IT","@id":"https:\/\/www.rassegnastampa-totustuus.it\/cattolica\/metamorfosi-del-socialcomunismo\/#primaryimage","url":"https:\/\/www.rassegnastampa-totustuus.it\/cattolica\/wp-content\/uploads\/2005\/07\/Cremlino_bandiera.jpg","contentUrl":"https:\/\/www.rassegnastampa-totustuus.it\/cattolica\/wp-content\/uploads\/2005\/07\/Cremlino_bandiera.jpg","width":300,"height":168},{"@type":"BreadcrumbList","@id":"https:\/\/www.rassegnastampa-totustuus.it\/cattolica\/metamorfosi-del-socialcomunismo\/#breadcrumb","itemListElement":[{"@type":"ListItem","position":1,"name":"Home","item":"https:\/\/www.rassegnastampa-totustuus.it\/cattolica\/"},{"@type":"ListItem","position":2,"name":"Metamorfosi del socialcomunismo"}]},{"@type":"WebSite","@id":"https:\/\/www.rassegnastampa-totustuus.it\/cattolica\/#website","url":"https:\/\/www.rassegnastampa-totustuus.it\/cattolica\/","name":"Rassegna Stampa Cattolica","description":"Per una cultura che nasce dalla Rivelazione cristiana in conformit\u00e0 alla tradizione e al Magistero della Chiesa in opposizione ad ogni relativismo e totalitarismo","publisher":{"@id":"https:\/\/www.rassegnastampa-totustuus.it\/cattolica\/#organization"},"alternateName":"Rass. Cattolica","potentialAction":[{"@type":"SearchAction","target":{"@type":"EntryPoint","urlTemplate":"https:\/\/www.rassegnastampa-totustuus.it\/cattolica\/?s={search_term_string}"},"query-input":{"@type":"PropertyValueSpecification","valueRequired":true,"valueName":"search_term_string"}}],"inLanguage":"it-IT"},{"@type":"Organization","@id":"https:\/\/www.rassegnastampa-totustuus.it\/cattolica\/#organization","name":"Rassegna Stampa Cattolica","url":"https:\/\/www.rassegnastampa-totustuus.it\/cattolica\/","logo":{"@type":"ImageObject","inLanguage":"it-IT","@id":"https:\/\/www.rassegnastampa-totustuus.it\/cattolica\/#\/schema\/logo\/image\/","url":"https:\/\/www.rassegnastampa-totustuus.it\/cattolica\/wp-content\/uploads\/2014\/04\/logo-rassegna1.gif","contentUrl":"https:\/\/www.rassegnastampa-totustuus.it\/cattolica\/wp-content\/uploads\/2014\/04\/logo-rassegna1.gif","width":600,"height":163,"caption":"Rassegna Stampa Cattolica"},"image":{"@id":"https:\/\/www.rassegnastampa-totustuus.it\/cattolica\/#\/schema\/logo\/image\/"},"sameAs":["https:\/\/www.facebook.com\/rassegnastampacattolica","https:\/\/x.com\/rassegnastampa9"]},{"@type":"Person","@id":"https:\/\/www.rassegnastampa-totustuus.it\/cattolica\/#\/schema\/person\/08f319d2bd1a0904ad9e2bfb7b15e5c3","name":"Redazione","image":{"@type":"ImageObject","inLanguage":"it-IT","@id":"https:\/\/secure.gravatar.com\/avatar\/2fcdf27c78ea025fbdb44e914cc63c72249ffec9dc8aafd5c82b26240ef3f346?s=96&d=mm&r=g","url":"https:\/\/secure.gravatar.com\/avatar\/2fcdf27c78ea025fbdb44e914cc63c72249ffec9dc8aafd5c82b26240ef3f346?s=96&d=mm&r=g","contentUrl":"https:\/\/secure.gravatar.com\/avatar\/2fcdf27c78ea025fbdb44e914cc63c72249ffec9dc8aafd5c82b26240ef3f346?s=96&d=mm&r=g","caption":"Redazione"},"url":"https:\/\/www.rassegnastampa-totustuus.it\/cattolica\/author\/pietroelle\/"}]}},"_links":{"self":[{"href":"https:\/\/www.rassegnastampa-totustuus.it\/cattolica\/wp-json\/wp\/v2\/posts\/1117","targetHints":{"allow":["GET"]}}],"collection":[{"href":"https:\/\/www.rassegnastampa-totustuus.it\/cattolica\/wp-json\/wp\/v2\/posts"}],"about":[{"href":"https:\/\/www.rassegnastampa-totustuus.it\/cattolica\/wp-json\/wp\/v2\/types\/post"}],"author":[{"embeddable":true,"href":"https:\/\/www.rassegnastampa-totustuus.it\/cattolica\/wp-json\/wp\/v2\/users\/6"}],"replies":[{"embeddable":true,"href":"https:\/\/www.rassegnastampa-totustuus.it\/cattolica\/wp-json\/wp\/v2\/comments?post=1117"}],"version-history":[{"count":5,"href":"https:\/\/www.rassegnastampa-totustuus.it\/cattolica\/wp-json\/wp\/v2\/posts\/1117\/revisions"}],"predecessor-version":[{"id":28835,"href":"https:\/\/www.rassegnastampa-totustuus.it\/cattolica\/wp-json\/wp\/v2\/posts\/1117\/revisions\/28835"}],"wp:featuredmedia":[{"embeddable":true,"href":"https:\/\/www.rassegnastampa-totustuus.it\/cattolica\/wp-json\/wp\/v2\/media\/28832"}],"wp:attachment":[{"href":"https:\/\/www.rassegnastampa-totustuus.it\/cattolica\/wp-json\/wp\/v2\/media?parent=1117"}],"wp:term":[{"taxonomy":"category","embeddable":true,"href":"https:\/\/www.rassegnastampa-totustuus.it\/cattolica\/wp-json\/wp\/v2\/categories?post=1117"},{"taxonomy":"post_tag","embeddable":true,"href":"https:\/\/www.rassegnastampa-totustuus.it\/cattolica\/wp-json\/wp\/v2\/tags?post=1117"}],"curies":[{"name":"wp","href":"https:\/\/api.w.org\/{rel}","templated":true}]}}