{"id":1088,"date":"2005-07-22T00:00:00","date_gmt":"2005-07-21T22:00:00","guid":{"rendered":""},"modified":"2016-02-08T09:23:31","modified_gmt":"2016-02-08T08:23:31","slug":"ci-che-stato-nascosto","status":"publish","type":"post","link":"https:\/\/www.rassegnastampa-totustuus.it\/cattolica\/ci-che-stato-nascosto\/","title":{"rendered":"Ci&ograve; che &egrave; stato nascosto"},"content":{"rendered":"<div style=\"text-align: center;\"><a href=\"https:\/\/www.rassegnastampa-totustuus.it\/cattolica\/wp-content\/uploads\/2005\/07\/Khmer-rossi.jpg\"><img loading=\"lazy\" decoding=\"async\" class=\"alignleft wp-image-30559 size-full\" src=\"https:\/\/www.rassegnastampa-totustuus.it\/cattolica\/wp-content\/uploads\/2005\/07\/Khmer-rossi.jpg\" alt=\"Khmer rossi\" width=\"240\" height=\"184\" \/><\/a>Pubblicato su <strong>www.stranicristiani.it<\/strong> febbraio 2000<\/div>\n<p style=\"text-align: center;\">a cura di <strong>Luca Baldinucci<\/strong><\/p>\n<p><!--more--><\/p>\n<p style=\"text-align: center;\">prima parte<br \/>\n<strong>LA STORIA<\/strong><\/p>\n<p style=\"text-align: justify;\">La Cambogia si trova nella penisola indocinese nel Sud-Est asiatico, si affaccia sul Golfo di Tailandia e confina con Tailandia, Laos e Vietnam. Ex &#8211; protettorato francese, inglobata nell&#8217;Indocina francese raggiunge l&#8217;indipendenza nel 1953 come monarchia costituzionale guidata dal re Norodom Sihanouk. Nel 1964 gli Stati Uniti accusano il re di sostenere i guerriglieri Vietcong e coinvolgono la Cambogia nei bombardamenti sul Vietnam del Nord.<\/p>\n<p style=\"text-align: justify;\">Nel 1970 il generale filo-americano Lon Nol attua un colpo di stato che porta il paese alla guerra civile fra le forze governative e i sostenitori del re in esilio (Funk), con il quale si schiera anche il movimento comunista dei Khmer rossi. Nel 1975 Funk e Khmer rossi conquistano la capitale Phnom Penh: viene fondata la Repubblica Democratica di Kampuchea (14\/12\/75) con Sihanouk capo dello stato.<\/p>\n<p style=\"text-align: justify;\">Il 14 aprile 1976 i leader dei Khmer rossi, dopo le dimissioni di Sihanouk, assumono le cariche principali: Kieu Samphan \u00e9 presidente della repubblica, Pol Pot, primo ministro. Inizia un regime di terrore che provocher\u00e0 alcuni milioni di morti in soli quattro anni (da uno a tre milioni).<\/p>\n<p style=\"text-align: center;\"><strong>SULLA LA STAMPA<\/strong><\/p>\n<p style=\"text-align: justify;\">Dopo la <em>liberazione<\/em> (&#8230;) la grande stampa e tutti i grandi mezzi di comunicazione avevano fatto silenzio su quelle martoriate regioni. Un silenzio strano, in verit\u00e0, se si pensa al clamore che aveva accompagnato sui giornali, alla televisione, per le strade, sulle piazze, nei lunghi cortei di solidariet\u00e0 &#8230;, le lotte e le vittorie dei khmer rossi (&#8230;).P. GHEDDO &#8211; G. GIRARDI, <em>Vietnam &#8211; Cambogia. Non stiamo a guardare<\/em>, Bologna, Ed. Emi, 1979, p. 5.<\/p>\n<p style=\"text-align: center;\"><strong>L&#8217;avvento di Pol Pot sulla stampa italiana<\/strong>.<\/p>\n<p style=\"text-align: justify;\"><em><strong>IL GIORNALE<\/strong><\/em>, Quotidiano del mattino, Anno III, n\u00b0 89, gioved\u00ec 15 aprile 1976, Dir. Res. Indro Montanelli, p 14:<\/p>\n<p style=\"text-align: justify;\"><em><em>Cambogia &#8211; Al posto di Sihanuk. Kieu Shamphan nominato presidente della Repubblica; Bangkok, 14 aprile. Kiu Samphan \u00e9 stato nominato presidente della Repubblica democratica della Cambogia. L&#8217;annuncio \u00e8 stato dato dalla radio nazionale che ha informato anche delle altre nuove cariche decise nel corso della sessione della Assemblea Popolare riunitasi a Phnom Penh dall&#8217;11 al 13 aprile. Primo vice presidente \u00e8 stato eletto Sor Pohm, secondo vice presidente \u00e9 risultato invece Nhim Ross<\/em><\/em><\/p>\n<p style=\"text-align: justify;\"><em><em>.<\/em><\/em>La carica del governo \u00e8 stata assegnata a Pol Pos(t). Questi, inoltre, gli altri incarichi: Ieng Sary, vice primo ministro per gli Affari esteri; Ouan Ditch, secondo vice primo ministro; Spon Sen, ministro della Difesa e Hu Nin, ministro delle informazioni. Negli ambienti degli osservatori politici a Bangkok era gi\u00e0 previsto che kiu Sampan avrebbe sostituito nella carica di capo dello stato il principe Norodom Sihanouk, che nove giorni fa si dimise.<\/p>\n<p style=\"text-align: justify;\"><em><span style=\"text-decoration: underline;\">NEL MENTRE<\/span>:<\/em> I Khmer rossi, appena preso possesso della capitale Phnom Penk, hanno ordinato l&#8217;evacuazione immediata di tutti gli abitanti della citt\u00e0: uomini, donne, bambini, vecchi, malati, feriti, circa un milione e mezzo o due milioni di cittadini hanno dovuto mettersi in marcia, portandosi appresso solo un p\u00f2 di cibo.<\/p>\n<p style=\"text-align: justify;\">(&#8230;) Una deportazione cos\u00ec massiccia e brutale ha fatto necessariamente vittime a centinaia di migliaia: i vecchi, i malati, i feriti, i bambini pi\u00f9 deboli non possono certo essere sopravvissuti in tali condizioni per quanto possiamo sapere, questa deportazione si spiega anzitutto con la volont\u00e0 di distruggere radicalmente la societ\u00e0 antica con le sue ingiustizie ma anche con i suoi quadri tradizionali, il suo genere di vita, la sua cultura e tutti i suoi punti di riferimento (famiglia, gruppi sociali) che possono aiutare l&#8217;individuo ad avere una sua personalit\u00e0. (Testimonianza di Mons. Andr\u00e9 Lesouef, prefetto apostolico di Kompong-Cham)<\/p>\n<p style=\"text-align: justify;\">(&#8230;) (Si compie anche) la distruzione totale di tutto quello che ricordava l&#8217;antica societ\u00e0 (bruciata ad esempio a Phonom-Penh la biblioteca della Ecole Francaise d&#8217;Extreme-Orient, ricca di circa 10.000 volumi di valore inestimabile per la storia della Cambogia, l&#8217;archeologia, la lingua e le tradizioni del popolo khmer). P. GHEDDO, <em>op. cit.<\/em>, pp. 104 &#8211; 105.<\/p>\n<p style=\"text-align: justify;\"><strong><em>IL MANIFESTO<\/em><\/strong>, Unit\u00e0 proletaria per il comunismo, anno VI, n\u00b0 84, Dir. Luigi Pintor, gioved\u00ec 15 aprile 1976, p. 4<\/p>\n<p style=\"text-align: justify;\"><em>CAMBOGIA. L&#8217;assemblea popolare accoglie le dimissioni di Sihanuk e elegge Sampan presidente. Phnon Penh, Cambogia. Kieu Samphan \u00e9 il nuovo presidente della Repubblica popolare di Cambogia. Lo ha eletto l&#8217;assemblea popolare, riunita nella capitale dell&#8217;11 al 13 Aprile, per la prima volta dopo le elezioni generali. Il primo vice-presidente \u00e8 Sor Pohm, il secondo Nhim Ross. Capo del governo Pol Pos. Tutti e tre sono compagni di lotta di Sompran e appartengono al movimento dei Khmer rossi dalla prima ora. Sulla scena politica, per\u00f2, non erano mai particolarmente emersi. <\/em><\/p>\n<p style=\"text-align: justify;\">Ien Sary, pi\u00f9 legato all&#8217;Unione sovietica che Samphan (che \u00e8 invece considerato vicino alla Cina) mantiene il suo posto di Vice-primo ministro, incaricato degli affari esteri. L&#8217;assemblea ha accolto le dimissioni di Sihanuk, senza il minimo omaggio alla figura del principe. Sembra confermata cos\u00ec l&#8217;opinione secondo la quale il ritiro di Sihanuk \u00e8 legato a profonde divergenze politiche fra l&#8217;ex presidente e il gruppo dirigente dei khmer rossi.<\/p>\n<p style=\"text-align: justify;\"><span style=\"text-decoration: underline;\"><em>NEL MENTRE<\/em><\/span>: L&#8217;edificio che adesso ospita il museo del genocidio era una scuola superiore: Tuol Svay Prey High School. Nel 1975 le forze di sicurezza di Pol Pot acquisirono gli edifici e li trasformarono in prigione (Security prison 21; S-21) che divenne il pi\u00f9 grande centro di detenzione e tortura del Paese. L&#8217;edificio si trova a sud della citt\u00e0 (la capitale Phnon Penh) e copre un&#8217;area di circa 600&#215;400 metri e durante il regime era circondato da fili di ferro arrugginito elettrificati.<\/p>\n<p style=\"text-align: justify;\">Le abitazioni intorno alla scuola furono usate come uffici amministrativi e sale per tortura. Le persone che complessivamente lavorarono alla S-21 furono 1720 e molti di loro erano adolescenti e bambini. E proprio i pi\u00f9 giovani erano i pi\u00f9 crudeli verso i prigionieri. I prigionieri venivano presi da tutto il Paese e da ogni ceto sociale. La maggioranza furono cambogiani, ma anche vietnamiti, laotiani, tailandesi, indiani, australiani, britannici, americani chiunque fosse sospettato di poter mettere in discussione il regime di Pol Pot.<\/p>\n<p style=\"text-align: justify;\">Si stima che il numero degli <em>ospiti<\/em> della S-21 siano stati:<\/p>\n<p style=\"text-align: justify;\">1975: <strong>1154<\/strong>;<br \/>\n1976: <strong>2250<\/strong>;<br \/>\n1977: <strong>2330<\/strong>;<br \/>\n1978: <strong>5765<\/strong>.<\/p>\n<p style=\"text-align: justify;\">A questi andrebbero aggiunti circa 2000 bambini uccisi nella S-21 che non risultano riportati sui documenti ritrovati. La durata media di prigionia era compresa tra i 2 e i 4 mesi. I prigionieri venivano tenuti nelle loro rispettive celle e ammanettati con catene fissate al muro o al pavimento. I prigionieri tenuti nelle grandi celle avevano una gamba (o ambedue) legate ad una barra di ferro.<\/p>\n<p style=\"text-align: justify;\">Alle barre lunghe un metro erano legati 4 &#8211; 6 prigionieri, a quelle di sei metri i prigionieri erano 20 &#8211; 30. Essi venivano fissati su lati opposti alternativamente. Prima di essere rinchiusi nelle celle loro assegnate i prigionieri venivano fotografati e veniva registrata la loro vita a partire dall&#8217;infanzia fino al giorno dell&#8217;arresto. Veniva tolta loro ogni cosa; i prigionieri dormivano direttamente sul pavimento.<\/p>\n<p style=\"text-align: justify;\">Tutte le mattine alle 4.30 i prigionieri subivano un&#8217;ispezione da parte degli agenti preposti alla sicurezza; subivano quattro ispezioni al giorno. Essi erano tenuti ad effettuare quotidianamente alcuni esercizi fisici che consistevano semplicemente nel muovere braccia e gambe su e gi\u00f9 rimanendo comunque fissati alla loro sbarra.. (Museo del genocidio <em>Tuol Sleng <\/em>da: Viaggio in Cambogia di Stefano Iucci )<\/p>\n<p style=\"text-align: center;\"><strong>seconda parte<br \/>\nLA STAMPA<\/strong><\/p>\n<p style=\"text-align: justify;\">\u00abSe un decimo di quel che \u00e8 successo in Cambogia dopo la &#8216;liberazione&#8217; fosse successo in un qualsiasi regime non comunista, certamente questi fatti sarebbero sulle prime pagine di tutti i giornali, ci sarebbero dibattiti alla TV, interventi di partiti e sindacati, manifestazioni, proteste a livello mondiale.\u00bb P. GHEDDO &#8211; G. GIRARDI, <em>Vietnam &#8211; Cambogia. Non stiamo a guardare<\/em>, Bologna, Ed. Emi, 1979, p. 116.<\/p>\n<p style=\"text-align: center;\"><strong>L&#8217;AVVENTO DI POL POT SULLA STAMPA ITALIANA.<\/strong><\/p>\n<p style=\"text-align: justify;\"><strong><em>L&#8217;UNITA&#8217;,<\/em><\/strong> organo del Partito Comunista Italiano; Direttore Luca Pavolini, Condirettore Claudio Petruccioli, Direttore Responsabile Antonio Di Mauro; Anno LIII, gioved\u00ec 15 aprile 1976, p. 14:In sostituzione di Penh Nuth; Tol Sat premier della Cambogia. <em>Bangkok, 14. La radio cambogiana ha reso nota stamane ufficialmente la nuova composizione degli organi statali e di governo, approvata dall&#8217;Assemblea nella sessione che si \u00e8 tenuta a Phnom Penh dall&#8217;11 al 13 aprile, dopo le dimissioni di Norodom Sihanuk dalla carica di capo dello Stato. Come era gi\u00e0 stato anticipato , il vice-premier e comandante in capo delle forze armate, Khieu Samphan, \u00e8 diventato presidente del Presidium dello Stato (la Presidenza della Repubblica), mentre Tol Sat<\/em> (Pol Pot, nota del curatore) <em>ha assunto la direzione del governo, in sostituzione di Penn Nuth, gi\u00e0 capo del governo reale di unione nazionale (GRUNK). <\/em><\/p>\n<p style=\"text-align: justify;\">Penn Nuth diventa consigliere del Presidium, organo che avr\u00e0 il compito di &#8220;rappresentare lo Stato democratico cambogiano dentro e fuori del paese&#8221;. Kieu Samphan sar\u00e0 affiancato da due vice-presidenti: Sor Pohm e Nhim Ross. I due vice-premier, Ieng Sary e Uan Ditch, conservano i loro incarichi, con speciali competenze, il primo per gli affari esteri. Son Sen diventa anche lui vice-premier e ministro della difesa (carica tenuta finora da Khieu Samphan) mentre U Nim \u00e8 ministro delle informazioni.<\/p>\n<p style=\"text-align: justify;\"><em><span style=\"text-decoration: underline;\">NEL MENTRE<\/span><\/em><strong>:<\/strong> <strong>Regolamento del Campo di concentramento di Phnom Pen:<\/strong><\/p>\n<p style=\"text-align: justify;\"><strong>1<\/strong>&#8211; Devi rispondere adeguatamente alle mie domande. Non provare a respingerle.<br \/>\n<strong>2<\/strong>&#8211; Non cercare di nascondere i fatti tirando fuori ogni sorta di pretesto. Ti \u00e8 assolutamente proibito contestarmi.<br \/>\n<strong>3-<\/strong> Non fare l&#8217;idiota, perch\u00e9 sei uno che osa opporsi alla rivoluzione.<br \/>\n<strong>4<\/strong>&#8211; Rispondi subito alle mie domande, senza perdere tempo a pensare.<br \/>\n<strong>5<\/strong>&#8211; Non venirmi a parlare delle tue immoralit\u00e0 o della rivoluzione.<br \/>\n<strong>6<\/strong>&#8211; Mentre vieni frustrato o ti vengono somministrate scosse elettriche, non devi emettere un grido.<br \/>\n<strong>7<\/strong>&#8211; Non fare nulla. Sta&#8217; seduto immobile e aspetta i miei ordini. Se non ci sono ordini, sta&#8217; zitto. Quando ti chiedo di fare qualcosa, fallo subito senza protestare.<br \/>\n<strong>8<\/strong>&#8211; Non venirmi a parlare della Kampuchea Krom (Cambogia del Sud) per nascondere le tue ciance di traditore<br \/>\n<strong>9-<\/strong> Se non segui tutte le regole di cui sopra, riceverai molte frustate con il filo elettrico.<br \/>\n<strong>10<\/strong>&#8211; Se disobbedisci ad una qualsiasi delle mie regole, avrai dieci frustate o cinque scosse elettriche<\/p>\n<div align=\"justify\">\n<div align=\"center\">\n<div align=\"justify\">\n<p>Viaggio in Cambogia di Stefano Iucci; www.orcaloca.it\/cambodia\/museo.php<\/p>\n<p><strong><em>LA STAMPA,<\/em><\/strong> Gioved\u00ec, 15 aprile 1976, p. 22<\/p>\n<p><em>Kieu Samphan, eletto presidente, succede a Sihanuk. Il &#8216;monaco soldato&#8217; guida la Cambogia, di Gianfranco Romanello. (si conclude) il periodo delle alleanza &#8216;contro natura&#8217;&#8230;Ora il campo \u00e8 libero anche formalmente (di fatto gi\u00e0 lo era) per il vero uomo forte del regime, il quarantacinquenne Khiu Samphan&#8230;.\u00e8 descritto come un &#8216;professionista della rivoluzione&#8217;, secondo i pi\u00f9 ortodossi canoni leninisti. Laureato in economia all&#8217;Universit\u00e0 di Parigi sembra essere un marxista &#8216;integrale&#8217;, che all&#8217;ideologia ha sacrificato gli aspetti privati della vita&#8230;.In politica interna Khieu Samphan sembra un rigido e spietato costruttore del comunismo, quasi uno Stalin asceta&#8230;Anche Khiu Samphan, insomma, cercherebbe una &#8216;via autonoma&#8217; per il comunismo di casa sua<\/em>.<\/p>\n<p><em><span style=\"text-decoration: underline;\">NEL MENTRE:<\/span><\/em> Il Bangkok Post riporta, fra i molti racconti di profughi dalla Cambogia, anche quello di una ragazza thailandese, Keawta Petchsri, che era andata in aprile in un piccolo villaggio ai confini con la Thailandia per celebrare una festa con amici locali e poi rimase bloccata dalla vittoria dei khmer rossi, rimanendo altri tre mesi, subendo la stessa sorte del popolo locale.<\/p>\n<p>Quando la ragazza \u00e8 riuscita a tornare in Thailandia, ha raccontato una storia che ha dell&#8217;incredibile: la vita del popolo \u00e8 lavoro, indottrinamento politico, terrore per la delazione vicendevole; punizioni e battiture, scarsissimo cibo, nessuna medicina, molte fucilazioni di gente che si ribella ad una vita disumana.<\/p>\n<p><em>Bangkok Post, 24 agosto 1975 <\/em>P. GHEDDO &#8211; G. GIRARDI, <em>op. cit.<\/em>, p. 108.<\/p>\n<p style=\"text-align: center;\"><strong>terza parte<br \/>\nLA STAMPA<\/strong><\/p>\n<p><strong><em>L\u2019OSSERVATORE ROMANO<\/em>,<\/strong> Anno LXVI &#8211; n\u00b0 88, gioved\u00ec 15 aprile 1976.&#8221;<em>Sampan eletto Presidente della Repubblica cambogiana. Il principe Norodom Sihanuk si sarebbe recato all\u2019estero. BANGKOK, 14. L\u2019Assemblea del popolo ha eletto Khieu Sampan Presidente della Repubblica democratica di Cambogia, in sostituzione del principe Norodom Sihanuk , &#8220;dimissionario&#8221;. (&#8230;) Primo Ministro \u00e8 Pol Pos, con due Viceprimi ministri: Ien Sary, incaricato degli affari esteri, e Ouan Ditch; Ministro della difesa (&#8230;) Cittadini cambogiani rifugiatisi in Thailandia, (&#8230;) hanno rilevato che l\u2019Assemblea non ha fatto il minimo accenno all\u2019opera di Sihanuk e ritengono che egli abbia lasciato la Cambogia. \u00abSihanuk &#8211; ha detto una di essi &#8211; non \u00e8 pi\u00f9 in Cambogia. <\/em><\/p>\n<p>La Cambogia democratica lo ha estromesso definitivamente dal potere. Pace a un principe travolto dalla rivoluzione\u00bb. Sihanuk, del<em>resto, non aveva pi\u00f9 alcuna autorit\u00e0 da quando i rossi hanno assunto il controllo della Cambogia<\/em>.&#8221;<\/p>\n<p><em><span style=\"text-decoration: underline;\">NEL MENTRE:<\/span><\/em> &#8220;Secondo Sliwinski, i pochi cattolici cambogiani sono stati il gruppo etnico o religioso pi\u00f9 straziato, con il 48,6 per cento di vittime: abitavano per lo pi\u00f9 nelle citt\u00e0 e a questo si aggiungeva il fatto che erano spesso di origine vietnamita, quindi associati all\u2019 <em>\u00ab<\/em>imperialismo coloniale<em>\u00bb<\/em>. i requisiti c\u2019erano tutti. La cattedrale di Phnom Penh \u00e8 stata il solo edificio della citt\u00e0 completamente raso al suolo.&#8221;<\/p>\n<p>COURTOIS, WERTH, PANNE\u2019, PACZKOWSKI, BARTOSEK, MARGOLIN, <em>Il libro nero del comunismo<\/em>, Mondadori, Milano, 1998, pag. 556.<\/p>\n<p><strong><em>&#8220;Quando si strappa un\u2019erba, bisogna estirparne tutte le radici&#8221;<\/em><\/strong> Slogan, COURTOIS, et. al., op. cit., p. 574<\/p>\n<p style=\"text-align: center;\"><strong>TESTIMONIANZE <\/strong>UNA GIORNATA AL TEMPO DI POL POT<\/p>\n<p style=\"text-align: justify;\">&#8220;In una giornata di 24 ore non erano tollerati tempi morti. La vita quotidiana si divideva cos\u00ec: 12 ore di lavoro fisico, 2 ore per mangiare, 3 ore per il riposo e l\u2019istruzione, 7 ore di sonno. Ci trovavamo in un immenso campo di concentramento. Non c\u2019era pi\u00f9 giustizia. Era l\u2019Angkar (abbreviazione di Angkar padevat &#8211; Organizzazione rivoluzionaria &#8211; n. del red.) che decideva ogni atto della nostra vita. &#8230; I khmer rossi si servivano spesso di parabole per giustificare le loro azioni e i loro ordini contraddittori:<\/p>\n<p style=\"text-align: justify;\">\u00abGuardate questo bue che tira l\u2019aratro. Mangia dove gli si ordina di mangiare. Se lo si lascia pascolare in questo campo, mangia. Se lo si porta in un altro campo dove non c\u2019\u00e8 abbastanza erba, bruca comunque. Non pu\u00f2 spostarsi. E\u2019 sorvegliato. E quando gli si dice di tirare l\u2019aratro, lo tira. Non pensa mai alla moglie, ai figli\u00bb.&#8221;<\/p>\n<p style=\"text-align: justify;\">PIN YATHAY, L\u2019utopie meurtri\u00e8re: un rescap\u00e9 du g\u00e9nocide cambodgien t\u00e9moigne, Bruxelles Complexe, 1995 ; cit. in COURTOIS et al., op. cit., p. 560.<\/p>\n<p style=\"text-align: justify;\">&#8220;EDUCAZIONE&#8221;<\/p>\n<p style=\"text-align: justify;\">&#8220;Le loro parole rimanevano cordiali, molto soavi, persino nei momenti peggiori. Si spingevano fino all\u2019assassinio senza rinunciare a questa cortesia. Somministravano la morte con parole gentili. &#8230; Erano capaci di prometterci tutto quello che volevamo per anestetizzare la nostra diffidenza. Sapevo che le loro parole dolci accompagnavano i crimini o li precedevano. I khmer rossi erano gentili in ogni circostanza, anche prima di abbatterci come bestie.&#8221;P. YATHAY, op. cit., p. 150; cit. in COURTOIS et al., op. cit., p. 572.<\/p>\n<p style=\"text-align: justify;\">&#8220;AGRICOLTURA&#8221;<\/p>\n<p style=\"text-align: justify;\">&#8220;Si uccidevano continuamente uomini e donne per farne concime. Li si seppelliva nelle fosse comuni, onnipresenti nei campi coltivati, soprattutto in quelli di manioca. Spesso, estraendo i tuberi di manioca, si dissotterrava un osso frontale umano nelle cui orbite si erano infilate le radici della pianta.&#8221;K. KHUN, De la dictature des Khmers rouges \u0152a l\u2019occupation vietnamienne &#8211; Cambodge, 1975 &#8211; 1979, Paris, L\u2019Harmattan, p. 94; cit. in COURTOIS et al., op. cit., p. 573.<\/p>\n<p style=\"text-align: justify;\">&#8220;ASILI&#8221;<\/p>\n<p style=\"text-align: justify;\">&#8220;Eravamo impietositi soprattutto dalla sorte di venti bambini, figli dei deportati dopo il 17 aprile 1975. Quei bambini avevano rubato perch\u00e9 avevano fame. Li avevano arrestati non per punirli ma per metterli a morte in modo molto crudele: &#8211; le guardie carcerarie li picchiavano o li prendevano a calci finch\u00e9 non morivano; &#8211; ne facevano dei giocattoli viventi attaccandoli per i piedi al tetto e, l\u00ec appesi, le facevano dondolare, poi a calci cercavano di riportarli alla posizione di partenza; vicino alla prigione c\u2019era uno stagno; gli aguzzini vi gettavano i piccoli prigionieri, li tenevano immersi premendoli con i piedi e, quando quegli sventurati venivano presi da convulsioni, li lasciavano emergere un attimo per poi rificcarli subito sott\u2019acqua.Noi, gli altri prigionieri e io, piangevamo di nascosto sulla sorte di quei poveri bambini che avevano lasciato questo mondo in una maniera cos\u00ec atroce. I carnefici erano otto guardie carcerarie. Bun, il capo, e Lan (ricordo solo questi due nomi) erano i pi\u00f9 terribili, ma tutti hanno preso parte a queste azioni ignobili, tutti hanno gareggiato in crudelt\u00e0 per fare soffrire i loro compatrioti.&#8221;<\/p>\n<p style=\"text-align: justify;\">K. KHUN, op. cit., p. 131; cit. in COURTOIS et al., op. cit., pp. 574 &#8211; 575.<\/p>\n<p style=\"text-align: justify;\">&#8220;DELITTI&#8221;<\/p>\n<p style=\"text-align: justify;\">&#8220;Per il delitto di parlare inglese sono stato arrestato dai khmer rossi e trascinato, con la corda al collo, zoppicante e barcollante, nella prigione di Kach Roteh, nei pressi di Battambang. Non era che l\u2019inizio. Sono stato incatenato insieme a tutti gli altri prigionieri, con i ferri che mi tagliavano la pelle. Le caviglie ne portano ancora i segni. Sono stato torturato a pi\u00f9 riprese, per mesi. L\u2019unico sollievo lo provavo quando svenivo.Ogni notte le guardie facevano irruzione e chiamavano i nomi di uno, due o tre prigionieri. Li portavano via, e non li rivedevamo pi\u00f9: venivano assassinati su ordine dei khmer rossi. Per quanto ne so, sono uno dei rari prigionieri usciti vivi da Kach Roteh, un vero campo di tortura e sterminio. Sono sopravvissuto unicamente grazie alla mia capacit\u00e0 di raccontare le favole di Esopo e storie di animali della tradizione khmer agli adolescenti e ai bambini che ci facevano da guardiani.&#8221;<\/p>\n<p style=\"text-align: justify;\">KASSIE NEOU, direttore dell\u2019Istituto cambogiano dei diritti umani, in Phnom Phenh Post, 20 settembre 1996, p. 8; cit in COURTOIS et al, op. cit., p. 576.<\/p>\n<p style=\"text-align: justify;\">&#8220;CAMPI&#8221;<\/p>\n<p style=\"text-align: justify;\">I Killing fields: il luogo di sterminio dei Khmer rouge. L&#8217;albero dei bambini: ai piedi ancora gli abiti indossati dalle vittime quando venivano sbrindellate contro la corteccia. Altri bambini, sempre per risparmiare pallottole, venivano lanciati in aria e fatti infilzare sulle punte delle baionette protese in alto. In mezzo al campo, tra le fosse comuni scoperchiate e vuote, un brutto stupa, asettico davvero, raccoglie pi\u00f9 di 8.000 teschi di vittime, ordinatamente divisi per sesso ed et\u00e0.Sotto i teschi, ancora pi\u00f9 impressionanti, i poveri stracci di chi, probabilmente ucciso perch\u00e9 borghese controrivoluzionario, portava invece vestiti da contadino. Poi tante (129) fosse comuni; in fondo, da quinta, un lago che scorre placido come un fiume sonnolento.<\/p>\n<p style=\"text-align: justify;\">Viaggio in Cambogia di Stefano Iucci; www.orcaloca.it\/cambodia\/museo.php<\/p>\n<p style=\"text-align: justify;\">La straordinaria vittoria del 17 aprile Sangue scarlatto che inonda la citt\u00e0 e la campagna della patria kampucheana, Sangue dei nostri splendidi operai-contadini, Sangue dei combattenti e delle combattenti rivoluzionarie, Sangue che si trasform\u00f2 in una terribile collera, in lotta senza quartiere, Il 17 aprile, sotto la bandiera della Rivoluzione. Sangue liberatore dalla schiavit\u00f9, Viva, viva la straordinaria vittoria del 17 aprile! Grandiosa vittoria, pi\u00f9 significativa dell\u2019epoca di Angkor!<\/p>\n<p style=\"text-align: justify;\">Prima strofa dell\u2019inno nazionale della Cambogia comunista, COURTOIS et. al., op. cit., pp. 584 &#8211; 585.<\/p>\n<p style=\"text-align: justify;\">&#8220;Perderti non \u00e8 una perdita. Conservarti non \u00e9 di alcuna utilit\u00e0&#8221;<\/p>\n<p style=\"text-align: justify;\">Slogan, COURTOIS et. al., op. cit., p.560.<\/p>\n<p style=\"text-align: center;\">* \u00a0*\u00a0 *<\/p>\n<p style=\"text-align: center;\"><strong>Eugenio Corti e la Cambogia<\/strong><\/p>\n<p style=\"text-align: center;\">ovvero come un uomo libero poteva accorgersi di quello che stava accadendo<\/p>\n<p style=\"text-align: justify;\">In che modo funziona la censura? Anzitutto come filtro che impedisce di far arrivare alla gente le idee e le notizie che non garbano&#8230; Poi impedendo che l&#8217;attenzione generale si fermi debitamente sugli accadimenti mondiali a loro sgraditi, dei quali sia comunque pervenuta alla collettivit\u00e0 qualche notizia: a tal fine l&#8217;attenzione di tutti viene deviata di continuo su obiettivi distorcenti.<\/p>\n<p style=\"text-align: justify;\">Certo non si manca d&#8217;impostare, ogni tanto, anche qualche polemica avversa al marxismo, ma sempre accuratamente addomesticata: s\u00ec finisce cos\u00ec con l&#8217;instaurare sul piano nazionale un discorso a senso unico, i cui argomenti vengono ripetuti all&#8217;infinito. Vogliamo fare un esempio pratico?<\/p>\n<p style=\"text-align: justify;\">Alcuni anni or sono in due piccoli paesi stranieri ugualmente lontani da noi, il Cile e la Cambogia, si sono imposte due diverse dittature: fascista in Cile e comunista in Cambogia. Da allora quasi tutti i grandi giornali, nonch\u00e9 la televisione italiana (inclusa la rete che dovrebbe essere &#8220;cattolica&#8221;) hanno scritto migliaia di articoli e spese centinaia e centinaia di ore di trasmissione per metterci in guardia contro la dittatura cilena e i suoi crimini.<\/p>\n<p style=\"text-align: justify;\">Non diciamo che giornali e Tv non debbano combattere il fascismo: per\u00f2 quanto spazio essi hanno nello stesso tempo dedicato sull&#8217;altro versante ai misfatti della dittatura comunista cambogiana? Quasi nessuno spazio.<\/p>\n<p style=\"text-align: justify;\">Ebbene. quante sono state finora le vittime reali delle due dittature? In Cile, per dichiarazione fatta dal capo del partito Comunista Corvalan alla nostra televisione, 6.800 in tutto (cio\u00e8 3.300 morti riconosciuti, 2.500 scomparsi. e 1.000 altri circa di sorte non conosciuta). Mentre in Cambogia nello stesso tempo (anzi in un tempo alquanto minore: tra l&#8217;aprile &#8217;75, data della vittoria militare dei Khmer rossi, e il settembre &#8217;77 &#8211; quattro mesi fa &#8211; ultima data per cui esistono i computi) le vittime sono state pi\u00f9 di due milioni.<\/p>\n<p style=\"text-align: justify;\">Ripetiamo, perch\u00e9 il lettore non pensi a un refuso: dopo aver preso il potere in Cambogia, i comunisti hanno ucciso pi\u00f9 di due milioni di persone inermi su sette milioni d&#8217;abitanti, e gli stermini sono tuttora in corso. Ma chi le sa queste cose in Italia? Chi ne \u00e8 al corrente? Pochissimi, e anche costoro in modo confuso. Sopratutto non le sanno i giovani, per i quali una simile terrificante realt\u00e0 verrebbe davvero a costituire un importante motivo di riflessione.<\/p>\n<p style=\"text-align: justify;\"><em>Eugenio Corti. L&#8217;ordine quotidiano di Como, 26-01-1978. In &#8220;Il Fumo nel Tempio&#8221;, ed. Ares, Milano. p.112 Ripubblicato da Tempi, n. 28 dal 10 al 16 luglio 2003<\/em><\/p>\n<\/div>\n<\/div>\n<\/div>\n","protected":false},"excerpt":{"rendered":"<p>Pubblicato su www.stranicristiani.it febbraio 2000 a cura di Luca Baldinucci<\/p><p><a class=\"more-link btn\" href=\"https:\/\/www.rassegnastampa-totustuus.it\/cattolica\/ci-che-stato-nascosto\/\">Continua a leggere<\/a><\/p>\n","protected":false},"author":6,"featured_media":30559,"comment_status":"closed","ping_status":"open","sticky":false,"template":"","format":"standard","meta":{"footnotes":""},"categories":[81,32,108],"tags":[2403],"class_list":["post-1088","post","type-post","status-publish","format-standard","has-post-thumbnail","hentry","category-cambogia","category-filosofia-del-comunismo","category-paesi-e-continenti","tag-cambogia","item-wrap"],"yoast_head":"<!-- This site is optimized with the Yoast SEO plugin v27.5 - https:\/\/yoast.com\/product\/yoast-seo-wordpress\/ -->\n<title>Ci&ograve; che &egrave; stato nascosto - Rassegna Stampa Cattolica<\/title>\n<meta name=\"description\" content=\"Rassegna Stampa Cattolica - Per una cultura che nasce dalla Rivelazione cristiana in conformit\u00e0 alla tradizione e al Magistero della Chiesa in opposizione ad ogni relativismo e totalitarismo\" \/>\n<meta name=\"robots\" content=\"index, follow, max-snippet:-1, max-image-preview:large, max-video-preview:-1\" \/>\n<link rel=\"canonical\" href=\"https:\/\/www.rassegnastampa-totustuus.it\/cattolica\/ci-che-stato-nascosto\/\" \/>\n<meta property=\"og:locale\" content=\"it_IT\" \/>\n<meta property=\"og:type\" content=\"article\" \/>\n<meta property=\"og:title\" content=\"Ci&ograve; che &egrave; stato nascosto - Rassegna Stampa Cattolica\" \/>\n<meta property=\"og:description\" content=\"Rassegna Stampa Cattolica - Per una cultura che nasce dalla Rivelazione cristiana in conformit\u00e0 alla tradizione e al Magistero della Chiesa in opposizione ad ogni relativismo e totalitarismo\" \/>\n<meta property=\"og:url\" content=\"https:\/\/www.rassegnastampa-totustuus.it\/cattolica\/ci-che-stato-nascosto\/\" \/>\n<meta property=\"og:site_name\" content=\"Rassegna Stampa Cattolica\" \/>\n<meta property=\"article:publisher\" content=\"https:\/\/www.facebook.com\/rassegnastampacattolica\" \/>\n<meta property=\"article:published_time\" content=\"2005-07-21T22:00:00+00:00\" \/>\n<meta property=\"article:modified_time\" content=\"2016-02-08T08:23:31+00:00\" \/>\n<meta property=\"og:image\" content=\"https:\/\/www.rassegnastampa-totustuus.it\/cattolica\/wp-content\/uploads\/2005\/07\/Khmer-rossi.jpg\" \/>\n\t<meta property=\"og:image:width\" content=\"240\" \/>\n\t<meta property=\"og:image:height\" content=\"184\" \/>\n\t<meta property=\"og:image:type\" content=\"image\/jpeg\" \/>\n<meta name=\"author\" content=\"Redazione\" \/>\n<meta name=\"twitter:card\" content=\"summary_large_image\" \/>\n<meta name=\"twitter:creator\" content=\"@rassegnastampa9\" \/>\n<meta name=\"twitter:site\" content=\"@rassegnastampa9\" \/>\n<meta name=\"twitter:label1\" content=\"Scritto da\" \/>\n\t<meta name=\"twitter:data1\" content=\"Redazione\" \/>\n\t<meta name=\"twitter:label2\" content=\"Tempo di lettura stimato\" \/>\n\t<meta name=\"twitter:data2\" content=\"17 minuti\" \/>\n<script type=\"application\/ld+json\" class=\"yoast-schema-graph\">{\"@context\":\"https:\\\/\\\/schema.org\",\"@graph\":[{\"@type\":\"Article\",\"@id\":\"https:\\\/\\\/www.rassegnastampa-totustuus.it\\\/cattolica\\\/ci-che-stato-nascosto\\\/#article\",\"isPartOf\":{\"@id\":\"https:\\\/\\\/www.rassegnastampa-totustuus.it\\\/cattolica\\\/ci-che-stato-nascosto\\\/\"},\"author\":{\"name\":\"Redazione\",\"@id\":\"https:\\\/\\\/www.rassegnastampa-totustuus.it\\\/cattolica\\\/#\\\/schema\\\/person\\\/08f319d2bd1a0904ad9e2bfb7b15e5c3\"},\"headline\":\"Ci&ograve; che &egrave; stato nascosto\",\"datePublished\":\"2005-07-21T22:00:00+00:00\",\"dateModified\":\"2016-02-08T08:23:31+00:00\",\"mainEntityOfPage\":{\"@id\":\"https:\\\/\\\/www.rassegnastampa-totustuus.it\\\/cattolica\\\/ci-che-stato-nascosto\\\/\"},\"wordCount\":3462,\"publisher\":{\"@id\":\"https:\\\/\\\/www.rassegnastampa-totustuus.it\\\/cattolica\\\/#organization\"},\"image\":{\"@id\":\"https:\\\/\\\/www.rassegnastampa-totustuus.it\\\/cattolica\\\/ci-che-stato-nascosto\\\/#primaryimage\"},\"thumbnailUrl\":\"https:\\\/\\\/www.rassegnastampa-totustuus.it\\\/cattolica\\\/wp-content\\\/uploads\\\/2005\\\/07\\\/Khmer-rossi.jpg\",\"keywords\":[\"Cambogia\"],\"articleSection\":[\"Cambogia\",\"Comunismo\",\"Paesi e continenti\"],\"inLanguage\":\"it-IT\"},{\"@type\":\"WebPage\",\"@id\":\"https:\\\/\\\/www.rassegnastampa-totustuus.it\\\/cattolica\\\/ci-che-stato-nascosto\\\/\",\"url\":\"https:\\\/\\\/www.rassegnastampa-totustuus.it\\\/cattolica\\\/ci-che-stato-nascosto\\\/\",\"name\":\"Ci&ograve; che &egrave; stato nascosto - Rassegna Stampa Cattolica\",\"isPartOf\":{\"@id\":\"https:\\\/\\\/www.rassegnastampa-totustuus.it\\\/cattolica\\\/#website\"},\"primaryImageOfPage\":{\"@id\":\"https:\\\/\\\/www.rassegnastampa-totustuus.it\\\/cattolica\\\/ci-che-stato-nascosto\\\/#primaryimage\"},\"image\":{\"@id\":\"https:\\\/\\\/www.rassegnastampa-totustuus.it\\\/cattolica\\\/ci-che-stato-nascosto\\\/#primaryimage\"},\"thumbnailUrl\":\"https:\\\/\\\/www.rassegnastampa-totustuus.it\\\/cattolica\\\/wp-content\\\/uploads\\\/2005\\\/07\\\/Khmer-rossi.jpg\",\"datePublished\":\"2005-07-21T22:00:00+00:00\",\"dateModified\":\"2016-02-08T08:23:31+00:00\",\"description\":\"Rassegna Stampa Cattolica - Per una cultura che nasce dalla Rivelazione cristiana in conformit\u00e0 alla tradizione e al Magistero della Chiesa in opposizione ad ogni relativismo e totalitarismo\",\"breadcrumb\":{\"@id\":\"https:\\\/\\\/www.rassegnastampa-totustuus.it\\\/cattolica\\\/ci-che-stato-nascosto\\\/#breadcrumb\"},\"inLanguage\":\"it-IT\",\"potentialAction\":[{\"@type\":\"ReadAction\",\"target\":[\"https:\\\/\\\/www.rassegnastampa-totustuus.it\\\/cattolica\\\/ci-che-stato-nascosto\\\/\"]}]},{\"@type\":\"ImageObject\",\"inLanguage\":\"it-IT\",\"@id\":\"https:\\\/\\\/www.rassegnastampa-totustuus.it\\\/cattolica\\\/ci-che-stato-nascosto\\\/#primaryimage\",\"url\":\"https:\\\/\\\/www.rassegnastampa-totustuus.it\\\/cattolica\\\/wp-content\\\/uploads\\\/2005\\\/07\\\/Khmer-rossi.jpg\",\"contentUrl\":\"https:\\\/\\\/www.rassegnastampa-totustuus.it\\\/cattolica\\\/wp-content\\\/uploads\\\/2005\\\/07\\\/Khmer-rossi.jpg\",\"width\":240,\"height\":184},{\"@type\":\"BreadcrumbList\",\"@id\":\"https:\\\/\\\/www.rassegnastampa-totustuus.it\\\/cattolica\\\/ci-che-stato-nascosto\\\/#breadcrumb\",\"itemListElement\":[{\"@type\":\"ListItem\",\"position\":1,\"name\":\"Home\",\"item\":\"https:\\\/\\\/www.rassegnastampa-totustuus.it\\\/cattolica\\\/\"},{\"@type\":\"ListItem\",\"position\":2,\"name\":\"Ci&ograve; che &egrave; stato nascosto\"}]},{\"@type\":\"WebSite\",\"@id\":\"https:\\\/\\\/www.rassegnastampa-totustuus.it\\\/cattolica\\\/#website\",\"url\":\"https:\\\/\\\/www.rassegnastampa-totustuus.it\\\/cattolica\\\/\",\"name\":\"Rassegna Stampa Cattolica\",\"description\":\"Per una cultura che nasce dalla Rivelazione cristiana in conformit\u00e0 alla tradizione e al Magistero della Chiesa in opposizione ad ogni relativismo e totalitarismo\",\"publisher\":{\"@id\":\"https:\\\/\\\/www.rassegnastampa-totustuus.it\\\/cattolica\\\/#organization\"},\"alternateName\":\"Rass. Cattolica\",\"potentialAction\":[{\"@type\":\"SearchAction\",\"target\":{\"@type\":\"EntryPoint\",\"urlTemplate\":\"https:\\\/\\\/www.rassegnastampa-totustuus.it\\\/cattolica\\\/?s={search_term_string}\"},\"query-input\":{\"@type\":\"PropertyValueSpecification\",\"valueRequired\":true,\"valueName\":\"search_term_string\"}}],\"inLanguage\":\"it-IT\"},{\"@type\":\"Organization\",\"@id\":\"https:\\\/\\\/www.rassegnastampa-totustuus.it\\\/cattolica\\\/#organization\",\"name\":\"Rassegna Stampa Cattolica\",\"url\":\"https:\\\/\\\/www.rassegnastampa-totustuus.it\\\/cattolica\\\/\",\"logo\":{\"@type\":\"ImageObject\",\"inLanguage\":\"it-IT\",\"@id\":\"https:\\\/\\\/www.rassegnastampa-totustuus.it\\\/cattolica\\\/#\\\/schema\\\/logo\\\/image\\\/\",\"url\":\"https:\\\/\\\/www.rassegnastampa-totustuus.it\\\/cattolica\\\/wp-content\\\/uploads\\\/2014\\\/04\\\/logo-rassegna1.gif\",\"contentUrl\":\"https:\\\/\\\/www.rassegnastampa-totustuus.it\\\/cattolica\\\/wp-content\\\/uploads\\\/2014\\\/04\\\/logo-rassegna1.gif\",\"width\":600,\"height\":163,\"caption\":\"Rassegna Stampa Cattolica\"},\"image\":{\"@id\":\"https:\\\/\\\/www.rassegnastampa-totustuus.it\\\/cattolica\\\/#\\\/schema\\\/logo\\\/image\\\/\"},\"sameAs\":[\"https:\\\/\\\/www.facebook.com\\\/rassegnastampacattolica\",\"https:\\\/\\\/x.com\\\/rassegnastampa9\"]},{\"@type\":\"Person\",\"@id\":\"https:\\\/\\\/www.rassegnastampa-totustuus.it\\\/cattolica\\\/#\\\/schema\\\/person\\\/08f319d2bd1a0904ad9e2bfb7b15e5c3\",\"name\":\"Redazione\",\"image\":{\"@type\":\"ImageObject\",\"inLanguage\":\"it-IT\",\"@id\":\"https:\\\/\\\/secure.gravatar.com\\\/avatar\\\/2fcdf27c78ea025fbdb44e914cc63c72249ffec9dc8aafd5c82b26240ef3f346?s=96&d=mm&r=g\",\"url\":\"https:\\\/\\\/secure.gravatar.com\\\/avatar\\\/2fcdf27c78ea025fbdb44e914cc63c72249ffec9dc8aafd5c82b26240ef3f346?s=96&d=mm&r=g\",\"contentUrl\":\"https:\\\/\\\/secure.gravatar.com\\\/avatar\\\/2fcdf27c78ea025fbdb44e914cc63c72249ffec9dc8aafd5c82b26240ef3f346?s=96&d=mm&r=g\",\"caption\":\"Redazione\"},\"url\":\"https:\\\/\\\/www.rassegnastampa-totustuus.it\\\/cattolica\\\/author\\\/pietroelle\\\/\"}]}<\/script>\n<!-- \/ Yoast SEO plugin. -->","yoast_head_json":{"title":"Ci&ograve; che &egrave; stato nascosto - Rassegna Stampa Cattolica","description":"Rassegna Stampa Cattolica - Per una cultura che nasce dalla Rivelazione cristiana in conformit\u00e0 alla tradizione e al Magistero della Chiesa in opposizione ad ogni relativismo e totalitarismo","robots":{"index":"index","follow":"follow","max-snippet":"max-snippet:-1","max-image-preview":"max-image-preview:large","max-video-preview":"max-video-preview:-1"},"canonical":"https:\/\/www.rassegnastampa-totustuus.it\/cattolica\/ci-che-stato-nascosto\/","og_locale":"it_IT","og_type":"article","og_title":"Ci&ograve; che &egrave; stato nascosto - Rassegna Stampa Cattolica","og_description":"Rassegna Stampa Cattolica - Per una cultura che nasce dalla Rivelazione cristiana in conformit\u00e0 alla tradizione e al Magistero della Chiesa in opposizione ad ogni relativismo e totalitarismo","og_url":"https:\/\/www.rassegnastampa-totustuus.it\/cattolica\/ci-che-stato-nascosto\/","og_site_name":"Rassegna Stampa Cattolica","article_publisher":"https:\/\/www.facebook.com\/rassegnastampacattolica","article_published_time":"2005-07-21T22:00:00+00:00","article_modified_time":"2016-02-08T08:23:31+00:00","og_image":[{"width":240,"height":184,"url":"https:\/\/www.rassegnastampa-totustuus.it\/cattolica\/wp-content\/uploads\/2005\/07\/Khmer-rossi.jpg","type":"image\/jpeg"}],"author":"Redazione","twitter_card":"summary_large_image","twitter_creator":"@rassegnastampa9","twitter_site":"@rassegnastampa9","twitter_misc":{"Scritto da":"Redazione","Tempo di lettura stimato":"17 minuti"},"schema":{"@context":"https:\/\/schema.org","@graph":[{"@type":"Article","@id":"https:\/\/www.rassegnastampa-totustuus.it\/cattolica\/ci-che-stato-nascosto\/#article","isPartOf":{"@id":"https:\/\/www.rassegnastampa-totustuus.it\/cattolica\/ci-che-stato-nascosto\/"},"author":{"name":"Redazione","@id":"https:\/\/www.rassegnastampa-totustuus.it\/cattolica\/#\/schema\/person\/08f319d2bd1a0904ad9e2bfb7b15e5c3"},"headline":"Ci&ograve; che &egrave; stato nascosto","datePublished":"2005-07-21T22:00:00+00:00","dateModified":"2016-02-08T08:23:31+00:00","mainEntityOfPage":{"@id":"https:\/\/www.rassegnastampa-totustuus.it\/cattolica\/ci-che-stato-nascosto\/"},"wordCount":3462,"publisher":{"@id":"https:\/\/www.rassegnastampa-totustuus.it\/cattolica\/#organization"},"image":{"@id":"https:\/\/www.rassegnastampa-totustuus.it\/cattolica\/ci-che-stato-nascosto\/#primaryimage"},"thumbnailUrl":"https:\/\/www.rassegnastampa-totustuus.it\/cattolica\/wp-content\/uploads\/2005\/07\/Khmer-rossi.jpg","keywords":["Cambogia"],"articleSection":["Cambogia","Comunismo","Paesi e continenti"],"inLanguage":"it-IT"},{"@type":"WebPage","@id":"https:\/\/www.rassegnastampa-totustuus.it\/cattolica\/ci-che-stato-nascosto\/","url":"https:\/\/www.rassegnastampa-totustuus.it\/cattolica\/ci-che-stato-nascosto\/","name":"Ci&ograve; che &egrave; stato nascosto - Rassegna Stampa Cattolica","isPartOf":{"@id":"https:\/\/www.rassegnastampa-totustuus.it\/cattolica\/#website"},"primaryImageOfPage":{"@id":"https:\/\/www.rassegnastampa-totustuus.it\/cattolica\/ci-che-stato-nascosto\/#primaryimage"},"image":{"@id":"https:\/\/www.rassegnastampa-totustuus.it\/cattolica\/ci-che-stato-nascosto\/#primaryimage"},"thumbnailUrl":"https:\/\/www.rassegnastampa-totustuus.it\/cattolica\/wp-content\/uploads\/2005\/07\/Khmer-rossi.jpg","datePublished":"2005-07-21T22:00:00+00:00","dateModified":"2016-02-08T08:23:31+00:00","description":"Rassegna Stampa Cattolica - Per una cultura che nasce dalla Rivelazione cristiana in conformit\u00e0 alla tradizione e al Magistero della Chiesa in opposizione ad ogni relativismo e totalitarismo","breadcrumb":{"@id":"https:\/\/www.rassegnastampa-totustuus.it\/cattolica\/ci-che-stato-nascosto\/#breadcrumb"},"inLanguage":"it-IT","potentialAction":[{"@type":"ReadAction","target":["https:\/\/www.rassegnastampa-totustuus.it\/cattolica\/ci-che-stato-nascosto\/"]}]},{"@type":"ImageObject","inLanguage":"it-IT","@id":"https:\/\/www.rassegnastampa-totustuus.it\/cattolica\/ci-che-stato-nascosto\/#primaryimage","url":"https:\/\/www.rassegnastampa-totustuus.it\/cattolica\/wp-content\/uploads\/2005\/07\/Khmer-rossi.jpg","contentUrl":"https:\/\/www.rassegnastampa-totustuus.it\/cattolica\/wp-content\/uploads\/2005\/07\/Khmer-rossi.jpg","width":240,"height":184},{"@type":"BreadcrumbList","@id":"https:\/\/www.rassegnastampa-totustuus.it\/cattolica\/ci-che-stato-nascosto\/#breadcrumb","itemListElement":[{"@type":"ListItem","position":1,"name":"Home","item":"https:\/\/www.rassegnastampa-totustuus.it\/cattolica\/"},{"@type":"ListItem","position":2,"name":"Ci&ograve; che &egrave; stato nascosto"}]},{"@type":"WebSite","@id":"https:\/\/www.rassegnastampa-totustuus.it\/cattolica\/#website","url":"https:\/\/www.rassegnastampa-totustuus.it\/cattolica\/","name":"Rassegna Stampa Cattolica","description":"Per una cultura che nasce dalla Rivelazione cristiana in conformit\u00e0 alla tradizione e al Magistero della Chiesa in opposizione ad ogni relativismo e totalitarismo","publisher":{"@id":"https:\/\/www.rassegnastampa-totustuus.it\/cattolica\/#organization"},"alternateName":"Rass. Cattolica","potentialAction":[{"@type":"SearchAction","target":{"@type":"EntryPoint","urlTemplate":"https:\/\/www.rassegnastampa-totustuus.it\/cattolica\/?s={search_term_string}"},"query-input":{"@type":"PropertyValueSpecification","valueRequired":true,"valueName":"search_term_string"}}],"inLanguage":"it-IT"},{"@type":"Organization","@id":"https:\/\/www.rassegnastampa-totustuus.it\/cattolica\/#organization","name":"Rassegna Stampa Cattolica","url":"https:\/\/www.rassegnastampa-totustuus.it\/cattolica\/","logo":{"@type":"ImageObject","inLanguage":"it-IT","@id":"https:\/\/www.rassegnastampa-totustuus.it\/cattolica\/#\/schema\/logo\/image\/","url":"https:\/\/www.rassegnastampa-totustuus.it\/cattolica\/wp-content\/uploads\/2014\/04\/logo-rassegna1.gif","contentUrl":"https:\/\/www.rassegnastampa-totustuus.it\/cattolica\/wp-content\/uploads\/2014\/04\/logo-rassegna1.gif","width":600,"height":163,"caption":"Rassegna Stampa Cattolica"},"image":{"@id":"https:\/\/www.rassegnastampa-totustuus.it\/cattolica\/#\/schema\/logo\/image\/"},"sameAs":["https:\/\/www.facebook.com\/rassegnastampacattolica","https:\/\/x.com\/rassegnastampa9"]},{"@type":"Person","@id":"https:\/\/www.rassegnastampa-totustuus.it\/cattolica\/#\/schema\/person\/08f319d2bd1a0904ad9e2bfb7b15e5c3","name":"Redazione","image":{"@type":"ImageObject","inLanguage":"it-IT","@id":"https:\/\/secure.gravatar.com\/avatar\/2fcdf27c78ea025fbdb44e914cc63c72249ffec9dc8aafd5c82b26240ef3f346?s=96&d=mm&r=g","url":"https:\/\/secure.gravatar.com\/avatar\/2fcdf27c78ea025fbdb44e914cc63c72249ffec9dc8aafd5c82b26240ef3f346?s=96&d=mm&r=g","contentUrl":"https:\/\/secure.gravatar.com\/avatar\/2fcdf27c78ea025fbdb44e914cc63c72249ffec9dc8aafd5c82b26240ef3f346?s=96&d=mm&r=g","caption":"Redazione"},"url":"https:\/\/www.rassegnastampa-totustuus.it\/cattolica\/author\/pietroelle\/"}]}},"_links":{"self":[{"href":"https:\/\/www.rassegnastampa-totustuus.it\/cattolica\/wp-json\/wp\/v2\/posts\/1088","targetHints":{"allow":["GET"]}}],"collection":[{"href":"https:\/\/www.rassegnastampa-totustuus.it\/cattolica\/wp-json\/wp\/v2\/posts"}],"about":[{"href":"https:\/\/www.rassegnastampa-totustuus.it\/cattolica\/wp-json\/wp\/v2\/types\/post"}],"author":[{"embeddable":true,"href":"https:\/\/www.rassegnastampa-totustuus.it\/cattolica\/wp-json\/wp\/v2\/users\/6"}],"replies":[{"embeddable":true,"href":"https:\/\/www.rassegnastampa-totustuus.it\/cattolica\/wp-json\/wp\/v2\/comments?post=1088"}],"version-history":[{"count":4,"href":"https:\/\/www.rassegnastampa-totustuus.it\/cattolica\/wp-json\/wp\/v2\/posts\/1088\/revisions"}],"predecessor-version":[{"id":30560,"href":"https:\/\/www.rassegnastampa-totustuus.it\/cattolica\/wp-json\/wp\/v2\/posts\/1088\/revisions\/30560"}],"wp:featuredmedia":[{"embeddable":true,"href":"https:\/\/www.rassegnastampa-totustuus.it\/cattolica\/wp-json\/wp\/v2\/media\/30559"}],"wp:attachment":[{"href":"https:\/\/www.rassegnastampa-totustuus.it\/cattolica\/wp-json\/wp\/v2\/media?parent=1088"}],"wp:term":[{"taxonomy":"category","embeddable":true,"href":"https:\/\/www.rassegnastampa-totustuus.it\/cattolica\/wp-json\/wp\/v2\/categories?post=1088"},{"taxonomy":"post_tag","embeddable":true,"href":"https:\/\/www.rassegnastampa-totustuus.it\/cattolica\/wp-json\/wp\/v2\/tags?post=1088"}],"curies":[{"name":"wp","href":"https:\/\/api.w.org\/{rel}","templated":true}]}}