{"id":1083,"date":"2005-07-21T16:20:30","date_gmt":"2005-07-21T14:20:30","guid":{"rendered":""},"modified":"2016-07-13T11:41:44","modified_gmt":"2016-07-13T09:41:44","slug":"quando-vendola-parlava-del-sesso-con-i-bambini","status":"publish","type":"post","link":"https:\/\/www.rassegnastampa-totustuus.it\/cattolica\/quando-vendola-parlava-del-sesso-con-i-bambini\/","title":{"rendered":"Quando Vendola parlava del sesso con i bambini"},"content":{"rendered":"<div style=\"text-align: center;\">\n<div id=\"attachment_35959\" style=\"width: 187px\" class=\"wp-caption alignleft\"><img loading=\"lazy\" decoding=\"async\" aria-describedby=\"caption-attachment-35959\" class=\"wp-image-35959\" src=\"https:\/\/www.rassegnastampa-totustuus.it\/cattolica\/wp-content\/uploads\/2005\/07\/Vendola.jpg\" alt=\"Vendola\" width=\"187\" height=\"200\" \/><p id=\"caption-attachment-35959\" class=\"wp-caption-text\">Nichi Vendola<\/p><\/div>\n<p>Pubblicato su <strong>Libero del <\/strong>28 Gennaio 2005<\/div>\n<p style=\"text-align: justify;\"><strong>L&#8217;armata Rossogay sbarca sulla COSTA della Puglia, ma la sua bandiera SVENDOLA gi\u00e0 nel Lazio&#8230; <\/strong><\/p>\n<p style=\"text-align: justify;\"><em>Ecco la famosa intervista in cui Nichi Vendola, nell&#8217;85, parlava di sesso tra adulti e bambini. Due anni dopo &#8220;Epoca&#8221; pubblica un articolo in cui l&#8217;allora dc, Silvia Costa, oggi esponente della Margherita, lo accusava.<\/em>Le nostre terre ricche di storia gloriosa troveranno ancora la forza civica e morale per resistere a questa nuova orda barbarica? Nei prossimi mesi lo sapremo&#8230;<\/p>\n<p><!--more--><\/p>\n<div style=\"text-align: justify;\">Sono entrambi candidati alle Regionali per la Gad. Uno ha gi\u00e0 vinto le primarie e corre con Rifondazione comunista per diventare il presidente della Puglia, dove rischia di battere Raffaele Fitto. L&#8217;altra, che fa parte dell&#8217; Assembla federale della Margherita, \u00e8 la pi\u00f9 papabile capolista dell&#8217;Ulivo per il Lazio. Nichi Vendola e Silvia Costa. Sono questi i &#8220;cavalli rampanti&#8221; che Romano Prodi ha schierato per l&#8217;imminente sfida elettorale. Proprio loro che diciotto anni fa, se ne dicevano di tutti i colori dalle sponde opposte dell&#8217;arringa politica.<\/div>\n<p style=\"text-align: justify;\">Prima Repubblica: Politiche del 1987. Lei era l&#8217;astro nascente della Dc, candidata dallo Scudocrociato nel Lazio. Lui, il &#8220;nemico&#8221; comunista, l&#8217;enfant terribile assurto a paladino della causa omosessuale cui il Pci aveva affidato il difficile compito di contendere l&#8217;appeal elettorale del leader radicale Marco Pannella nella lista di Roma.<\/p>\n<p style=\"text-align: justify;\">Pomo della discordia, la tanto discussa intervista rilasciata da Vendola due anni prima a Repubblica in cui l&#8217;allora 26enne neoeletto membro della Federazione giovanile comunista (Fgci) propugnava &#8220;il diritto dei bambini ad avere una loro sessualit\u00e0, ad avere rapporti tra loro e con gli adulti&#8221;. Frase che aveva fatto inorridire la Costa, al punto di accusarlo apertamente di essere &#8220;noto e dichiarato p\u00e8dofilo&#8221;.<\/p>\n<p style=\"text-align: justify;\">Cos\u00ec riferisce un articolo dal titolo &#8220;Litigio sul sesso degli angeli&#8221;, pubblicato dal settimanale Epoca il 18 giugn\u00f2 del 1987, a firma di Marina Gorrieri che riporta anche l&#8217;epiteto con cui Vendola apostrof\u00f2 a sua volta la rivale democristiana: &#8220;Cicciolina Silvia Costa cerca pubblicit\u00e0 a basso prezzo, ma casca male. Anche se&#8221;, precisava, &#8220;un conto \u00e8 la violenza, altro un gesto affettuoso&#8221;.<\/p>\n<p style=\"text-align: justify;\">In quell&#8217;intervista a Repubblica lui invitava solo &#8220;a non tranciar giudizi troppo netti su una questione delicata&#8221;, precisava il candidato del Pci, &#8220;dicevo che tra esperti se ne discute molto&#8221;. &#8220;C&#8217;\u00e8 poco da discutere&#8221;, protestava la Costa, &#8220;se c&#8217;\u00e8 un rapporto fisico tra un bambino e un adulto, la norma presume sempre plagio e violenza&#8221;. E gi\u00f9 con gli insulti reciproci dalle colonne di Epoca.<\/p>\n<p style=\"text-align: justify;\">&#8220;Giornali patologici&#8221;. La Costa liquida cos\u00ec tutta la questione.<\/p>\n<p style=\"text-align: justify;\">Oggi che i due &#8220;cavalli&#8221; gareggiano nella tessa squadra, lei dice &#8220;di aver cambiato completamente idea&#8221; sul &#8220;pedofilo&#8221;. di ieri. &#8220;Innanzitutto&#8221;, tiene a precisare la possibile candidata a guidare la lista di Pietro Marazzo, &#8220;mai e poi mai ho dato del pedof\u00eclo a Vendola, non mi sarei mai permessa&#8221;. E tutti quei virgolettati? &#8220;Vi dico io com&#8217;\u00e8 andata&#8221;. La Costa \u00e8 cofondatrice del Telefono azzurro, nato quasi in concomitanza con l&#8217;articolo di Epoca (8 giugno 1987).<\/p>\n<p style=\"text-align: justify;\">&#8220;Ero particolarmente attenta all&#8217;allarme pedofilia&#8221;, racconta l&#8217;esponente della Margherita. &#8220;Mi limitai a esprimere una critica verso alcuni partiti della sinistra che ospitavano nelle proprie liste chi teorizzava letteralmente \u00abil diritto dei bambini ad avere una loro sessualit\u00e0 e ad avere rapporti con gli adulti\u00bb, che peraltro non ha mai smentito&#8221;. Cio\u00e8 Vendola. &#8220;Non ho mai fatto esplicitamente il suo nome&#8221;, si difende la Costa, &#8220;ho solo sollevato un problema di cultura, sono stati i giornali a montare la storia&#8221;. Finita con una querela della Fgci, cui la candidata Dc rispose con una contro querela, poi entrambe ritirate.<\/p>\n<p style=\"text-align: justify;\">&#8220;Successivamente io ho avuto modo di conoscerlo Vendola. All&#8217;inizio ero un po&#8217; imbarazzata &#8211; confessa &#8211; ma ho scoperto che \u00e8 una persona veramente carina, non ha mai mostrato nessun risentimento nei miei confronti. Anzi, \u00e8 venuto lui a salutarmi dicendosi molto dispiaciuto per quello che era stato evidentemente un equivoco tra noi e che sarebbe stato contento di intraprendere insieme una battaglia per la tutela dei minori&#8221;.<\/p>\n<p style=\"text-align: justify;\">Ma non la chiamava Cicciolina? &#8220;Era una tormentone di quell&#8217;anno&#8221;, minimizza, &#8220;i Radicali avevano appena presentato quella goliardica candidatura e io dissi pi\u00f9 volte apertamente che ero un po&#8217; stufa che tutte le volte capitava la domanda su Cicciolina&#8221;, sbuffa la Costa. Che liquida cos\u00ec la questione della sua candidatura a capolista di Marrazzo: &#8220;L&#8217;ho letto oggi su Repubblica&#8221;<\/p>\n","protected":false},"excerpt":{"rendered":"<p>Pubblicato su Libero del 28 Gennaio 2005 L&#8217;armata Rossogay sbarca sulla COSTA della Puglia, ma la sua bandiera SVENDOLA gi\u00e0 nel Lazio&#8230; Ecco la famosa intervista in cui Nichi Vendola, nell&#8217;85, parlava di sesso tra adulti e bambini. Due anni dopo &#8220;Epoca&#8221; pubblica un articolo in cui l&#8217;allora dc, Silvia Costa, oggi esponente della Margherita, &hellip; <\/p>\n<p><a class=\"more-link btn\" href=\"https:\/\/www.rassegnastampa-totustuus.it\/cattolica\/quando-vendola-parlava-del-sesso-con-i-bambini\/\">Continua a leggere<\/a><\/p>\n","protected":false},"author":6,"featured_media":35959,"comment_status":"closed","ping_status":"open","sticky":false,"template":"","format":"standard","meta":{"footnotes":""},"categories":[48,20],"tags":[189,863,454],"class_list":["post-1083","post","type-post","status-publish","format-standard","has-post-thumbnail","hentry","category-omosessualit","category-politica-nazionale","tag-gay","tag-niki-vendola","tag-pedofilia","item-wrap"],"yoast_head":"<!-- This site is optimized with the Yoast SEO plugin v27.5 - https:\/\/yoast.com\/product\/yoast-seo-wordpress\/ -->\n<title>Quando Vendola parlava del sesso con i bambini - Rassegna Stampa Cattolica<\/title>\n<meta name=\"description\" content=\"Rassegna Stampa Cattolica - Per una cultura che nasce dalla Rivelazione cristiana in conformit\u00e0 alla tradizione e al Magistero della Chiesa in opposizione ad ogni relativismo e totalitarismo\" \/>\n<meta name=\"robots\" content=\"index, follow, max-snippet:-1, max-image-preview:large, max-video-preview:-1\" \/>\n<link rel=\"canonical\" href=\"https:\/\/www.rassegnastampa-totustuus.it\/cattolica\/quando-vendola-parlava-del-sesso-con-i-bambini\/\" \/>\n<meta property=\"og:locale\" content=\"it_IT\" \/>\n<meta property=\"og:type\" content=\"article\" \/>\n<meta property=\"og:title\" content=\"Quando Vendola parlava del sesso con i bambini - Rassegna Stampa Cattolica\" \/>\n<meta property=\"og:description\" content=\"Rassegna Stampa Cattolica - Per una cultura che nasce dalla Rivelazione cristiana in conformit\u00e0 alla tradizione e al Magistero della Chiesa in opposizione ad ogni relativismo e totalitarismo\" \/>\n<meta property=\"og:url\" content=\"https:\/\/www.rassegnastampa-totustuus.it\/cattolica\/quando-vendola-parlava-del-sesso-con-i-bambini\/\" \/>\n<meta property=\"og:site_name\" content=\"Rassegna Stampa Cattolica\" \/>\n<meta property=\"article:publisher\" content=\"https:\/\/www.facebook.com\/rassegnastampacattolica\" \/>\n<meta property=\"article:published_time\" content=\"2005-07-21T14:20:30+00:00\" \/>\n<meta property=\"article:modified_time\" content=\"2016-07-13T09:41:44+00:00\" \/>\n<meta property=\"og:image\" content=\"https:\/\/www.rassegnastampa-totustuus.it\/cattolica\/wp-content\/uploads\/2005\/07\/Vendola.jpg\" \/>\n\t<meta property=\"og:image:width\" content=\"217\" \/>\n\t<meta property=\"og:image:height\" content=\"232\" \/>\n\t<meta property=\"og:image:type\" content=\"image\/jpeg\" \/>\n<meta name=\"author\" content=\"Redazione\" \/>\n<meta name=\"twitter:card\" content=\"summary_large_image\" \/>\n<meta name=\"twitter:creator\" content=\"@rassegnastampa9\" \/>\n<meta name=\"twitter:site\" content=\"@rassegnastampa9\" \/>\n<meta name=\"twitter:label1\" content=\"Scritto da\" \/>\n\t<meta name=\"twitter:data1\" content=\"Redazione\" \/>\n\t<meta name=\"twitter:label2\" content=\"Tempo di lettura stimato\" \/>\n\t<meta name=\"twitter:data2\" content=\"4 minuti\" \/>\n<script type=\"application\/ld+json\" class=\"yoast-schema-graph\">{\"@context\":\"https:\\\/\\\/schema.org\",\"@graph\":[{\"@type\":\"Article\",\"@id\":\"https:\\\/\\\/www.rassegnastampa-totustuus.it\\\/cattolica\\\/quando-vendola-parlava-del-sesso-con-i-bambini\\\/#article\",\"isPartOf\":{\"@id\":\"https:\\\/\\\/www.rassegnastampa-totustuus.it\\\/cattolica\\\/quando-vendola-parlava-del-sesso-con-i-bambini\\\/\"},\"author\":{\"name\":\"Redazione\",\"@id\":\"https:\\\/\\\/www.rassegnastampa-totustuus.it\\\/cattolica\\\/#\\\/schema\\\/person\\\/08f319d2bd1a0904ad9e2bfb7b15e5c3\"},\"headline\":\"Quando Vendola parlava del sesso con i bambini\",\"datePublished\":\"2005-07-21T14:20:30+00:00\",\"dateModified\":\"2016-07-13T09:41:44+00:00\",\"mainEntityOfPage\":{\"@id\":\"https:\\\/\\\/www.rassegnastampa-totustuus.it\\\/cattolica\\\/quando-vendola-parlava-del-sesso-con-i-bambini\\\/\"},\"wordCount\":742,\"publisher\":{\"@id\":\"https:\\\/\\\/www.rassegnastampa-totustuus.it\\\/cattolica\\\/#organization\"},\"image\":{\"@id\":\"https:\\\/\\\/www.rassegnastampa-totustuus.it\\\/cattolica\\\/quando-vendola-parlava-del-sesso-con-i-bambini\\\/#primaryimage\"},\"thumbnailUrl\":\"https:\\\/\\\/www.rassegnastampa-totustuus.it\\\/cattolica\\\/wp-content\\\/uploads\\\/2005\\\/07\\\/Vendola.jpg\",\"keywords\":[\"gay\",\"Niki Vendola\",\"pedofilia\"],\"articleSection\":[\"Omosessualit&agrave;\",\"Politica nazionale\"],\"inLanguage\":\"it-IT\"},{\"@type\":\"WebPage\",\"@id\":\"https:\\\/\\\/www.rassegnastampa-totustuus.it\\\/cattolica\\\/quando-vendola-parlava-del-sesso-con-i-bambini\\\/\",\"url\":\"https:\\\/\\\/www.rassegnastampa-totustuus.it\\\/cattolica\\\/quando-vendola-parlava-del-sesso-con-i-bambini\\\/\",\"name\":\"Quando Vendola parlava del sesso con i bambini - Rassegna Stampa Cattolica\",\"isPartOf\":{\"@id\":\"https:\\\/\\\/www.rassegnastampa-totustuus.it\\\/cattolica\\\/#website\"},\"primaryImageOfPage\":{\"@id\":\"https:\\\/\\\/www.rassegnastampa-totustuus.it\\\/cattolica\\\/quando-vendola-parlava-del-sesso-con-i-bambini\\\/#primaryimage\"},\"image\":{\"@id\":\"https:\\\/\\\/www.rassegnastampa-totustuus.it\\\/cattolica\\\/quando-vendola-parlava-del-sesso-con-i-bambini\\\/#primaryimage\"},\"thumbnailUrl\":\"https:\\\/\\\/www.rassegnastampa-totustuus.it\\\/cattolica\\\/wp-content\\\/uploads\\\/2005\\\/07\\\/Vendola.jpg\",\"datePublished\":\"2005-07-21T14:20:30+00:00\",\"dateModified\":\"2016-07-13T09:41:44+00:00\",\"description\":\"Rassegna Stampa Cattolica - Per una cultura che nasce dalla Rivelazione cristiana in conformit\u00e0 alla tradizione e al Magistero della Chiesa in opposizione ad ogni relativismo e totalitarismo\",\"breadcrumb\":{\"@id\":\"https:\\\/\\\/www.rassegnastampa-totustuus.it\\\/cattolica\\\/quando-vendola-parlava-del-sesso-con-i-bambini\\\/#breadcrumb\"},\"inLanguage\":\"it-IT\",\"potentialAction\":[{\"@type\":\"ReadAction\",\"target\":[\"https:\\\/\\\/www.rassegnastampa-totustuus.it\\\/cattolica\\\/quando-vendola-parlava-del-sesso-con-i-bambini\\\/\"]}]},{\"@type\":\"ImageObject\",\"inLanguage\":\"it-IT\",\"@id\":\"https:\\\/\\\/www.rassegnastampa-totustuus.it\\\/cattolica\\\/quando-vendola-parlava-del-sesso-con-i-bambini\\\/#primaryimage\",\"url\":\"https:\\\/\\\/www.rassegnastampa-totustuus.it\\\/cattolica\\\/wp-content\\\/uploads\\\/2005\\\/07\\\/Vendola.jpg\",\"contentUrl\":\"https:\\\/\\\/www.rassegnastampa-totustuus.it\\\/cattolica\\\/wp-content\\\/uploads\\\/2005\\\/07\\\/Vendola.jpg\",\"width\":217,\"height\":232},{\"@type\":\"BreadcrumbList\",\"@id\":\"https:\\\/\\\/www.rassegnastampa-totustuus.it\\\/cattolica\\\/quando-vendola-parlava-del-sesso-con-i-bambini\\\/#breadcrumb\",\"itemListElement\":[{\"@type\":\"ListItem\",\"position\":1,\"name\":\"Home\",\"item\":\"https:\\\/\\\/www.rassegnastampa-totustuus.it\\\/cattolica\\\/\"},{\"@type\":\"ListItem\",\"position\":2,\"name\":\"Quando Vendola parlava del sesso con i bambini\"}]},{\"@type\":\"WebSite\",\"@id\":\"https:\\\/\\\/www.rassegnastampa-totustuus.it\\\/cattolica\\\/#website\",\"url\":\"https:\\\/\\\/www.rassegnastampa-totustuus.it\\\/cattolica\\\/\",\"name\":\"Rassegna Stampa Cattolica\",\"description\":\"Per una cultura che nasce dalla Rivelazione cristiana in conformit\u00e0 alla tradizione e al Magistero della Chiesa in opposizione ad ogni relativismo e totalitarismo\",\"publisher\":{\"@id\":\"https:\\\/\\\/www.rassegnastampa-totustuus.it\\\/cattolica\\\/#organization\"},\"alternateName\":\"Rass. Cattolica\",\"potentialAction\":[{\"@type\":\"SearchAction\",\"target\":{\"@type\":\"EntryPoint\",\"urlTemplate\":\"https:\\\/\\\/www.rassegnastampa-totustuus.it\\\/cattolica\\\/?s={search_term_string}\"},\"query-input\":{\"@type\":\"PropertyValueSpecification\",\"valueRequired\":true,\"valueName\":\"search_term_string\"}}],\"inLanguage\":\"it-IT\"},{\"@type\":\"Organization\",\"@id\":\"https:\\\/\\\/www.rassegnastampa-totustuus.it\\\/cattolica\\\/#organization\",\"name\":\"Rassegna Stampa Cattolica\",\"url\":\"https:\\\/\\\/www.rassegnastampa-totustuus.it\\\/cattolica\\\/\",\"logo\":{\"@type\":\"ImageObject\",\"inLanguage\":\"it-IT\",\"@id\":\"https:\\\/\\\/www.rassegnastampa-totustuus.it\\\/cattolica\\\/#\\\/schema\\\/logo\\\/image\\\/\",\"url\":\"https:\\\/\\\/www.rassegnastampa-totustuus.it\\\/cattolica\\\/wp-content\\\/uploads\\\/2014\\\/04\\\/logo-rassegna1.gif\",\"contentUrl\":\"https:\\\/\\\/www.rassegnastampa-totustuus.it\\\/cattolica\\\/wp-content\\\/uploads\\\/2014\\\/04\\\/logo-rassegna1.gif\",\"width\":600,\"height\":163,\"caption\":\"Rassegna Stampa Cattolica\"},\"image\":{\"@id\":\"https:\\\/\\\/www.rassegnastampa-totustuus.it\\\/cattolica\\\/#\\\/schema\\\/logo\\\/image\\\/\"},\"sameAs\":[\"https:\\\/\\\/www.facebook.com\\\/rassegnastampacattolica\",\"https:\\\/\\\/x.com\\\/rassegnastampa9\"]},{\"@type\":\"Person\",\"@id\":\"https:\\\/\\\/www.rassegnastampa-totustuus.it\\\/cattolica\\\/#\\\/schema\\\/person\\\/08f319d2bd1a0904ad9e2bfb7b15e5c3\",\"name\":\"Redazione\",\"image\":{\"@type\":\"ImageObject\",\"inLanguage\":\"it-IT\",\"@id\":\"https:\\\/\\\/secure.gravatar.com\\\/avatar\\\/2fcdf27c78ea025fbdb44e914cc63c72249ffec9dc8aafd5c82b26240ef3f346?s=96&d=mm&r=g\",\"url\":\"https:\\\/\\\/secure.gravatar.com\\\/avatar\\\/2fcdf27c78ea025fbdb44e914cc63c72249ffec9dc8aafd5c82b26240ef3f346?s=96&d=mm&r=g\",\"contentUrl\":\"https:\\\/\\\/secure.gravatar.com\\\/avatar\\\/2fcdf27c78ea025fbdb44e914cc63c72249ffec9dc8aafd5c82b26240ef3f346?s=96&d=mm&r=g\",\"caption\":\"Redazione\"},\"url\":\"https:\\\/\\\/www.rassegnastampa-totustuus.it\\\/cattolica\\\/author\\\/pietroelle\\\/\"}]}<\/script>\n<!-- \/ Yoast SEO plugin. -->","yoast_head_json":{"title":"Quando Vendola parlava del sesso con i bambini - Rassegna Stampa Cattolica","description":"Rassegna Stampa Cattolica - Per una cultura che nasce dalla Rivelazione cristiana in conformit\u00e0 alla tradizione e al Magistero della Chiesa in opposizione ad ogni relativismo e totalitarismo","robots":{"index":"index","follow":"follow","max-snippet":"max-snippet:-1","max-image-preview":"max-image-preview:large","max-video-preview":"max-video-preview:-1"},"canonical":"https:\/\/www.rassegnastampa-totustuus.it\/cattolica\/quando-vendola-parlava-del-sesso-con-i-bambini\/","og_locale":"it_IT","og_type":"article","og_title":"Quando Vendola parlava del sesso con i bambini - Rassegna Stampa Cattolica","og_description":"Rassegna Stampa Cattolica - Per una cultura che nasce dalla Rivelazione cristiana in conformit\u00e0 alla tradizione e al Magistero della Chiesa in opposizione ad ogni relativismo e totalitarismo","og_url":"https:\/\/www.rassegnastampa-totustuus.it\/cattolica\/quando-vendola-parlava-del-sesso-con-i-bambini\/","og_site_name":"Rassegna Stampa Cattolica","article_publisher":"https:\/\/www.facebook.com\/rassegnastampacattolica","article_published_time":"2005-07-21T14:20:30+00:00","article_modified_time":"2016-07-13T09:41:44+00:00","og_image":[{"width":217,"height":232,"url":"https:\/\/www.rassegnastampa-totustuus.it\/cattolica\/wp-content\/uploads\/2005\/07\/Vendola.jpg","type":"image\/jpeg"}],"author":"Redazione","twitter_card":"summary_large_image","twitter_creator":"@rassegnastampa9","twitter_site":"@rassegnastampa9","twitter_misc":{"Scritto da":"Redazione","Tempo di lettura stimato":"4 minuti"},"schema":{"@context":"https:\/\/schema.org","@graph":[{"@type":"Article","@id":"https:\/\/www.rassegnastampa-totustuus.it\/cattolica\/quando-vendola-parlava-del-sesso-con-i-bambini\/#article","isPartOf":{"@id":"https:\/\/www.rassegnastampa-totustuus.it\/cattolica\/quando-vendola-parlava-del-sesso-con-i-bambini\/"},"author":{"name":"Redazione","@id":"https:\/\/www.rassegnastampa-totustuus.it\/cattolica\/#\/schema\/person\/08f319d2bd1a0904ad9e2bfb7b15e5c3"},"headline":"Quando Vendola parlava del sesso con i bambini","datePublished":"2005-07-21T14:20:30+00:00","dateModified":"2016-07-13T09:41:44+00:00","mainEntityOfPage":{"@id":"https:\/\/www.rassegnastampa-totustuus.it\/cattolica\/quando-vendola-parlava-del-sesso-con-i-bambini\/"},"wordCount":742,"publisher":{"@id":"https:\/\/www.rassegnastampa-totustuus.it\/cattolica\/#organization"},"image":{"@id":"https:\/\/www.rassegnastampa-totustuus.it\/cattolica\/quando-vendola-parlava-del-sesso-con-i-bambini\/#primaryimage"},"thumbnailUrl":"https:\/\/www.rassegnastampa-totustuus.it\/cattolica\/wp-content\/uploads\/2005\/07\/Vendola.jpg","keywords":["gay","Niki Vendola","pedofilia"],"articleSection":["Omosessualit&agrave;","Politica nazionale"],"inLanguage":"it-IT"},{"@type":"WebPage","@id":"https:\/\/www.rassegnastampa-totustuus.it\/cattolica\/quando-vendola-parlava-del-sesso-con-i-bambini\/","url":"https:\/\/www.rassegnastampa-totustuus.it\/cattolica\/quando-vendola-parlava-del-sesso-con-i-bambini\/","name":"Quando Vendola parlava del sesso con i bambini - Rassegna Stampa Cattolica","isPartOf":{"@id":"https:\/\/www.rassegnastampa-totustuus.it\/cattolica\/#website"},"primaryImageOfPage":{"@id":"https:\/\/www.rassegnastampa-totustuus.it\/cattolica\/quando-vendola-parlava-del-sesso-con-i-bambini\/#primaryimage"},"image":{"@id":"https:\/\/www.rassegnastampa-totustuus.it\/cattolica\/quando-vendola-parlava-del-sesso-con-i-bambini\/#primaryimage"},"thumbnailUrl":"https:\/\/www.rassegnastampa-totustuus.it\/cattolica\/wp-content\/uploads\/2005\/07\/Vendola.jpg","datePublished":"2005-07-21T14:20:30+00:00","dateModified":"2016-07-13T09:41:44+00:00","description":"Rassegna Stampa Cattolica - Per una cultura che nasce dalla Rivelazione cristiana in conformit\u00e0 alla tradizione e al Magistero della Chiesa in opposizione ad ogni relativismo e totalitarismo","breadcrumb":{"@id":"https:\/\/www.rassegnastampa-totustuus.it\/cattolica\/quando-vendola-parlava-del-sesso-con-i-bambini\/#breadcrumb"},"inLanguage":"it-IT","potentialAction":[{"@type":"ReadAction","target":["https:\/\/www.rassegnastampa-totustuus.it\/cattolica\/quando-vendola-parlava-del-sesso-con-i-bambini\/"]}]},{"@type":"ImageObject","inLanguage":"it-IT","@id":"https:\/\/www.rassegnastampa-totustuus.it\/cattolica\/quando-vendola-parlava-del-sesso-con-i-bambini\/#primaryimage","url":"https:\/\/www.rassegnastampa-totustuus.it\/cattolica\/wp-content\/uploads\/2005\/07\/Vendola.jpg","contentUrl":"https:\/\/www.rassegnastampa-totustuus.it\/cattolica\/wp-content\/uploads\/2005\/07\/Vendola.jpg","width":217,"height":232},{"@type":"BreadcrumbList","@id":"https:\/\/www.rassegnastampa-totustuus.it\/cattolica\/quando-vendola-parlava-del-sesso-con-i-bambini\/#breadcrumb","itemListElement":[{"@type":"ListItem","position":1,"name":"Home","item":"https:\/\/www.rassegnastampa-totustuus.it\/cattolica\/"},{"@type":"ListItem","position":2,"name":"Quando Vendola parlava del sesso con i bambini"}]},{"@type":"WebSite","@id":"https:\/\/www.rassegnastampa-totustuus.it\/cattolica\/#website","url":"https:\/\/www.rassegnastampa-totustuus.it\/cattolica\/","name":"Rassegna Stampa Cattolica","description":"Per una cultura che nasce dalla Rivelazione cristiana in conformit\u00e0 alla tradizione e al Magistero della Chiesa in opposizione ad ogni relativismo e totalitarismo","publisher":{"@id":"https:\/\/www.rassegnastampa-totustuus.it\/cattolica\/#organization"},"alternateName":"Rass. Cattolica","potentialAction":[{"@type":"SearchAction","target":{"@type":"EntryPoint","urlTemplate":"https:\/\/www.rassegnastampa-totustuus.it\/cattolica\/?s={search_term_string}"},"query-input":{"@type":"PropertyValueSpecification","valueRequired":true,"valueName":"search_term_string"}}],"inLanguage":"it-IT"},{"@type":"Organization","@id":"https:\/\/www.rassegnastampa-totustuus.it\/cattolica\/#organization","name":"Rassegna Stampa Cattolica","url":"https:\/\/www.rassegnastampa-totustuus.it\/cattolica\/","logo":{"@type":"ImageObject","inLanguage":"it-IT","@id":"https:\/\/www.rassegnastampa-totustuus.it\/cattolica\/#\/schema\/logo\/image\/","url":"https:\/\/www.rassegnastampa-totustuus.it\/cattolica\/wp-content\/uploads\/2014\/04\/logo-rassegna1.gif","contentUrl":"https:\/\/www.rassegnastampa-totustuus.it\/cattolica\/wp-content\/uploads\/2014\/04\/logo-rassegna1.gif","width":600,"height":163,"caption":"Rassegna Stampa Cattolica"},"image":{"@id":"https:\/\/www.rassegnastampa-totustuus.it\/cattolica\/#\/schema\/logo\/image\/"},"sameAs":["https:\/\/www.facebook.com\/rassegnastampacattolica","https:\/\/x.com\/rassegnastampa9"]},{"@type":"Person","@id":"https:\/\/www.rassegnastampa-totustuus.it\/cattolica\/#\/schema\/person\/08f319d2bd1a0904ad9e2bfb7b15e5c3","name":"Redazione","image":{"@type":"ImageObject","inLanguage":"it-IT","@id":"https:\/\/secure.gravatar.com\/avatar\/2fcdf27c78ea025fbdb44e914cc63c72249ffec9dc8aafd5c82b26240ef3f346?s=96&d=mm&r=g","url":"https:\/\/secure.gravatar.com\/avatar\/2fcdf27c78ea025fbdb44e914cc63c72249ffec9dc8aafd5c82b26240ef3f346?s=96&d=mm&r=g","contentUrl":"https:\/\/secure.gravatar.com\/avatar\/2fcdf27c78ea025fbdb44e914cc63c72249ffec9dc8aafd5c82b26240ef3f346?s=96&d=mm&r=g","caption":"Redazione"},"url":"https:\/\/www.rassegnastampa-totustuus.it\/cattolica\/author\/pietroelle\/"}]}},"_links":{"self":[{"href":"https:\/\/www.rassegnastampa-totustuus.it\/cattolica\/wp-json\/wp\/v2\/posts\/1083","targetHints":{"allow":["GET"]}}],"collection":[{"href":"https:\/\/www.rassegnastampa-totustuus.it\/cattolica\/wp-json\/wp\/v2\/posts"}],"about":[{"href":"https:\/\/www.rassegnastampa-totustuus.it\/cattolica\/wp-json\/wp\/v2\/types\/post"}],"author":[{"embeddable":true,"href":"https:\/\/www.rassegnastampa-totustuus.it\/cattolica\/wp-json\/wp\/v2\/users\/6"}],"replies":[{"embeddable":true,"href":"https:\/\/www.rassegnastampa-totustuus.it\/cattolica\/wp-json\/wp\/v2\/comments?post=1083"}],"version-history":[{"count":4,"href":"https:\/\/www.rassegnastampa-totustuus.it\/cattolica\/wp-json\/wp\/v2\/posts\/1083\/revisions"}],"predecessor-version":[{"id":35960,"href":"https:\/\/www.rassegnastampa-totustuus.it\/cattolica\/wp-json\/wp\/v2\/posts\/1083\/revisions\/35960"}],"wp:featuredmedia":[{"embeddable":true,"href":"https:\/\/www.rassegnastampa-totustuus.it\/cattolica\/wp-json\/wp\/v2\/media\/35959"}],"wp:attachment":[{"href":"https:\/\/www.rassegnastampa-totustuus.it\/cattolica\/wp-json\/wp\/v2\/media?parent=1083"}],"wp:term":[{"taxonomy":"category","embeddable":true,"href":"https:\/\/www.rassegnastampa-totustuus.it\/cattolica\/wp-json\/wp\/v2\/categories?post=1083"},{"taxonomy":"post_tag","embeddable":true,"href":"https:\/\/www.rassegnastampa-totustuus.it\/cattolica\/wp-json\/wp\/v2\/tags?post=1083"}],"curies":[{"name":"wp","href":"https:\/\/api.w.org\/{rel}","templated":true}]}}