{"id":1076,"date":"2005-07-21T15:45:23","date_gmt":"2005-07-21T13:45:23","guid":{"rendered":""},"modified":"2016-04-29T12:08:18","modified_gmt":"2016-04-29T10:08:18","slug":"telefono-rosso-sangue","status":"publish","type":"post","link":"https:\/\/www.rassegnastampa-totustuus.it\/cattolica\/telefono-rosso-sangue\/","title":{"rendered":"Telefono rosso sangue"},"content":{"rendered":"<div style=\"text-align: center;\">\n<div id=\"attachment_33771\" style=\"width: 250px\" class=\"wp-caption alignleft\"><img loading=\"lazy\" decoding=\"async\" aria-describedby=\"caption-attachment-33771\" class=\"wp-image-33771\" src=\"https:\/\/www.rassegnastampa-totustuus.it\/cattolica\/wp-content\/uploads\/2005\/07\/sofri_Bompressi_Pietrostefani.jpg\" alt=\"sofri_Bompressi_Pietrostefani\" width=\"250\" height=\"144\" \/><p id=\"caption-attachment-33771\" class=\"wp-caption-text\">Sofri, Bompressi e Pietrostefani<\/p><\/div>\n<p>Pubblicato su <strong>L\u2019Italia settimanale<\/strong><\/div>\n<div style=\"text-align: center;\">30 dicembre 1992<\/div>\n<p style=\"text-align: justify;\"><em>Ecco cosa si dissero, il giorno dell\u2019arresto di Sofri, i membri del clan di Lotta Continua che ruotava attorno a Claudio Martelli: \u00abQuand\u2019\u00e8 morto Calabresi ero ben contenta\u00bb disse la compagna del ministro della giustizia<\/em><\/p>\n<p style=\"text-align: center;\">di<strong> Luciano Garibaldi<\/strong><\/p>\n<p><!--more--><\/p>\n<div style=\"text-align: justify;\">Nel libro di Leonardo Marino <em>La verit\u00e0 di piombo. Io Sofri e gli altri<\/em>, edizioni Ares, a pagina 95 si legge: \u00abLa mattina del 28 luglio 1988 furono eseguiti i mandati di cattura firmati dal giudice istruttore Antonio Lombardi contro Sofri, Pietrostefani e Bompressi. I telefoni degli arrestati erano stati posti sotto controllo. (\u2026) Peccato, davvero peccato, che nessuno abbia ancora scritto &#8220;un doloroso mistero&#8221; su quelle telefonate, divenute pubbliche soltanto dopo il deposito degli atti\u00bb.<\/div>\n<p style=\"text-align: justify;\">Ecco uno stimolo per mettersi al volante e andare a trovare a Modena, l\u2019avvocato Odoardo Ascari, una delle &#8220;parti civili&#8221; (per conto della vedova di Calabresi) al processo Sofri, e, come tale, depositario degli atti dibattimentali, tra cui le migliaia di pagine di quelle registrazioni. Dall\u2019archivio di Ascari, scelgo quelle effettuate sul telefono di Sopori, il personaggio pi\u00f9 interessante del quartetto, e m\u2019immergo nella lettura.<\/p>\n<p style=\"text-align: justify;\">E\u2019 uno spaccato unico della societ\u00e0 di sinistra nel nostro Paese, un documento che mostra, di volta in volta, la spocchia, la sicumera, l\u2019improntitudine, ma anche la falsit\u00e0, l\u2019astuzia, la freddezza e il calcolo (con pochissimi sprazzi di generosit\u00e0) di un ambiente che nell\u2019&#8221;area socialista&#8221;, gi\u00e0 allora ruotava attorno a Claudio Martelli, il figlio che, dopo aver pugnalato il padre, si propone come il rinnovatore della sinistra travolta dallo scandalo delle tangenti.<\/p>\n<p style=\"text-align: justify;\">E\u2019 infatti attorno al ruolo di Martelli, massimo sponsor politico ed amico personale di Sofri, che si muovono le pi\u00f9 significative conversazioni telefoniche tra la signora Randi Krokaa, compagna dell\u2019ex estremista appena arrestato, e i vari interlocutori, tutti impiegati nella ricerca e nella creazione di una giurisdizione alternativa che confluir\u00e0 presto nel rifiuto della magistratura e nel suo aperto vilipendio che da carnefici si facevano giudici.<\/p>\n<p style=\"text-align: justify;\">Per ordine del magistrato inquirente, il telefono era sotto controllo fin dal giorno precedente l\u2019arresto, e cio\u00e8 mercoled\u00ec 27 luglio 1988.<\/p>\n<p style=\"text-align: justify;\"><strong>Ignaro della tempesta <\/strong>che sta per abbattersi sul suo capo, in seguito alla confessione di Marino, Sofri, 45 anni professore di lettere e arte, \u00e8 pi\u00f9 che mai impegnato nel suo nuovo ruolo di testa pensante del Psi. Deve incontrare &#8220;Gianni&#8221; (Gianni De Michelis, vicepresidente del Consiglio) perch\u00e9 gli faccia ottenere un contratto pubblicitario per un nuovo giornale che ha in mente dopo il recente fallimento del quotidiano <em>Reporter<\/em>, sponsorizzato da Martelli. Non sa se intervenire, su <em>l\u2019Unit\u00e0<\/em>, nel dibattito che si \u00e8 aperto su Togliatti. Tal Guelfo Guelfi gli legge i nomi degl\u2019invitati a un dibattito in Versilia: oltre a lui, Lietta Tornabuoni, Miriam Mafai, Oreste del Buono, Paolo Spriano, Raffaele La Capria, Vittorio Fo\u00e0 e, toh! persino Renzo De Felice.<\/p>\n<p style=\"text-align: justify;\">Telefona Marco Boato, l\u2019antico compagno ai vertici di <em>Lotta Continua<\/em>, ora senatore &#8220;verde&#8221;. \u00abDa De Michelis ho conosciuto Ruffolo\u00bb, dice Sofri: \u00abmi ha dato l\u2019impressione di un uomo spento\u00bb. E aggiunge: \u00abDe Michelis mi ha chiesto di lavorare con lui perch\u00e9 tutto va a catafascio a sinistra\u00bb. C\u2019\u00e8 un tal Vuodek, che par di capire sia considerato una spia sovietica, in procinto di essere arrestato, e Sofri si arrabbia di brutto: o questa cosa la insabbiano, o fa un grosso scandalo: \u00abIo ormai in Italia non sono uno qualunque, sia come giornalista, sia come\u2026 insomma\u00bb.<\/p>\n<p style=\"text-align: justify;\">L\u2019idea \u00e8 di andare da Cossiga, al Quirinale, dicendogli che questa \u00e8 una \u00abcosa mostruosa\u00bb che \u00abo forniscono le prove, o io faccio un gran casino\u00bb. ottima idea, dice Boato. Ok, conclude Sofri \u00abDa Cossiga vacci tu, io parlo con De Michelis\u00bb.<\/p>\n<p style=\"text-align: justify;\">Cala la notte. All\u2019alba, arrivano i carabinieri. Sofri \u00e8 portato via. Senza manette, senza codazzo di fotografi, come fu per Tortora. La signora Randi resta sola, e si prova simpatia per questa donna, che si batte con dignit\u00e0 ed intelligenza per organizzare la difesa del suo uomo. E\u2019 una delle poche persone non sgradevoli della straordinaria <em>piece<\/em>, con Carlo Pannella, ex amministratore di <em>Reporter<\/em>, amico fedelissimo, oggi giornalista alla Fininvest, tra i primi ad essere informati dalla compagna di Sofri: \u00abCredi sia il caso di andare da Claudio?\u00bb.<\/p>\n<p style=\"text-align: justify;\">Randi: \u00abIo direi per ora no\u00bb. Carlo: \u00abVuoi che faccia un saltino da Claudio? magari un fischio a lui varrebbe la pena di farlo\u00bb. Randi: \u00abAnche a quell\u2019altro signore\u2026\u00bb. Carlo: \u00abAl grasso?\u00bb Randi: \u00abE\u2019 troppo grasso\u2026 Comunque, domani uscir\u00e0 tutto sui giornali, per cui decideranno loro\u00bb.<\/p>\n<p style=\"text-align: justify;\"><strong>Telefona tal Paolo,<\/strong> giornalista di <em>Repubblica<\/em>: \u00abNon ti converrebbe chiamare Martelli? Perch\u00e9 lo chiedano al governo, lo chiedano a Vassalli (Ministro della Giustizia, socialista), di che si tratta\u00bb. (L\u2019<em>Ansa<\/em> non ha ancora dato la notizia. nessuno sa bene i motivi dell\u2019arresto, salvo la signora Randi, che, nel mandato di cattura, ha potuto frettolosamente leggere quel nome, Calabresi). Richiama Panella. Randi: \u00abChe facciamo? Parliamo anche con quel signore grasso?\u00bb.<\/p>\n<p style=\"text-align: justify;\">Pannella: \u00abNo, bastano Claudio (Martelli) e Gianni (De Michelis), per cui puoi chiamare tu direttamente, che \u00e8 meglio. Io mi occupo dei giornali, in modo che escano subito degli articoli scandalizzati sulla cosa\u00bb.<\/p>\n<p style=\"text-align: justify;\">Ed ecco Randi che, alle 9,08, forma il numero del Psi in Via del Corso, a Roma. Dice chi \u00e8, chiede di parlare urgentemente con Martelli. Dall\u2019altra parte del filo rumori, attese, poi cade la linea. Ore 9,36: Randi chiama la presidenza del Consiglio, dice chi \u00e8, chiede di parlare urgentemente con De Michelis. Breve attesa, vari passaggi di persone, scambi di parole, poi la conclusione: \u00abRichiami\u00bb. Si mobilita, da Napoli, tal Mimmo per cercare Martelli: \u00abIo sono amico di Gava. Posso chiamare anche Gava\u00bb. Randi, io ora sto provando sia Claudio che Gianni\u00bb.<\/p>\n<p style=\"text-align: justify;\">Richiama Paolo, d\u00e0 a Randi il numero di Ludovica, \u00abal mare\u00bb. E\u2019 la compagna di allora di Martelli ed \u00e8 a Sabaudia. Poi la rassicura: \u00abA Claudio vado a dirglielo di persona\u00bb. Ma lei: \u00abCi volevo parlare\u00bb. \u00abAh, ci volevi parlare? A casa non c\u2019\u00e8, ho provato a suonare. restelli (capo ufficio stampa di Martelli) non c\u2019\u00e8 e al partito non risponde ancora nessuno\u00bb. randi chiama Sabaudia. Risponde la segreteria telefonica. Allora riprova col Psi. Sono le 9,59. martelli, le dicono, non c\u2019\u00e8. \u00abAttenda, le passo Alessandra\u00bb. E\u2019 la segretaria di Martelli. Randi da la notizia. Sofri \u00e8 stato arrestato. \u00abHo capito\u00bb dice Alessandra \u00abprovo ad avvisare Claudio. Dove possiamo richiamarla?\u00bb. Cade la linea.<\/p>\n<p style=\"text-align: justify;\"><strong>Frattanto,<\/strong> le telescriventi dell\u2019Ansa e il Televideo hanno ormai reso pubblica la notizia. Si susseguono le telefonate di indignazione e di solidariet\u00e0. Sono amici, giornalisti, deputati (Franco Piro), senatori (Marco Boato). Grandinano insulti all\u2019indirizzo dei magistrati che hanno osato arrestare quell\u2019uomo cos\u00ec \u00abmite\u00bb (Piro) e per di pi\u00f9 alla fine di luglio, proprio per rovinargli le vacanze: \u00abSono maiali, stronzi, mi viene il voltastomaco, schifosi, Cristo, \u00e8 una cosa vergognosa, quelle merde!\u00bb. \u00abMa che porci!\u00bb, esplode da Bolzano il deputato &#8220;verde&#8221; Alex Langer: \u00abCoraggio, Randi, lo Stato si abbatte e non si cambia. Lo dico perch\u00e9 chi ci ascolta possa eventualmente estendere le imputazioni a me\u00bb.<\/p>\n<p style=\"text-align: justify;\">Non sar\u00e0 accontentato. Tutti sono assolutamente consapevoli del fatto che le telefonate sono intercettate, e tale consapevolezza consiglia ai pi\u00f9 di evitare discorsi davvero compromettenti. Ai pi\u00f9 ma non a tutti. Per esempio, non all\u2019onorevole Piro, il quale, appreso che tra gli arrestati c\u2019\u00e8 anche Bompressi, si lascia scappare un eloquente \u00ab\u2026merda!\u00bb. N\u00e9 al giornalista Enrico Deaglio, ex direttore di <em>Reporter<\/em>:<\/p>\n<p style=\"text-align: justify;\">\u00abSi, scusa, ma cos\u2019\u00e8\u2026 E\u2019 Marino quello che ha parlato?\u00bb. Nel pomeriggio anche alla Randi, sempre cos\u00ec perfetta e controllata, sfuggir\u00e0 una frase di troppo. le accadr\u00e0 conversando con Tit, collaboratore di Boato, che la ragguaglia sulla conferenza stampa tenuta nel pomeriggio a Milano dai carabinieri: \u00abHanno detto che Marino un mese fa si \u00e8 sgravato la coscienza di questo peso. Loro hanno fatto dei riscontri dai quali risulta che Adriano \u00e8 il mandante\u00bb. E Randi: \u00abNon \u00e8 possibile. Se Marino fosse stato arrestato un mese fa lo avremmo saputo\u00bb. Gi\u00e0. Ma come? Da chi? E perch\u00e9?<\/p>\n<p style=\"text-align: justify;\"><strong>A met\u00e0 mattinata<\/strong> il problema dei problemi sono i telegiornali, dell\u2019una e della sera, e i quotidiani del giorno dopo. Tra questi, soprattutto il <em>Corriere<\/em> e <em>Repubblica<\/em>. Gli amici di Sofri sanno perfettamente che chi fa l\u2019opinione sono quei due giornali, e nessun altro, talch\u00e9 la signora Randi manda all\u2019inferno senza tanti complimenti i giornalisti di tutte le altre testate, scelti peraltro con cura, dai rispettivi direttori, tra gli &#8220;oriundi&#8221; di <em>Lotta Continua<\/em> che nell\u201988 gi\u00e0 affollano le testate.<\/p>\n<p style=\"text-align: justify;\">Eccone uno, Giuseppe Di Piazza, del <em>Messaggero<\/em>: \u00abStavo a <em>Reporter<\/em> e prima a <em>Lotta Continua<\/em>. Per fortuna devo scrivere io il ritratto di Adriano\u2026\u00bb. Chiama ancora Carlo: \u00abAbbiamo questa linea di pressione: uno \u00e8 Manca, il Presidente della Rai. Due, il ministro della Giustizia \u00e8 Vassalli, che \u00e8 socialista. A Martelli devi chiedere di parlare con Manca. Nuccio Fava \u00e8 il direttore del Tg1 ed \u00e8 un democristiano, per\u00f2 aperto. La Volpe \u00e8 direttore del Tg2 ed \u00e8 proprio uno che ubbidisce\u00bb.<\/p>\n<p style=\"text-align: justify;\">Al <em>Corriere<\/em> pensa Giuliano Ferrara, che si fa &#8220;dare lo spazio&#8221; per una intervista con Boato \u00abperch\u00e9 \u00e8 un personaggio in fondo abbastanza integrato, e poi sa parlare il linguaggio istituzionale\u00bb.<\/p>\n<p style=\"text-align: justify;\">L\u2019intervista uscir\u00e0 puntualissima la mattina dopo, su quattro colonne: \u00abBoato: so che Sofri \u00e8 innocente, lo giuro. Quello a Calabresi fu un processo sommario, ma Lotta Continua non ha mai emesso la sentenza di morte\u00bb. E ci vuole un bel coraggio a sostenere una simile tesi, quando <em>Lotta Continua<\/em> scriveva un giorno si e l\u2019altro pure che il verdetto contro Calabresi era stato emesso e che \u00abil proletariato l\u2019avrebbe reso esecutivo nelle strade e nelle piazze\u00bb.<\/p>\n<p style=\"text-align: justify;\">Pi\u00f9 difficile controllare <em>Repubblica<\/em>. A Scalfari, che \u00e8 in ferie, non arrivano. Contattano la figlia, ma non basta. Allora provano con Pansa, il vicedirettore, ma \u00e8 cilecca. \u00abSono in vacanza\u00bb, dice il giornalista con aria di circostanza, alla signora Randi: \u00abNon so chi far\u00e0 il pezzo. Comunque, lei stia tranquilla. Si affidi soprattutto a un buon avvocato\u00bb.<\/p>\n<p style=\"text-align: justify;\"><strong>Tanti sforzi<\/strong> generosi (Piro: \u00abAbbiamo parlato con decine e decine di giornalisti\u00bb), ma risultati parziali, perch\u00e9, per esempio, \u00abSul Tg1 c\u2019era quel cretino di Remondino\u00bb. Quando, finalmente, i boss socialisti si decidono a mandare in avanscoperta Sergio Restelli, la signora Randi sa ormai come stanno le cose e perch\u00e9 il suo compagno \u00e8 stato arrestato, ma con il collaboratore di Martelli si mostra reticente e cauta.<\/p>\n<p style=\"text-align: justify;\">Per esempio, all\u2019uomo che vorrebbe saperne di pi\u00f9, si guarda bene dal fare il nome di Calabresi. Poi parlando con un\u2019amica dir\u00e0: \u00abQuel Restelli \u00e8 troppo stupido\u00bb. E, col solito Carlo: \u00abE\u2019 assolutamente deficiente\u00bb. Il risultato \u00e8 che passano le ore, ma n\u00e9 Martelli n\u00e9 De Michelis si fanno vivi. E allora Carlo: \u00abDevi parlare con Giuliano (Ferrara) che parli col ciccione\u2026\u00bb. E a tal Tonino: \u00abSono dei cacasotto. magari si muovono anche, faranno delle cose, non so. ma l\u2019unico che \u00e8 stato veramente schietto e immediato \u00e8 stato Giuliano Ferrara\u00bb.<\/p>\n<p style=\"text-align: justify;\">Telefona tale Andrea per leggerle la dichiarazione di Pannella (\u00abSo di poter dare fiducia piena ed intera a quel che Adriano dice e dir\u00e0, fa e far\u00e0\u00bb), e Randi: \u00abl signori, quelli la, non fanno un passo nemmeno\u2026, si parano il culo, pensano solo a quello, nella vita\u2026 li mortaci loro, guarda!\u00bb.<\/p>\n<p style=\"text-align: justify;\"><strong>A sera, <\/strong>con i telegiornali, finalmente le dichiarazioni e le prese di posizione. C\u2019\u00e8 un comunicato di ventuno deputati del Pci, di Dp, del Gruppo Federalista Europeo, dei Verdi, e del Psi: \u00abNon possiamo non dichiarare lo sconcerto e la preoccupazione che tale operazione giudiziaria di sapore tipicamente emergenziale suscita\u00bb.<\/p>\n<p style=\"text-align: justify;\">C\u2019\u00e8 la dichiarazione di Boato: \u00abEscludo totalmente che Sofri, come del resto Pietrostefani, possano avere avuto la bench\u00e9 minima responsabilit\u00e0 giudiziaria nell\u2019omicidio di Calabresi\u00bb (e gli altri due?). E c\u2019\u00e8 finalmente, anche quella di Martelli: dopo aver premesso che la sua conoscenza con Sofri risale soltanto al 1984, dice che lo considera un amico \u00abe finch\u00e9 non vedo le prove non credo che possa essere il responsabile di quell\u2019assassinio.<\/p>\n<p style=\"text-align: justify;\">Un conto sono le responsabilit\u00e0 politiche e un altro quelle dirette. Sofri non ha mai fatto parte del servizio d\u2019ordine di Lc, data la sua levatura culturale che mal si adattava a questo ruolo\u00bb. Dichiarazione falsa, come vedremo tra poco, temeraria, perch\u00e9 d\u00e0 per scontato che il &#8220;servizio d\u2019ordine&#8221; potesse anche dedicarsi, tra una sprangata e l\u2019altra, alla disdicevole pratica del colpo alla nuca, snobisticamente razzista per l\u2019accenno alla &#8220;levatura culturale&#8221;, ma comunque ancora lontana da quella demonizzazione dei giudici cui Martelli parteciper\u00e0 largamente in seguito.<\/p>\n<p style=\"text-align: justify;\">Sia come sia, le dichiarazioni non soddisfano. telefona Giorgio Albonetti: \u00abBoato \u00e8 uno stronzo e a Martelli sputagli in un occhio\u00bb. Randi: \u00abPerch\u00e9?\u00bb. Albonetti: \u00abma scusa, ha detto che lui non lo conosceva!\u00bb.<\/p>\n<p style=\"text-align: justify;\">Albonetti non \u00e8 il solo. Chiama una donna non identificata: \u00abHo sentito il telegiornale. Di Boato non ho il numero di telefono, e mi dispiace, perch\u00e9 vorrei dargli dello stronzo\u00bb. Randi: \u00abUna cagata, vero?\u00bb. E finalmente Ludovica, la compagna del &#8220;delfino&#8221;: Randi: \u00abEhi, signora, come va?\u00bb. Ludovica: \u00abHo parlato con Claudio. Chiaramente, assolutamente incredulo. Roba da pazzi\u2026 Sono con le gambe che mi tremano&#8230; mi sembra una cosa allucinante che si permettano di far arrestare gente dopo anni e anni\u2026 Poi, io mi ricordo benissimo quando \u00e8 morto Calabresi. Ma io ero ben contenta!\u00bb. Randi: \u00abInfatti, vorrei vedere chi non ha detto qualcosa su Calabresi\u00bb. Ludovica: \u00abFigurati, era un pezzo di merda!\u00bb.<\/p>\n<p style=\"text-align: justify;\"><strong>Richiudo il dossier<\/strong> e, nel riconsegnarlo al suo legittimo detentore, l\u2019avvocato Ascari, gli chiedo un commento. \u00abNessuna vicenda processuale come questa\u00bb, mi dice, \u00abha conosciuto tanta incivilt\u00e0 negli uomini e nei modi. Fin dall\u2019inizio, e poi con un crescendo sempre pi\u00f9 corale, i grandi mezzi di comunicazione pubblici e privati, caduti in signoria dei compagni d\u2019arme e di fede degli imputati e dei loro potenti amici politici e di &#8220;cultura&#8221;, hanno cercato di togliere ogni legittimazione anche morale agli organi dello Stato, nel tentativo di privilegiare una sorta di giurisdizione alternativa.<\/p>\n<p style=\"text-align: justify;\">A quest\u2019ultima si rivolse immediatamente la difesa degli imputati individuando giustamente in essa l\u2019unica via di salvezza. Le trascrizioni delle telefonate intercettate costituiscono uno degli spaccati pi\u00f9 squallidi e desolanti di questa certa Italia di sinistra, a partire dalle adesioni raccolte in Parlamento per un appello in favore degli arrestati, nel giorno stesso del loro arresto, a scatola chiusa\u00bb.<\/p>\n<p style=\"text-align: justify;\">\u00abPrestigiosi rappresentanti della vita politica italiana\u00bb, dice ancora Ascari, \u00absi schieravano cos\u00ec contro l\u2019opera della magistratura, presto seguiti dalla foltissima schiera degli intellettuali progressisti. Sono essi ad avere costituito la giurisdizione alternativa, sulla quale unicamente ha fatto affidamento Sofri, rinunciando all\u2019appello\u00bb.<\/p>\n<p style=\"text-align: justify;\"><strong>Una mossa vincente?<\/strong><\/p>\n<p style=\"text-align: justify;\">\u00abSenta questo\u00bb, risponde Ascari: \u00abun difensore di Pietrostefani, nei motivi del ricorso in Cassazione, ha citato per ben due volte filosofi, attori, uomini politici, letterati di altissimo prestigio, illustri firmatari di manifesti, indirizzi, dichiarazioni, petizioni a favore degli imputati: le tesi innocentiste sono state accreditate come di gran lunga pi\u00f9 autorevoli delle argomentazioni svolte dalle sentenze della magistratura.\u00a0Correlativamente, nei motivi del ricorso, per ben due volte si fa riferimento alle luminose carriere dei mandanti dell\u2019omicidio. Per contro, sulla figura di Calabresi &#8220;furono pubblicati libri e scritti non propriamente rispettosi della sua \u2018innocenza\u2019 (cos\u00ec, tra virgolette), con firme prestigiose ed estranee a <em>Lotta Continua<\/em>, che, ancor oggi, sono tra le pi\u00f9 accreditate dalla scienza e dal giornalismo italiano\u00bb.<\/p>\n<p style=\"text-align: justify;\">\u00abCapito? L\u2019affannosa ricerca di un falso colpevole tende evidentemente all\u2019inconscia giustificazione del delitto. In un primo tempo , con mistificazione infame, si crea un falso colpevole per aizzare contro di lui &#8220;le masse&#8221;, bisognose di giustizia e di vendetta. Po, lo si uccide. E infine, nonostante una sentenza passata in giudicato, si continua ad infangarne la memoria. Siamo dunque di fronte al male in senso biblico, conseguenza inevitabile del connubio tra violenza e frode, da sempre considerate categorie ontologicamente separate. In tutto ci\u00f2 consiste quella giurisdizione alternativa che ha condannato Calabresi ed ora pretende che i suoi assassini siano assolti\u00bb.<\/p>\n","protected":false},"excerpt":{"rendered":"<p>Pubblicato su L\u2019Italia settimanale 30 dicembre 1992 Ecco cosa si dissero, il giorno dell\u2019arresto di Sofri, i membri del clan di Lotta Continua che ruotava attorno a Claudio Martelli: \u00abQuand\u2019\u00e8 morto Calabresi ero ben contenta\u00bb disse la compagna del ministro della giustizia di Luciano Garibaldi<\/p><p><a class=\"more-link btn\" href=\"https:\/\/www.rassegnastampa-totustuus.it\/cattolica\/telefono-rosso-sangue\/\">Continua a leggere<\/a><\/p>\n","protected":false},"author":6,"featured_media":33771,"comment_status":"closed","ping_status":"open","sticky":false,"template":"","format":"standard","meta":{"footnotes":""},"categories":[32,82,96],"tags":[870,869],"class_list":["post-1076","post","type-post","status-publish","format-standard","has-post-thumbnail","hentry","category-filosofia-del-comunismo","category-comunismo-in-italia","category-storia-italiana","tag-adriano-sofri","tag-lotta-continua","item-wrap"],"yoast_head":"<!-- This site is optimized with the Yoast SEO plugin v27.5 - https:\/\/yoast.com\/product\/yoast-seo-wordpress\/ -->\n<title>Telefono rosso sangue - Rassegna Stampa Cattolica<\/title>\n<meta name=\"description\" content=\"Rassegna Stampa Cattolica - Per una cultura che nasce dalla Rivelazione cristiana in conformit\u00e0 alla tradizione e al Magistero della Chiesa in opposizione ad ogni relativismo e totalitarismo\" \/>\n<meta name=\"robots\" content=\"index, follow, max-snippet:-1, max-image-preview:large, max-video-preview:-1\" \/>\n<link rel=\"canonical\" href=\"https:\/\/www.rassegnastampa-totustuus.it\/cattolica\/telefono-rosso-sangue\/\" \/>\n<meta property=\"og:locale\" content=\"it_IT\" \/>\n<meta property=\"og:type\" content=\"article\" \/>\n<meta property=\"og:title\" content=\"Telefono rosso sangue - Rassegna Stampa Cattolica\" \/>\n<meta property=\"og:description\" content=\"Rassegna Stampa Cattolica - Per una cultura che nasce dalla Rivelazione cristiana in conformit\u00e0 alla tradizione e al Magistero della Chiesa in opposizione ad ogni relativismo e totalitarismo\" \/>\n<meta property=\"og:url\" content=\"https:\/\/www.rassegnastampa-totustuus.it\/cattolica\/telefono-rosso-sangue\/\" \/>\n<meta property=\"og:site_name\" content=\"Rassegna Stampa Cattolica\" \/>\n<meta property=\"article:publisher\" content=\"https:\/\/www.facebook.com\/rassegnastampacattolica\" \/>\n<meta property=\"article:published_time\" content=\"2005-07-21T13:45:23+00:00\" \/>\n<meta property=\"article:modified_time\" content=\"2016-04-29T10:08:18+00:00\" \/>\n<meta property=\"og:image\" content=\"https:\/\/www.rassegnastampa-totustuus.it\/cattolica\/wp-content\/uploads\/2005\/07\/sofri_Bompressi_Pietrostefani.jpg\" \/>\n\t<meta property=\"og:image:width\" content=\"296\" \/>\n\t<meta property=\"og:image:height\" content=\"170\" \/>\n\t<meta property=\"og:image:type\" content=\"image\/jpeg\" \/>\n<meta name=\"author\" content=\"Redazione\" \/>\n<meta name=\"twitter:card\" content=\"summary_large_image\" \/>\n<meta name=\"twitter:creator\" content=\"@rassegnastampa9\" \/>\n<meta name=\"twitter:site\" content=\"@rassegnastampa9\" \/>\n<meta name=\"twitter:label1\" content=\"Scritto da\" \/>\n\t<meta name=\"twitter:data1\" content=\"Redazione\" \/>\n\t<meta name=\"twitter:label2\" content=\"Tempo di lettura stimato\" \/>\n\t<meta name=\"twitter:data2\" content=\"13 minuti\" \/>\n<script type=\"application\/ld+json\" class=\"yoast-schema-graph\">{\"@context\":\"https:\\\/\\\/schema.org\",\"@graph\":[{\"@type\":\"Article\",\"@id\":\"https:\\\/\\\/www.rassegnastampa-totustuus.it\\\/cattolica\\\/telefono-rosso-sangue\\\/#article\",\"isPartOf\":{\"@id\":\"https:\\\/\\\/www.rassegnastampa-totustuus.it\\\/cattolica\\\/telefono-rosso-sangue\\\/\"},\"author\":{\"name\":\"Redazione\",\"@id\":\"https:\\\/\\\/www.rassegnastampa-totustuus.it\\\/cattolica\\\/#\\\/schema\\\/person\\\/08f319d2bd1a0904ad9e2bfb7b15e5c3\"},\"headline\":\"Telefono rosso sangue\",\"datePublished\":\"2005-07-21T13:45:23+00:00\",\"dateModified\":\"2016-04-29T10:08:18+00:00\",\"mainEntityOfPage\":{\"@id\":\"https:\\\/\\\/www.rassegnastampa-totustuus.it\\\/cattolica\\\/telefono-rosso-sangue\\\/\"},\"wordCount\":2624,\"publisher\":{\"@id\":\"https:\\\/\\\/www.rassegnastampa-totustuus.it\\\/cattolica\\\/#organization\"},\"image\":{\"@id\":\"https:\\\/\\\/www.rassegnastampa-totustuus.it\\\/cattolica\\\/telefono-rosso-sangue\\\/#primaryimage\"},\"thumbnailUrl\":\"https:\\\/\\\/www.rassegnastampa-totustuus.it\\\/cattolica\\\/wp-content\\\/uploads\\\/2005\\\/07\\\/sofri_Bompressi_Pietrostefani.jpg\",\"keywords\":[\"Adriano Sofri\",\"Lotta continua\"],\"articleSection\":[\"Comunismo\",\"Comunismo in Italia\",\"Storia italiana\"],\"inLanguage\":\"it-IT\"},{\"@type\":\"WebPage\",\"@id\":\"https:\\\/\\\/www.rassegnastampa-totustuus.it\\\/cattolica\\\/telefono-rosso-sangue\\\/\",\"url\":\"https:\\\/\\\/www.rassegnastampa-totustuus.it\\\/cattolica\\\/telefono-rosso-sangue\\\/\",\"name\":\"Telefono rosso sangue - Rassegna Stampa Cattolica\",\"isPartOf\":{\"@id\":\"https:\\\/\\\/www.rassegnastampa-totustuus.it\\\/cattolica\\\/#website\"},\"primaryImageOfPage\":{\"@id\":\"https:\\\/\\\/www.rassegnastampa-totustuus.it\\\/cattolica\\\/telefono-rosso-sangue\\\/#primaryimage\"},\"image\":{\"@id\":\"https:\\\/\\\/www.rassegnastampa-totustuus.it\\\/cattolica\\\/telefono-rosso-sangue\\\/#primaryimage\"},\"thumbnailUrl\":\"https:\\\/\\\/www.rassegnastampa-totustuus.it\\\/cattolica\\\/wp-content\\\/uploads\\\/2005\\\/07\\\/sofri_Bompressi_Pietrostefani.jpg\",\"datePublished\":\"2005-07-21T13:45:23+00:00\",\"dateModified\":\"2016-04-29T10:08:18+00:00\",\"description\":\"Rassegna Stampa Cattolica - Per una cultura che nasce dalla Rivelazione cristiana in conformit\u00e0 alla tradizione e al Magistero della Chiesa in opposizione ad ogni relativismo e totalitarismo\",\"breadcrumb\":{\"@id\":\"https:\\\/\\\/www.rassegnastampa-totustuus.it\\\/cattolica\\\/telefono-rosso-sangue\\\/#breadcrumb\"},\"inLanguage\":\"it-IT\",\"potentialAction\":[{\"@type\":\"ReadAction\",\"target\":[\"https:\\\/\\\/www.rassegnastampa-totustuus.it\\\/cattolica\\\/telefono-rosso-sangue\\\/\"]}]},{\"@type\":\"ImageObject\",\"inLanguage\":\"it-IT\",\"@id\":\"https:\\\/\\\/www.rassegnastampa-totustuus.it\\\/cattolica\\\/telefono-rosso-sangue\\\/#primaryimage\",\"url\":\"https:\\\/\\\/www.rassegnastampa-totustuus.it\\\/cattolica\\\/wp-content\\\/uploads\\\/2005\\\/07\\\/sofri_Bompressi_Pietrostefani.jpg\",\"contentUrl\":\"https:\\\/\\\/www.rassegnastampa-totustuus.it\\\/cattolica\\\/wp-content\\\/uploads\\\/2005\\\/07\\\/sofri_Bompressi_Pietrostefani.jpg\",\"width\":296,\"height\":170},{\"@type\":\"BreadcrumbList\",\"@id\":\"https:\\\/\\\/www.rassegnastampa-totustuus.it\\\/cattolica\\\/telefono-rosso-sangue\\\/#breadcrumb\",\"itemListElement\":[{\"@type\":\"ListItem\",\"position\":1,\"name\":\"Home\",\"item\":\"https:\\\/\\\/www.rassegnastampa-totustuus.it\\\/cattolica\\\/\"},{\"@type\":\"ListItem\",\"position\":2,\"name\":\"Telefono rosso sangue\"}]},{\"@type\":\"WebSite\",\"@id\":\"https:\\\/\\\/www.rassegnastampa-totustuus.it\\\/cattolica\\\/#website\",\"url\":\"https:\\\/\\\/www.rassegnastampa-totustuus.it\\\/cattolica\\\/\",\"name\":\"Rassegna Stampa Cattolica\",\"description\":\"Per una cultura che nasce dalla Rivelazione cristiana in conformit\u00e0 alla tradizione e al Magistero della Chiesa in opposizione ad ogni relativismo e totalitarismo\",\"publisher\":{\"@id\":\"https:\\\/\\\/www.rassegnastampa-totustuus.it\\\/cattolica\\\/#organization\"},\"alternateName\":\"Rass. Cattolica\",\"potentialAction\":[{\"@type\":\"SearchAction\",\"target\":{\"@type\":\"EntryPoint\",\"urlTemplate\":\"https:\\\/\\\/www.rassegnastampa-totustuus.it\\\/cattolica\\\/?s={search_term_string}\"},\"query-input\":{\"@type\":\"PropertyValueSpecification\",\"valueRequired\":true,\"valueName\":\"search_term_string\"}}],\"inLanguage\":\"it-IT\"},{\"@type\":\"Organization\",\"@id\":\"https:\\\/\\\/www.rassegnastampa-totustuus.it\\\/cattolica\\\/#organization\",\"name\":\"Rassegna Stampa Cattolica\",\"url\":\"https:\\\/\\\/www.rassegnastampa-totustuus.it\\\/cattolica\\\/\",\"logo\":{\"@type\":\"ImageObject\",\"inLanguage\":\"it-IT\",\"@id\":\"https:\\\/\\\/www.rassegnastampa-totustuus.it\\\/cattolica\\\/#\\\/schema\\\/logo\\\/image\\\/\",\"url\":\"https:\\\/\\\/www.rassegnastampa-totustuus.it\\\/cattolica\\\/wp-content\\\/uploads\\\/2014\\\/04\\\/logo-rassegna1.gif\",\"contentUrl\":\"https:\\\/\\\/www.rassegnastampa-totustuus.it\\\/cattolica\\\/wp-content\\\/uploads\\\/2014\\\/04\\\/logo-rassegna1.gif\",\"width\":600,\"height\":163,\"caption\":\"Rassegna Stampa Cattolica\"},\"image\":{\"@id\":\"https:\\\/\\\/www.rassegnastampa-totustuus.it\\\/cattolica\\\/#\\\/schema\\\/logo\\\/image\\\/\"},\"sameAs\":[\"https:\\\/\\\/www.facebook.com\\\/rassegnastampacattolica\",\"https:\\\/\\\/x.com\\\/rassegnastampa9\"]},{\"@type\":\"Person\",\"@id\":\"https:\\\/\\\/www.rassegnastampa-totustuus.it\\\/cattolica\\\/#\\\/schema\\\/person\\\/08f319d2bd1a0904ad9e2bfb7b15e5c3\",\"name\":\"Redazione\",\"image\":{\"@type\":\"ImageObject\",\"inLanguage\":\"it-IT\",\"@id\":\"https:\\\/\\\/secure.gravatar.com\\\/avatar\\\/2fcdf27c78ea025fbdb44e914cc63c72249ffec9dc8aafd5c82b26240ef3f346?s=96&d=mm&r=g\",\"url\":\"https:\\\/\\\/secure.gravatar.com\\\/avatar\\\/2fcdf27c78ea025fbdb44e914cc63c72249ffec9dc8aafd5c82b26240ef3f346?s=96&d=mm&r=g\",\"contentUrl\":\"https:\\\/\\\/secure.gravatar.com\\\/avatar\\\/2fcdf27c78ea025fbdb44e914cc63c72249ffec9dc8aafd5c82b26240ef3f346?s=96&d=mm&r=g\",\"caption\":\"Redazione\"},\"url\":\"https:\\\/\\\/www.rassegnastampa-totustuus.it\\\/cattolica\\\/author\\\/pietroelle\\\/\"}]}<\/script>\n<!-- \/ Yoast SEO plugin. -->","yoast_head_json":{"title":"Telefono rosso sangue - Rassegna Stampa Cattolica","description":"Rassegna Stampa Cattolica - Per una cultura che nasce dalla Rivelazione cristiana in conformit\u00e0 alla tradizione e al Magistero della Chiesa in opposizione ad ogni relativismo e totalitarismo","robots":{"index":"index","follow":"follow","max-snippet":"max-snippet:-1","max-image-preview":"max-image-preview:large","max-video-preview":"max-video-preview:-1"},"canonical":"https:\/\/www.rassegnastampa-totustuus.it\/cattolica\/telefono-rosso-sangue\/","og_locale":"it_IT","og_type":"article","og_title":"Telefono rosso sangue - Rassegna Stampa Cattolica","og_description":"Rassegna Stampa Cattolica - Per una cultura che nasce dalla Rivelazione cristiana in conformit\u00e0 alla tradizione e al Magistero della Chiesa in opposizione ad ogni relativismo e totalitarismo","og_url":"https:\/\/www.rassegnastampa-totustuus.it\/cattolica\/telefono-rosso-sangue\/","og_site_name":"Rassegna Stampa Cattolica","article_publisher":"https:\/\/www.facebook.com\/rassegnastampacattolica","article_published_time":"2005-07-21T13:45:23+00:00","article_modified_time":"2016-04-29T10:08:18+00:00","og_image":[{"width":296,"height":170,"url":"https:\/\/www.rassegnastampa-totustuus.it\/cattolica\/wp-content\/uploads\/2005\/07\/sofri_Bompressi_Pietrostefani.jpg","type":"image\/jpeg"}],"author":"Redazione","twitter_card":"summary_large_image","twitter_creator":"@rassegnastampa9","twitter_site":"@rassegnastampa9","twitter_misc":{"Scritto da":"Redazione","Tempo di lettura stimato":"13 minuti"},"schema":{"@context":"https:\/\/schema.org","@graph":[{"@type":"Article","@id":"https:\/\/www.rassegnastampa-totustuus.it\/cattolica\/telefono-rosso-sangue\/#article","isPartOf":{"@id":"https:\/\/www.rassegnastampa-totustuus.it\/cattolica\/telefono-rosso-sangue\/"},"author":{"name":"Redazione","@id":"https:\/\/www.rassegnastampa-totustuus.it\/cattolica\/#\/schema\/person\/08f319d2bd1a0904ad9e2bfb7b15e5c3"},"headline":"Telefono rosso sangue","datePublished":"2005-07-21T13:45:23+00:00","dateModified":"2016-04-29T10:08:18+00:00","mainEntityOfPage":{"@id":"https:\/\/www.rassegnastampa-totustuus.it\/cattolica\/telefono-rosso-sangue\/"},"wordCount":2624,"publisher":{"@id":"https:\/\/www.rassegnastampa-totustuus.it\/cattolica\/#organization"},"image":{"@id":"https:\/\/www.rassegnastampa-totustuus.it\/cattolica\/telefono-rosso-sangue\/#primaryimage"},"thumbnailUrl":"https:\/\/www.rassegnastampa-totustuus.it\/cattolica\/wp-content\/uploads\/2005\/07\/sofri_Bompressi_Pietrostefani.jpg","keywords":["Adriano Sofri","Lotta continua"],"articleSection":["Comunismo","Comunismo in Italia","Storia italiana"],"inLanguage":"it-IT"},{"@type":"WebPage","@id":"https:\/\/www.rassegnastampa-totustuus.it\/cattolica\/telefono-rosso-sangue\/","url":"https:\/\/www.rassegnastampa-totustuus.it\/cattolica\/telefono-rosso-sangue\/","name":"Telefono rosso sangue - Rassegna Stampa Cattolica","isPartOf":{"@id":"https:\/\/www.rassegnastampa-totustuus.it\/cattolica\/#website"},"primaryImageOfPage":{"@id":"https:\/\/www.rassegnastampa-totustuus.it\/cattolica\/telefono-rosso-sangue\/#primaryimage"},"image":{"@id":"https:\/\/www.rassegnastampa-totustuus.it\/cattolica\/telefono-rosso-sangue\/#primaryimage"},"thumbnailUrl":"https:\/\/www.rassegnastampa-totustuus.it\/cattolica\/wp-content\/uploads\/2005\/07\/sofri_Bompressi_Pietrostefani.jpg","datePublished":"2005-07-21T13:45:23+00:00","dateModified":"2016-04-29T10:08:18+00:00","description":"Rassegna Stampa Cattolica - Per una cultura che nasce dalla Rivelazione cristiana in conformit\u00e0 alla tradizione e al Magistero della Chiesa in opposizione ad ogni relativismo e totalitarismo","breadcrumb":{"@id":"https:\/\/www.rassegnastampa-totustuus.it\/cattolica\/telefono-rosso-sangue\/#breadcrumb"},"inLanguage":"it-IT","potentialAction":[{"@type":"ReadAction","target":["https:\/\/www.rassegnastampa-totustuus.it\/cattolica\/telefono-rosso-sangue\/"]}]},{"@type":"ImageObject","inLanguage":"it-IT","@id":"https:\/\/www.rassegnastampa-totustuus.it\/cattolica\/telefono-rosso-sangue\/#primaryimage","url":"https:\/\/www.rassegnastampa-totustuus.it\/cattolica\/wp-content\/uploads\/2005\/07\/sofri_Bompressi_Pietrostefani.jpg","contentUrl":"https:\/\/www.rassegnastampa-totustuus.it\/cattolica\/wp-content\/uploads\/2005\/07\/sofri_Bompressi_Pietrostefani.jpg","width":296,"height":170},{"@type":"BreadcrumbList","@id":"https:\/\/www.rassegnastampa-totustuus.it\/cattolica\/telefono-rosso-sangue\/#breadcrumb","itemListElement":[{"@type":"ListItem","position":1,"name":"Home","item":"https:\/\/www.rassegnastampa-totustuus.it\/cattolica\/"},{"@type":"ListItem","position":2,"name":"Telefono rosso sangue"}]},{"@type":"WebSite","@id":"https:\/\/www.rassegnastampa-totustuus.it\/cattolica\/#website","url":"https:\/\/www.rassegnastampa-totustuus.it\/cattolica\/","name":"Rassegna Stampa Cattolica","description":"Per una cultura che nasce dalla Rivelazione cristiana in conformit\u00e0 alla tradizione e al Magistero della Chiesa in opposizione ad ogni relativismo e totalitarismo","publisher":{"@id":"https:\/\/www.rassegnastampa-totustuus.it\/cattolica\/#organization"},"alternateName":"Rass. Cattolica","potentialAction":[{"@type":"SearchAction","target":{"@type":"EntryPoint","urlTemplate":"https:\/\/www.rassegnastampa-totustuus.it\/cattolica\/?s={search_term_string}"},"query-input":{"@type":"PropertyValueSpecification","valueRequired":true,"valueName":"search_term_string"}}],"inLanguage":"it-IT"},{"@type":"Organization","@id":"https:\/\/www.rassegnastampa-totustuus.it\/cattolica\/#organization","name":"Rassegna Stampa Cattolica","url":"https:\/\/www.rassegnastampa-totustuus.it\/cattolica\/","logo":{"@type":"ImageObject","inLanguage":"it-IT","@id":"https:\/\/www.rassegnastampa-totustuus.it\/cattolica\/#\/schema\/logo\/image\/","url":"https:\/\/www.rassegnastampa-totustuus.it\/cattolica\/wp-content\/uploads\/2014\/04\/logo-rassegna1.gif","contentUrl":"https:\/\/www.rassegnastampa-totustuus.it\/cattolica\/wp-content\/uploads\/2014\/04\/logo-rassegna1.gif","width":600,"height":163,"caption":"Rassegna Stampa Cattolica"},"image":{"@id":"https:\/\/www.rassegnastampa-totustuus.it\/cattolica\/#\/schema\/logo\/image\/"},"sameAs":["https:\/\/www.facebook.com\/rassegnastampacattolica","https:\/\/x.com\/rassegnastampa9"]},{"@type":"Person","@id":"https:\/\/www.rassegnastampa-totustuus.it\/cattolica\/#\/schema\/person\/08f319d2bd1a0904ad9e2bfb7b15e5c3","name":"Redazione","image":{"@type":"ImageObject","inLanguage":"it-IT","@id":"https:\/\/secure.gravatar.com\/avatar\/2fcdf27c78ea025fbdb44e914cc63c72249ffec9dc8aafd5c82b26240ef3f346?s=96&d=mm&r=g","url":"https:\/\/secure.gravatar.com\/avatar\/2fcdf27c78ea025fbdb44e914cc63c72249ffec9dc8aafd5c82b26240ef3f346?s=96&d=mm&r=g","contentUrl":"https:\/\/secure.gravatar.com\/avatar\/2fcdf27c78ea025fbdb44e914cc63c72249ffec9dc8aafd5c82b26240ef3f346?s=96&d=mm&r=g","caption":"Redazione"},"url":"https:\/\/www.rassegnastampa-totustuus.it\/cattolica\/author\/pietroelle\/"}]}},"_links":{"self":[{"href":"https:\/\/www.rassegnastampa-totustuus.it\/cattolica\/wp-json\/wp\/v2\/posts\/1076","targetHints":{"allow":["GET"]}}],"collection":[{"href":"https:\/\/www.rassegnastampa-totustuus.it\/cattolica\/wp-json\/wp\/v2\/posts"}],"about":[{"href":"https:\/\/www.rassegnastampa-totustuus.it\/cattolica\/wp-json\/wp\/v2\/types\/post"}],"author":[{"embeddable":true,"href":"https:\/\/www.rassegnastampa-totustuus.it\/cattolica\/wp-json\/wp\/v2\/users\/6"}],"replies":[{"embeddable":true,"href":"https:\/\/www.rassegnastampa-totustuus.it\/cattolica\/wp-json\/wp\/v2\/comments?post=1076"}],"version-history":[{"count":4,"href":"https:\/\/www.rassegnastampa-totustuus.it\/cattolica\/wp-json\/wp\/v2\/posts\/1076\/revisions"}],"predecessor-version":[{"id":33773,"href":"https:\/\/www.rassegnastampa-totustuus.it\/cattolica\/wp-json\/wp\/v2\/posts\/1076\/revisions\/33773"}],"wp:featuredmedia":[{"embeddable":true,"href":"https:\/\/www.rassegnastampa-totustuus.it\/cattolica\/wp-json\/wp\/v2\/media\/33771"}],"wp:attachment":[{"href":"https:\/\/www.rassegnastampa-totustuus.it\/cattolica\/wp-json\/wp\/v2\/media?parent=1076"}],"wp:term":[{"taxonomy":"category","embeddable":true,"href":"https:\/\/www.rassegnastampa-totustuus.it\/cattolica\/wp-json\/wp\/v2\/categories?post=1076"},{"taxonomy":"post_tag","embeddable":true,"href":"https:\/\/www.rassegnastampa-totustuus.it\/cattolica\/wp-json\/wp\/v2\/tags?post=1076"}],"curies":[{"name":"wp","href":"https:\/\/api.w.org\/{rel}","templated":true}]}}