{"id":1074,"date":"2005-07-21T15:35:56","date_gmt":"2005-07-21T13:35:56","guid":{"rendered":""},"modified":"2016-06-20T12:20:07","modified_gmt":"2016-06-20T10:20:07","slug":"i-padrini-dellitalia-rossa","status":"publish","type":"post","link":"https:\/\/www.rassegnastampa-totustuus.it\/cattolica\/i-padrini-dellitalia-rossa\/","title":{"rendered":"I padrini dell&#8217;Italia rossa"},"content":{"rendered":"<div style=\"text-align: center;\"><img loading=\"lazy\" decoding=\"async\" class=\"alignleft wp-image-35146\" src=\"https:\/\/www.rassegnastampa-totustuus.it\/cattolica\/wp-content\/uploads\/2005\/07\/CFR_Usa.jpg\" alt=\"CFR_Usa\" width=\"250\" height=\"155\" \/>Articolo pubblicato sul n. 14 di <strong>Cristianit\u00e0<\/strong> del marzo-aprile 1975<\/div>\n<p style=\"text-align: center;\"><em>Chi vuole i comunisti al governo<\/em><\/p>\n<p style=\"text-align: center;\">di<strong> Roberto De Mattei<\/strong><\/p>\n<p><!--more--><\/p>\n<div style=\"text-align: justify;\">Il 1 ottobre 1975 l&#8217;Istituto Affari Internazionali di Roma (IAI) rilasciava un comunicato stampa &#8211; riportato il giorno seguente da tutti i maggiori quotidiani &#8211; in cui si annunciava che l&#8217;incontro organizzato dallo stesso IAI e dal <em>Council on Foreign Relations <\/em>(CFR) &#8220;<em>tra una delegazione rappresentativa dell&#8217;Italia di oggi e di domani e un&#8217;analoga delegazione americana<\/em>&#8220;, che avrebbe dovuto tenersi a New York dal 24 al 26 ottobre, era stato rinviato &#8220;a prossima data da definirsi&#8221;, dal momento che il dipartimento di Stato americano non avrebbe concesso il visto d&#8217;ingresso all&#8217;on. Sergio Segre del Partito Comunista Italiano, partecipante con altre illustri personalit\u00e0 all&#8217;incontro (1).<\/div>\n<p style=\"text-align: justify;\">Sergio Segre, &#8220;ministro degli Esteri&#8221; del PCI, era evidentemente l&#8217;ospite di maggiore rilievo di un incontro accuratamente preparato fin dall&#8217;estate.&#8221;<em>Era luglio, meno di tre mesi fa <\/em>&#8211; ricorda la rivista Tempo &#8211; <em>dagli Stati Uniti arriv\u00f2 a Bellagio in provincia di Como, Zygmunt Nagorski, uno dei sei direttori del Council on Foreign Relations. Da Roma andarono subito a trovarlo alcuni dirigenti del partito. Segre invit\u00f2 Nagorski a visitare la scuola del PCI a Como. Nagorski pronunci\u00f2 parole di elogio, poi part\u00ec.<\/em> &#8220;Ci vediamo a Nuova York&#8221;<em>, pare avesse detto a Segre<\/em>&#8221; (2).<\/p>\n<p style=\"text-align: justify;\">All&#8217;incontro di luglio tra il prof. Zygmunt Nagorski e l&#8217;on. Sergio Segre, svoltosi nella Villa Serbelloni di Bellagio, sede italiana della Fondazione Rockefeller, aveva fatto seguito una dichiarazione sulla situazione politica italiana, contenente lusinghieri apprezzamenti sul PCI, che, rilasciata dallo stesso Nagorski al <em>New York Times<\/em>, era stata, per qualche settimana di agosto, al centro dei commenti della stampa europea.<\/p>\n<p style=\"text-align: justify;\">Intervistato da l&#8217;Europeo, Nagorski definiva i comunisti italiani &#8220;<em>socialdemocratici di tipo nordico, o laburisti sul modello britannico<\/em>&#8220;, auspicando la necessit\u00e0 di un dialogo tra il PCI e gli Stati Uniti. &#8220;<em>Sarebbe interessante <\/em>&#8211; concludeva &#8211; <em>che questa necessit\u00e0 fosse, riconosciuta ed espressa anche da altre forze &#8216; politiche italiane<\/em>&#8221; (3).<\/p>\n<p style=\"text-align: justify;\">&#8220;<em>Gli sviluppi della politica italiana <\/em>&#8211; dichiarava in una successiva intervista a Panorama &#8211; <em>sono troppo interessanti perch\u00e9 gli americani possano permettersi di ignorarli. Anche perch\u00e9 possono avere importanti riflessi internazionali: un&#8217;Italia, una Spagna influenzate dai comunisti, perfino una Francia retta un giorno da un fronte popolare, potrebbe stabilire nell&#8217;Europa occidentale una specie di terza forza politica ed economica sempre meno dipendente dai due blocchi<\/em>&#8221; (4).<\/p>\n<p style=\"text-align: justify;\">Il peso di questo genere di dichiarazioni \u00e8 evidentemente proporzionale al peso pubblico di chi le rilascia. L&#8217;Europeo informa che il Council on Foreign Relations, l&#8217;istituzione di cui Nagorski \u00e8 portavoce, pu\u00f2 essere considerata &#8220;<em>la pi\u00f9 prestigiosa istituzione americana di studi di politica estera<\/em>&#8221; e Nagorski &#8220;<em>un personaggio pubblico in piena funzione<\/em>&#8220;, &#8220;<em>D&#8217;accordo <\/em>&#8211; aggiunge l&#8217;articolista &#8211; <em>il Counc\u00edl non \u00e8 il governo americano ma \u00e8 arcinoto che le sue impressioni, i suoi sondaggi, le sue esplorazioni esercitano una influenza straordinaria nel processo di decisione della politica estera americana<\/em>&#8221; (5).<\/p>\n<p style=\"text-align: justify;\">Il corrispondente da New York del Messaggero assicura che l&#8217;istituto &#8220;<em>esercita una influenza determinante stilla formulazione delle direttive a lunga scadenza della politica estera del paese&#8230; <\/em>&#8221; (6); il Corriere della Sera definisce il CFR &#8220;<em>il pi\u00f9 grande laboratorio di idee di cui dispongano gli Stati Uniti, in materia di problemi internazionali<\/em>&#8221; (7); il CFR \u00e8 analogamente per Panorama &#8220;<em>la pi\u00f9 efficiente Think Thank, laboratorio delle idee, di cui dispongano il governo, l&#8217;industria e l&#8217;alta finanza degli Stati Uniti e, insieme, il foro prescelto dei leaders politici di tutto il inondo, da Willy Brandt a Indira Gandhi (nel 1959 ci and\u00f2 anche Kruscev), per dibattere con gli americani delicati problemi nella discrezione pi\u00f9 assoluta, a porte chiuse<\/em>&#8221; (8).<\/p>\n<p style=\"text-align: justify;\">A questo punto vale la pena, mi sembra, di chiedersi che cosa sia il CFR, questa misteriosa istituzione che, operando &#8220;<em>nella discrezione pi\u00f9 assoluta, a porte chiuse<\/em>&#8220;, esercita &#8220;<em>una influenza straordinaria nel processo di decisione della politica estera americana<\/em>&#8220;; fino a che punto sia interessata alla politica interna del nostro paese, e sia in grado di influire su di essa; che cosa sia FIAI, l&#8217;istituto che in Italia gli assicura appoggio e collaborazione.<\/p>\n<p style=\"text-align: justify;\">In un articolo del noto <em>columnnist <\/em>progressista americano Joseph Kraft, membro del CFR, apparso nel 1958 sulla rivista <em>Harper&#8217;s Magazine <\/em>con il significativo titolo di <em>School for statesmen<\/em>, viene offerta una rara panoramica su &#8220;<em>the best club in New York<\/em>&#8220;, di cui &#8220;<em>la maggior parte degli americani non ha mai sentito parlare<\/em>&#8221; (9).<\/p>\n<p style=\"text-align: justify;\">La nascita ufficiale del CFR, ricorda Kraft, va fatta risalire a una serie di incontri svoltisi durante la conferenza di Parigi del 1919 tra un ristretto gruppo di membri delle delegazioni inglese e americana al fine di creare le basi di una svolta in chiave progressista della politica estera dei rispettivi paesi.<\/p>\n<p style=\"text-align: justify;\">Nel 1921 furono cos\u00ec creati il <em>Royal Institute for International Affairs <\/em>in Inghilterra e il <em>Council on Foreign Relations<\/em>, branca americana di questo. I finanziamenti necessari furono assicurati dalle fondazioni Ford, Carnegie, Rockefeller. Fu un dono di quest&#8217;ultima l&#8217;attuale sede del CFR, The Harold Pratt House, 58 East 68th Street in New York, di fronte all&#8217;ambasciata sovietica. I legami tra il mondo dell&#8217;alta finanza americana (rappresentata soprattutto dai Morgan e dai Rockefeller) e certi ambienti di intellettuali progressisti (Kraft ricorda il nome di Walter Lippman) si intrecciarono del resto immediatamente.<\/p>\n<p style=\"text-align: justify;\">Negli anni tra le due guerre, ma soprattutto con l&#8217;amministrazione Roosevelt, il CFR accrebbe gradatamente la sua influenza. Alla conferenza di San Francisco, nel 1945, pi\u00f9 di 40 membri della delegazione americana (tra cui John Foster Dulles, Adlai Stevenson, Nelson Rockefeller, John Mc Cloy, Dean Acheson etc.) ne erano membri. Determinante l&#8217;apporto dell&#8217;istituzione alle conferenze di Teheran, Postdam, Yalta e nella nascita e organizzazione dell&#8217;ONU.<\/p>\n<p style=\"text-align: justify;\">L&#8217;articolo di Kraft si arresta al 1958 (segnalando una giovane promessa del CFR: Henry Kissinger), ma le sue conclusioni confermano quanto gi\u00e0 sapevamo: &#8220;E&#8217; innegabile che il Council, agendo come un corpo politico organizzato, ha influenzato la politica americana con effetti di ampia portata sul cittadino medio [&#8230;] Le sue operazioni sono lontane dal controllo pubblico e di fatto refrattarie ad ogni esame dettagliato. Cos\u00ec, almeno in teoria, il Council si avvicina ad essere un organo di quel che C. Wright Mills ha chiamato l&#8217;\u00e9lite al potere &#8211; un pugno di uomini, simili per interessi e prospettive, che manovrano gli avvenimenti da posizioni invulnerabili dietro le quinte&#8221; (10).<\/p>\n<p style=\"text-align: justify;\">Da quando Kraft scriveva queste righe, sono passati diversi anni, ma il CFR continua, a quanto pare, a essere &#8220;<em>the best club in New York<\/em>&#8221; e a costituire il cuore e il presidio del cosiddetto <em>Establishment <\/em>americano, l&#8217;\u00e9lite supercapitalista che ha i suoi pilastri nelle dinastie dell&#8217;alta finanza internazionale (i Rockefeller, i Lazard, i Rotsch\u00edld), nelle Universit\u00e0 di Harvard e di Yale, nelle colonne del <em>New York Times <\/em>e del <em>Washington Post<\/em>.<\/p>\n<p style=\"text-align: justify;\">Il suo presidente \u00e8 oggi David Rockefeller, presidente della Chase Manhattan Bank, e tra i 1500 membri sono annoverati i nomi pi\u00f9 noti del mondo politico, economico e accademico degli Stati Uniti. Democratici come lo storico Arthur Schlesinger, l&#8217;economista John Kenneth Galbraith, il politologo Theodore Sorensen; repubblicani come il vicepresidente Nelson Rockefeller, il presidente della Banca Federale Arthur Burns, il direttore del Policy Planning Staff del dipartimento di Stato Zbigniew Brzezinski.<\/p>\n<p style=\"text-align: center;\">* \u00a0* \u00a0*<\/p>\n<p style=\"text-align: justify;\">Se \u00e8 vero che tutte le iniziative del CFR vanno considerate in una luce realmente pubblica, resta da chiedersi quale sia il senso dell&#8217;incontro tra Nagorski e Segre e del progettato viaggio di quest&#8217;ultimo a New York.<\/p>\n<p style=\"text-align: justify;\">L&#8217;Europeo ammette senza difficolt\u00e0 che il viaggio della delegazione italiana a New York avrebbe avuto &#8220;<em>lo stesso significato di consultazione decisiva dell&#8217;intervento di Arthur Schlesinger jr. negli anni sessanta, al convegno del Mulino a Bologna, allorch\u00e9 l&#8217;eminente giovane storico amico di John Kennedy si fece convincere dagli amici italiani che si doveva dar via libera all&#8217;esperimento di centro-sinistra<\/em>&#8221; (11).<\/p>\n<p style=\"text-align: justify;\">Sorge spontanea a questo punto un&#8217;inquietante domanda: come \u00e8 nato il centro-sinistra? La rivista <em>Tempo <\/em>conferma che &#8220;<em>la miccia che fece deflagrare la barriera antisocialista<\/em>&#8221; fu &#8220;<em>un piccolo avvenimento<\/em>&#8220;: l&#8217;incontro a Bologna, nel 1961, in occasione del convegno de <em>Il Mulino<\/em> su <em>La politica estera degli Stati Uniti e le responsabilit\u00e0 dell&#8217;Europa<\/em>, tra Arthur Schlesinger Jr., membro del CFR, e consigliere di Kennedy, e il dott. Fabio Luca Cavazza, uno dei fondatori de <em>Il Mulino<\/em>, strettamente legato alla Fondazione Agnelli. &#8220;<em>Cavazza convinse Schlesinger che il centrosinistra era l&#8217;unica strada per recuperare i socialisti nell&#8217;area democratica. E Schlesinger convinse Kennedy che diede il <\/em>&#8220;via libera&#8221;&#8221; (12). .<\/p>\n<p style=\"text-align: justify;\">L&#8217;incontro \u00e8 ricordato dallo stesso Schlesinger nel suo volume <em>I mille giorni di John F. Kennedy alla Casa Bianca <\/em>(13). Schlesinger ricorda ancora come dovette condurre &#8220;<em>una battaglia senza fine<\/em>&#8221; per imporre l&#8217;apertura a sinistra agli esperti della sezione italiana del dipartimento di Stato &#8220;<em>convinti che i socialisti nenniani non erano anticomunisti e che il loro successo avrebbe rafforzato l&#8217;antiatlantismo in Italia<\/em>&#8221; (14).<\/p>\n<p style=\"text-align: justify;\">Si tratt\u00f2 di una battaglia a lieto fine. &#8220;<em>Con la nomina di Averell Harriman a sottosegretario per gli Affari politici, nella primavera del 1963, il problema trov\u00f2 finalmente una soluzione: con la sua profonda conoscenza delle cose italiane e con le sue capacit\u00e0 direttive, Harriman ebbe la meglio sulla burocrazia. Allorch\u00e9, nel dicembre 1963, Nenni e il suo partito entrarono a far parte del governo italiano, anche il dipartimento di Stato era finalmente d&#8217;accordo<\/em>&#8221; (15).<\/p>\n<p style=\"text-align: center;\"><strong>* \u00a0* \u00a0*<\/strong><\/p>\n<p style=\"text-align: justify;\">Inutile sottolineare come Averell Harriman fosse una figura di primo piano del CFR; gli Schlesinger difendevano ieri l&#8217;anticomunismo dei socialisti come oggi i Nagorski difendono il laburismo dei comunisti; il dipartimento di Stato oggi, come ieri, fa qualche difficolt\u00e0, di forma pi\u00f9 che di sostanza; la battaglia potr\u00e0 essere lunga, ma &#8220;<em>il problema<\/em>&#8221; trover\u00e0 anche questa volta &#8220;<em>una soluzione<\/em>&#8220;. L&#8217;incontro con Segre, afferma perentorio <em>Il Messaggero<\/em>, si far\u00e0. &#8220;<em>Non alla data prevista (24-26 ottobre) e, se sar\u00e0 inevitabile, nemmeno nella sede prevista, New York. Ma si far\u00e0. I due istituti promotori sembrano decisi a superare tutte le difficolt\u00e0<\/em>&#8221; (16).<\/p>\n<p style=\"text-align: center;\"><strong>* \u00a0* \u00a0*<\/strong><\/p>\n<p style=\"text-align: justify;\">Resta da dire qualcosa, a questo punto, del secondo istituto promotore, il nostro IAI, canale privilegiato per questa nuova apertura. &#8220;<em>Si tratta <\/em>&#8211; secondo <em>Panorama <\/em>&#8211; <em>di un organismo privato di studio e ricerca, fondato a Roma nel 1966 che si regge quasi unicamente sui contributi delle associazioni degli industriali, di alcune grosse aziende petrolifere (Esso, Eni, BP) e di qualche banca<\/em>&#8221; (17).<\/p>\n<p style=\"text-align: justify;\">Panorama dimentica che l&#8217;IAI fu fondato da Altiero Spinelli grazie al cospicuo finanziamento di una fondazione americana e in Italia ha oggi i suoi appoggi pi\u00f9 rilevanti nella Fondazione Agnelli e nella casa editrice <em>Il Mulino<\/em>, che ne pubblica la rivista <em>Lo spettatore internazionale<\/em>.<\/p>\n<p style=\"text-align: justify;\">Direttore, dal 1970, \u00e8 Cesare Merlini, un ingegnere industriale di Torino; vicedirettore Stefano Silvestri, scelto &#8211; notiamo per inciso &#8211; da <em>Newsweek<\/em>, rivista dell&#8217;<em>Establishment <\/em>americano, come il pi\u00f9 autorevole commentatore italiano, assieme all&#8217;on. Sergio Segre, della recente conferenza di Helsinki (18).<\/p>\n<p style=\"text-align: justify;\">La figura di maggiore rilievo dello IAI resta comunque Altiero Spinelli, oggi commissario per la tecnologia e l&#8217;industria alla CEE. E&#8217; noto come Spinelli (cognato di un alto dirigente della Chase Manhattan Bank, la banca dei Rockefeller) abbia apertamente sostenuto in sede comunitaria la necessit\u00e0 di un&#8217;apertura al PCI e come abbia offerto la sua mediazione per gli incontri svoltisi a Bruxelles tra l&#8217;avvocato Gianni Agnelli e gli onorevoli Sergio Segre e Giorgio Amendola del PCI (19).<\/p>\n<p style=\"text-align: justify;\">Queste manovre di avvicinamento del supercapitalismo internazionale alla setta comunista non devono meravigliarci. Sappiamo che il supercapitalismo, nel suo folle sogno di costruzione di una Repubblica Universale in cui ogni aspetto della realt\u00e0 sociale sia controllato da pochi operatori economici illuminati, vede il suo reale avversario nella propriet\u00e0 privata e nella libera iniziativa, e non gi\u00e0 nel socialismo di Stato comunista.<\/p>\n<p style=\"text-align: justify;\">Sappiamo d&#8217;altra parte che anche il comunismo vede il suo nemico mortale nella propriet\u00e0 privata e nella libera iniziativa, e non gi\u00e0 nel capitalismo monopolista, cercando di far dimenticare che &#8220;<em>proprio questo capitalismo lo favorisce e che vuole ereditarlo, chiamando <\/em>&#8220;di Stato&#8221; <em>quello che prima \u00e8 monopolio di pochi, senza chiarire che lo Stato sar\u00e0 di nuovo di <\/em>&#8220;pochi&#8221; <em>travestiti da <\/em>&#8220;tutti&#8221;&#8221; (20).<\/p>\n<p style=\"text-align: justify;\">Ma, applicandoci a studiare l&#8217;analogia dei fini, non dimentichiamo di considerare l&#8217;analogia dei mezzi: come i settari comunisti, anche i supercapitalisti, che all&#8217;interno della dinamica rivoluzionaria potrebbero essere identificati con i rivoluzionari di velocit\u00e0 lenta di cui parla Plinio Corr\u00eaa de Oliveira, non solo esistono e agiscono, ma si organizzano e cospirano. Solo in questa prospettiva potremo comprendere l'&#8221;<em>influenza straordinaria<\/em>&#8221; che &#8220;<em>nella discrezione pi\u00f9 assoluta, a porte chiuse<\/em>&#8221; esercitano &#8220;<em>laboratori di idee<\/em>&#8221; e &#8220;<em>prestigiose istituzioni<\/em>&#8221; come quelle di cui ci siamo interessati.<\/p>\n<p style=\"text-align: justify;\"><strong>Note<\/strong><\/p>\n<p style=\"text-align: justify;\"><strong>1)<\/strong> IAI, <em>Informazioni per la stampa<\/em>, Roma, 11 ottobre 1975. &#8220;<em>Per l&#8217;incontro in questione &#8211; comunica ancora FIAI &#8211; erano stati invitati a far parte della delegazione italiana: l&#8217;Avv. Gianni Agnelli, Presidente della Confindustria, il Dr. Aldo Bonaccini della CGIL, l&#8217;On. Antonio Giolitti del PSI, il Sottosegretario agli esteri On. Luigi Granelli della DC, l&#8217;Onorevole Giorgio La Malfa del PRI, il Dr. Arrigo Levi, Direttore de &#8220;<\/em>La Stampa<em>&#8220;, il Prof. Cesare Merlini, Direttore dell&#8217;IAI, il Prof. Giuseppe Petrilli, Presidente dell&#8217;IRI, l&#8217;On. Carlo Russo della DC, l&#8217;On. Sergio Segre del PCI, il Dr. Stefano Silvestri dell&#8217;IAI, il Dr. Bruno Storti, Segretario Genetale della CISL, il Dr. Michele Tito, Vicedirettore del &#8220;<\/em>Corriere della Sera<em>&#8221; e l&#8217;On. Paolo Vittorelli del PSI<\/em>&#8220;.<\/p>\n<div align=\"center\">\n<div>\n<div align=\"justify\">\n<div><strong>2)<\/strong> <em>Tempo<\/em>, 17-10-1975.<\/div>\n<div><strong>3)<\/strong> <em>L&#8217;Europeo<\/em>, 11-7-1975.<\/div>\n<div><strong>4)<\/strong> <em>Panorama<\/em>, 21-8-1975.<\/div>\n<div><strong>5)<\/strong> <em>L&#8217;Europeo<\/em>, 5-9-1975.<\/div>\n<div><strong>6)<\/strong> <em>Il Messaggero<\/em>, 4-10-1975.<\/div>\n<div><strong>7)<\/strong> <em>Corriere della Sera<\/em>, 2-10-1975.<\/div>\n<div><strong>8)<\/strong> <em>Panorama<\/em>, 21-8-1975.<\/div>\n<div><strong>9)<\/strong> JOSEPH KRAFT. <em>School for Statesmen<\/em>, in <em>Harper&#8217;s Magazine<\/em>, luglio 1958. Varr\u00e0 la pena di soffermarsi successivamente su quelle che furono le origini non ufficiali, ma reali, del CFR, attingendo al recente prezioso volume del prof. Carrol Quigley, <em>Tragedy and hope, A history of the world on our time<\/em>, The Mac-Millan Company, New York Collier Mac-Millan limited, Londra 1966.<\/div>\n<div><strong>10)<\/strong> JOSEPH KRAFT, <em>School for Statesmen<\/em>, cit., p. 68.<\/div>\n<div><strong>11)<\/strong> <em>L&#8217;Europeo<\/em>, 5-9-1975.<\/div>\n<div><strong>12)<\/strong> <em>Tempo<\/em>, 7-8~1975.<\/div>\n<div><strong>13)<\/strong> ARTHUR M. SCHLESINGER, Jr., <em>A Thousand Days. John F. Kennedy in the White House<\/em>, Houghton Mifflin Company, Boston. The Riverside Press, Cambridge, 1965, tr. it. Rizzoli, Milano 1966.<\/div>\n<div><strong>14)<\/strong> Ibidem, p. 873.<\/div>\n<div><strong>15)<\/strong> Ibidem, p. 875.<\/div>\n<div><strong>16)<\/strong> <em>Il Messaggero<\/em>, 5-10-1975. Apprendiamo dai giornali che una delegazione parlamentare italiana, comprendente tra gli altri il sen. Franco Calarnandrei. e l&#8217;on. Sergio Segre del PCI, visiter\u00e0 Washington e altri centri americani, a partire dal 2 novembre.<\/div>\n<div><strong>17)<\/strong> <em>Panorama<\/em>, 6-11-1975.<\/div>\n<div><strong>18)<\/strong> <em>Newsweek<\/em>, 11-8-1975.<\/div>\n<div><strong>19)<\/strong> Cfr. ALTIERO SPINELLI, <em>L&#8217;Europa far\u00e0 un prestito all&#8217;Italia: ma a quale Italia?<\/em>, in <em>l&#8217;Espresso<\/em>, 1-9-1974, pp. 6-7. Spinelli capeggi\u00f2 una delegazione dell&#8217;IAI che incontr\u00f2 nel 1971 a Mosca un&#8217;analoga delegazione dell&#8217;Istituto di economia mondiale e relazioni internazionali (IEMRI) sovietico. La commissione italiana era composta da Altiero Spinelli, Cesare Merlini, Stefano Silvestri, Paolo Calzini, Barbara Spinelli dell&#8217;IAI; dai deputati Silvio Leonardi del PCI, Luigi Granelli della DC, Luciano De Pascalis del PSI, Vittorio Orilla indipendente di sinistra; dai giornalisti Arrigo Levi della <em>Stampa <\/em>e Alfonso Sterpellone de <em>Il Messaggero<\/em>; da Luigi Vittorio Ferraris, funzionario del ministero degli esteri, Alberto Benzoni dell&#8217;IRI e Sergio Rossi della Fondazione Agnelli.<\/div>\n<div><strong>20)<\/strong> GIOVANNI CANTONI, <em>Piccola propriet\u00e0 e grande capitale<\/em>, in <em>Cristianit\u00e0<\/em>, Piacenza, novembre-dicembre 1974, anno II, n. 8.<\/div>\n<\/div>\n<\/div>\n<\/div>\n","protected":false},"excerpt":{"rendered":"<p>Articolo pubblicato sul n. 14 di Cristianit\u00e0 del marzo-aprile 1975 Chi vuole i comunisti al governo di Roberto De Mattei<\/p><p><a class=\"more-link btn\" href=\"https:\/\/www.rassegnastampa-totustuus.it\/cattolica\/i-padrini-dellitalia-rossa\/\">Continua a leggere<\/a><\/p>\n","protected":false},"author":6,"featured_media":35146,"comment_status":"closed","ping_status":"open","sticky":false,"template":"","format":"standard","meta":{"footnotes":""},"categories":[82,20],"tags":[424,297],"class_list":["post-1074","post","type-post","status-publish","format-standard","has-post-thumbnail","hentry","category-comunismo-in-italia","category-politica-nazionale","tag-comunismo-in-italia-2","tag-politica-nazionale-2","item-wrap"],"yoast_head":"<!-- This site is optimized with the Yoast SEO plugin v27.5 - https:\/\/yoast.com\/product\/yoast-seo-wordpress\/ -->\n<title>I padrini dell&#039;Italia rossa - Rassegna Stampa Cattolica<\/title>\n<meta name=\"description\" content=\"Rassegna Stampa Cattolica - Per una cultura che nasce dalla Rivelazione cristiana in conformit\u00e0 alla tradizione e al Magistero della Chiesa in opposizione ad ogni relativismo e totalitarismo\" \/>\n<meta name=\"robots\" content=\"index, follow, max-snippet:-1, max-image-preview:large, max-video-preview:-1\" \/>\n<link rel=\"canonical\" href=\"https:\/\/www.rassegnastampa-totustuus.it\/cattolica\/i-padrini-dellitalia-rossa\/\" \/>\n<meta property=\"og:locale\" content=\"it_IT\" \/>\n<meta property=\"og:type\" content=\"article\" \/>\n<meta property=\"og:title\" content=\"I padrini dell&#039;Italia rossa - Rassegna Stampa Cattolica\" \/>\n<meta property=\"og:description\" content=\"Rassegna Stampa Cattolica - Per una cultura che nasce dalla Rivelazione cristiana in conformit\u00e0 alla tradizione e al Magistero della Chiesa in opposizione ad ogni relativismo e totalitarismo\" \/>\n<meta property=\"og:url\" content=\"https:\/\/www.rassegnastampa-totustuus.it\/cattolica\/i-padrini-dellitalia-rossa\/\" \/>\n<meta property=\"og:site_name\" content=\"Rassegna Stampa Cattolica\" \/>\n<meta property=\"article:publisher\" content=\"https:\/\/www.facebook.com\/rassegnastampacattolica\" \/>\n<meta property=\"article:published_time\" content=\"2005-07-21T13:35:56+00:00\" \/>\n<meta property=\"article:modified_time\" content=\"2016-06-20T10:20:07+00:00\" \/>\n<meta property=\"og:image\" content=\"https:\/\/www.rassegnastampa-totustuus.it\/cattolica\/wp-content\/uploads\/2005\/07\/CFR_Usa.jpg\" \/>\n\t<meta property=\"og:image:width\" content=\"285\" \/>\n\t<meta property=\"og:image:height\" content=\"177\" \/>\n\t<meta property=\"og:image:type\" content=\"image\/jpeg\" \/>\n<meta name=\"author\" content=\"Redazione\" \/>\n<meta name=\"twitter:card\" content=\"summary_large_image\" \/>\n<meta name=\"twitter:creator\" content=\"@rassegnastampa9\" \/>\n<meta name=\"twitter:site\" content=\"@rassegnastampa9\" \/>\n<meta name=\"twitter:label1\" content=\"Scritto da\" \/>\n\t<meta name=\"twitter:data1\" content=\"Redazione\" \/>\n\t<meta name=\"twitter:label2\" content=\"Tempo di lettura stimato\" \/>\n\t<meta name=\"twitter:data2\" content=\"12 minuti\" \/>\n<script type=\"application\/ld+json\" class=\"yoast-schema-graph\">{\"@context\":\"https:\\\/\\\/schema.org\",\"@graph\":[{\"@type\":\"Article\",\"@id\":\"https:\\\/\\\/www.rassegnastampa-totustuus.it\\\/cattolica\\\/i-padrini-dellitalia-rossa\\\/#article\",\"isPartOf\":{\"@id\":\"https:\\\/\\\/www.rassegnastampa-totustuus.it\\\/cattolica\\\/i-padrini-dellitalia-rossa\\\/\"},\"author\":{\"name\":\"Redazione\",\"@id\":\"https:\\\/\\\/www.rassegnastampa-totustuus.it\\\/cattolica\\\/#\\\/schema\\\/person\\\/08f319d2bd1a0904ad9e2bfb7b15e5c3\"},\"headline\":\"I padrini dell&#8217;Italia rossa\",\"datePublished\":\"2005-07-21T13:35:56+00:00\",\"dateModified\":\"2016-06-20T10:20:07+00:00\",\"mainEntityOfPage\":{\"@id\":\"https:\\\/\\\/www.rassegnastampa-totustuus.it\\\/cattolica\\\/i-padrini-dellitalia-rossa\\\/\"},\"wordCount\":2495,\"publisher\":{\"@id\":\"https:\\\/\\\/www.rassegnastampa-totustuus.it\\\/cattolica\\\/#organization\"},\"image\":{\"@id\":\"https:\\\/\\\/www.rassegnastampa-totustuus.it\\\/cattolica\\\/i-padrini-dellitalia-rossa\\\/#primaryimage\"},\"thumbnailUrl\":\"https:\\\/\\\/www.rassegnastampa-totustuus.it\\\/cattolica\\\/wp-content\\\/uploads\\\/2005\\\/07\\\/CFR_Usa.jpg\",\"keywords\":[\"comunismo in Italia\",\"politica nazionale\"],\"articleSection\":[\"Comunismo in Italia\",\"Politica nazionale\"],\"inLanguage\":\"it-IT\"},{\"@type\":\"WebPage\",\"@id\":\"https:\\\/\\\/www.rassegnastampa-totustuus.it\\\/cattolica\\\/i-padrini-dellitalia-rossa\\\/\",\"url\":\"https:\\\/\\\/www.rassegnastampa-totustuus.it\\\/cattolica\\\/i-padrini-dellitalia-rossa\\\/\",\"name\":\"I padrini dell'Italia rossa - Rassegna Stampa Cattolica\",\"isPartOf\":{\"@id\":\"https:\\\/\\\/www.rassegnastampa-totustuus.it\\\/cattolica\\\/#website\"},\"primaryImageOfPage\":{\"@id\":\"https:\\\/\\\/www.rassegnastampa-totustuus.it\\\/cattolica\\\/i-padrini-dellitalia-rossa\\\/#primaryimage\"},\"image\":{\"@id\":\"https:\\\/\\\/www.rassegnastampa-totustuus.it\\\/cattolica\\\/i-padrini-dellitalia-rossa\\\/#primaryimage\"},\"thumbnailUrl\":\"https:\\\/\\\/www.rassegnastampa-totustuus.it\\\/cattolica\\\/wp-content\\\/uploads\\\/2005\\\/07\\\/CFR_Usa.jpg\",\"datePublished\":\"2005-07-21T13:35:56+00:00\",\"dateModified\":\"2016-06-20T10:20:07+00:00\",\"description\":\"Rassegna Stampa Cattolica - Per una cultura che nasce dalla Rivelazione cristiana in conformit\u00e0 alla tradizione e al Magistero della Chiesa in opposizione ad ogni relativismo e totalitarismo\",\"breadcrumb\":{\"@id\":\"https:\\\/\\\/www.rassegnastampa-totustuus.it\\\/cattolica\\\/i-padrini-dellitalia-rossa\\\/#breadcrumb\"},\"inLanguage\":\"it-IT\",\"potentialAction\":[{\"@type\":\"ReadAction\",\"target\":[\"https:\\\/\\\/www.rassegnastampa-totustuus.it\\\/cattolica\\\/i-padrini-dellitalia-rossa\\\/\"]}]},{\"@type\":\"ImageObject\",\"inLanguage\":\"it-IT\",\"@id\":\"https:\\\/\\\/www.rassegnastampa-totustuus.it\\\/cattolica\\\/i-padrini-dellitalia-rossa\\\/#primaryimage\",\"url\":\"https:\\\/\\\/www.rassegnastampa-totustuus.it\\\/cattolica\\\/wp-content\\\/uploads\\\/2005\\\/07\\\/CFR_Usa.jpg\",\"contentUrl\":\"https:\\\/\\\/www.rassegnastampa-totustuus.it\\\/cattolica\\\/wp-content\\\/uploads\\\/2005\\\/07\\\/CFR_Usa.jpg\",\"width\":285,\"height\":177},{\"@type\":\"BreadcrumbList\",\"@id\":\"https:\\\/\\\/www.rassegnastampa-totustuus.it\\\/cattolica\\\/i-padrini-dellitalia-rossa\\\/#breadcrumb\",\"itemListElement\":[{\"@type\":\"ListItem\",\"position\":1,\"name\":\"Home\",\"item\":\"https:\\\/\\\/www.rassegnastampa-totustuus.it\\\/cattolica\\\/\"},{\"@type\":\"ListItem\",\"position\":2,\"name\":\"I padrini dell&#8217;Italia rossa\"}]},{\"@type\":\"WebSite\",\"@id\":\"https:\\\/\\\/www.rassegnastampa-totustuus.it\\\/cattolica\\\/#website\",\"url\":\"https:\\\/\\\/www.rassegnastampa-totustuus.it\\\/cattolica\\\/\",\"name\":\"Rassegna Stampa Cattolica\",\"description\":\"Per una cultura che nasce dalla Rivelazione cristiana in conformit\u00e0 alla tradizione e al Magistero della Chiesa in opposizione ad ogni relativismo e totalitarismo\",\"publisher\":{\"@id\":\"https:\\\/\\\/www.rassegnastampa-totustuus.it\\\/cattolica\\\/#organization\"},\"alternateName\":\"Rass. Cattolica\",\"potentialAction\":[{\"@type\":\"SearchAction\",\"target\":{\"@type\":\"EntryPoint\",\"urlTemplate\":\"https:\\\/\\\/www.rassegnastampa-totustuus.it\\\/cattolica\\\/?s={search_term_string}\"},\"query-input\":{\"@type\":\"PropertyValueSpecification\",\"valueRequired\":true,\"valueName\":\"search_term_string\"}}],\"inLanguage\":\"it-IT\"},{\"@type\":\"Organization\",\"@id\":\"https:\\\/\\\/www.rassegnastampa-totustuus.it\\\/cattolica\\\/#organization\",\"name\":\"Rassegna Stampa Cattolica\",\"url\":\"https:\\\/\\\/www.rassegnastampa-totustuus.it\\\/cattolica\\\/\",\"logo\":{\"@type\":\"ImageObject\",\"inLanguage\":\"it-IT\",\"@id\":\"https:\\\/\\\/www.rassegnastampa-totustuus.it\\\/cattolica\\\/#\\\/schema\\\/logo\\\/image\\\/\",\"url\":\"https:\\\/\\\/www.rassegnastampa-totustuus.it\\\/cattolica\\\/wp-content\\\/uploads\\\/2014\\\/04\\\/logo-rassegna1.gif\",\"contentUrl\":\"https:\\\/\\\/www.rassegnastampa-totustuus.it\\\/cattolica\\\/wp-content\\\/uploads\\\/2014\\\/04\\\/logo-rassegna1.gif\",\"width\":600,\"height\":163,\"caption\":\"Rassegna Stampa Cattolica\"},\"image\":{\"@id\":\"https:\\\/\\\/www.rassegnastampa-totustuus.it\\\/cattolica\\\/#\\\/schema\\\/logo\\\/image\\\/\"},\"sameAs\":[\"https:\\\/\\\/www.facebook.com\\\/rassegnastampacattolica\",\"https:\\\/\\\/x.com\\\/rassegnastampa9\"]},{\"@type\":\"Person\",\"@id\":\"https:\\\/\\\/www.rassegnastampa-totustuus.it\\\/cattolica\\\/#\\\/schema\\\/person\\\/08f319d2bd1a0904ad9e2bfb7b15e5c3\",\"name\":\"Redazione\",\"image\":{\"@type\":\"ImageObject\",\"inLanguage\":\"it-IT\",\"@id\":\"https:\\\/\\\/secure.gravatar.com\\\/avatar\\\/2fcdf27c78ea025fbdb44e914cc63c72249ffec9dc8aafd5c82b26240ef3f346?s=96&d=mm&r=g\",\"url\":\"https:\\\/\\\/secure.gravatar.com\\\/avatar\\\/2fcdf27c78ea025fbdb44e914cc63c72249ffec9dc8aafd5c82b26240ef3f346?s=96&d=mm&r=g\",\"contentUrl\":\"https:\\\/\\\/secure.gravatar.com\\\/avatar\\\/2fcdf27c78ea025fbdb44e914cc63c72249ffec9dc8aafd5c82b26240ef3f346?s=96&d=mm&r=g\",\"caption\":\"Redazione\"},\"url\":\"https:\\\/\\\/www.rassegnastampa-totustuus.it\\\/cattolica\\\/author\\\/pietroelle\\\/\"}]}<\/script>\n<!-- \/ Yoast SEO plugin. -->","yoast_head_json":{"title":"I padrini dell'Italia rossa - Rassegna Stampa Cattolica","description":"Rassegna Stampa Cattolica - Per una cultura che nasce dalla Rivelazione cristiana in conformit\u00e0 alla tradizione e al Magistero della Chiesa in opposizione ad ogni relativismo e totalitarismo","robots":{"index":"index","follow":"follow","max-snippet":"max-snippet:-1","max-image-preview":"max-image-preview:large","max-video-preview":"max-video-preview:-1"},"canonical":"https:\/\/www.rassegnastampa-totustuus.it\/cattolica\/i-padrini-dellitalia-rossa\/","og_locale":"it_IT","og_type":"article","og_title":"I padrini dell'Italia rossa - Rassegna Stampa Cattolica","og_description":"Rassegna Stampa Cattolica - Per una cultura che nasce dalla Rivelazione cristiana in conformit\u00e0 alla tradizione e al Magistero della Chiesa in opposizione ad ogni relativismo e totalitarismo","og_url":"https:\/\/www.rassegnastampa-totustuus.it\/cattolica\/i-padrini-dellitalia-rossa\/","og_site_name":"Rassegna Stampa Cattolica","article_publisher":"https:\/\/www.facebook.com\/rassegnastampacattolica","article_published_time":"2005-07-21T13:35:56+00:00","article_modified_time":"2016-06-20T10:20:07+00:00","og_image":[{"width":285,"height":177,"url":"https:\/\/www.rassegnastampa-totustuus.it\/cattolica\/wp-content\/uploads\/2005\/07\/CFR_Usa.jpg","type":"image\/jpeg"}],"author":"Redazione","twitter_card":"summary_large_image","twitter_creator":"@rassegnastampa9","twitter_site":"@rassegnastampa9","twitter_misc":{"Scritto da":"Redazione","Tempo di lettura stimato":"12 minuti"},"schema":{"@context":"https:\/\/schema.org","@graph":[{"@type":"Article","@id":"https:\/\/www.rassegnastampa-totustuus.it\/cattolica\/i-padrini-dellitalia-rossa\/#article","isPartOf":{"@id":"https:\/\/www.rassegnastampa-totustuus.it\/cattolica\/i-padrini-dellitalia-rossa\/"},"author":{"name":"Redazione","@id":"https:\/\/www.rassegnastampa-totustuus.it\/cattolica\/#\/schema\/person\/08f319d2bd1a0904ad9e2bfb7b15e5c3"},"headline":"I padrini dell&#8217;Italia rossa","datePublished":"2005-07-21T13:35:56+00:00","dateModified":"2016-06-20T10:20:07+00:00","mainEntityOfPage":{"@id":"https:\/\/www.rassegnastampa-totustuus.it\/cattolica\/i-padrini-dellitalia-rossa\/"},"wordCount":2495,"publisher":{"@id":"https:\/\/www.rassegnastampa-totustuus.it\/cattolica\/#organization"},"image":{"@id":"https:\/\/www.rassegnastampa-totustuus.it\/cattolica\/i-padrini-dellitalia-rossa\/#primaryimage"},"thumbnailUrl":"https:\/\/www.rassegnastampa-totustuus.it\/cattolica\/wp-content\/uploads\/2005\/07\/CFR_Usa.jpg","keywords":["comunismo in Italia","politica nazionale"],"articleSection":["Comunismo in Italia","Politica nazionale"],"inLanguage":"it-IT"},{"@type":"WebPage","@id":"https:\/\/www.rassegnastampa-totustuus.it\/cattolica\/i-padrini-dellitalia-rossa\/","url":"https:\/\/www.rassegnastampa-totustuus.it\/cattolica\/i-padrini-dellitalia-rossa\/","name":"I padrini dell'Italia rossa - Rassegna Stampa Cattolica","isPartOf":{"@id":"https:\/\/www.rassegnastampa-totustuus.it\/cattolica\/#website"},"primaryImageOfPage":{"@id":"https:\/\/www.rassegnastampa-totustuus.it\/cattolica\/i-padrini-dellitalia-rossa\/#primaryimage"},"image":{"@id":"https:\/\/www.rassegnastampa-totustuus.it\/cattolica\/i-padrini-dellitalia-rossa\/#primaryimage"},"thumbnailUrl":"https:\/\/www.rassegnastampa-totustuus.it\/cattolica\/wp-content\/uploads\/2005\/07\/CFR_Usa.jpg","datePublished":"2005-07-21T13:35:56+00:00","dateModified":"2016-06-20T10:20:07+00:00","description":"Rassegna Stampa Cattolica - Per una cultura che nasce dalla Rivelazione cristiana in conformit\u00e0 alla tradizione e al Magistero della Chiesa in opposizione ad ogni relativismo e totalitarismo","breadcrumb":{"@id":"https:\/\/www.rassegnastampa-totustuus.it\/cattolica\/i-padrini-dellitalia-rossa\/#breadcrumb"},"inLanguage":"it-IT","potentialAction":[{"@type":"ReadAction","target":["https:\/\/www.rassegnastampa-totustuus.it\/cattolica\/i-padrini-dellitalia-rossa\/"]}]},{"@type":"ImageObject","inLanguage":"it-IT","@id":"https:\/\/www.rassegnastampa-totustuus.it\/cattolica\/i-padrini-dellitalia-rossa\/#primaryimage","url":"https:\/\/www.rassegnastampa-totustuus.it\/cattolica\/wp-content\/uploads\/2005\/07\/CFR_Usa.jpg","contentUrl":"https:\/\/www.rassegnastampa-totustuus.it\/cattolica\/wp-content\/uploads\/2005\/07\/CFR_Usa.jpg","width":285,"height":177},{"@type":"BreadcrumbList","@id":"https:\/\/www.rassegnastampa-totustuus.it\/cattolica\/i-padrini-dellitalia-rossa\/#breadcrumb","itemListElement":[{"@type":"ListItem","position":1,"name":"Home","item":"https:\/\/www.rassegnastampa-totustuus.it\/cattolica\/"},{"@type":"ListItem","position":2,"name":"I padrini dell&#8217;Italia rossa"}]},{"@type":"WebSite","@id":"https:\/\/www.rassegnastampa-totustuus.it\/cattolica\/#website","url":"https:\/\/www.rassegnastampa-totustuus.it\/cattolica\/","name":"Rassegna Stampa Cattolica","description":"Per una cultura che nasce dalla Rivelazione cristiana in conformit\u00e0 alla tradizione e al Magistero della Chiesa in opposizione ad ogni relativismo e totalitarismo","publisher":{"@id":"https:\/\/www.rassegnastampa-totustuus.it\/cattolica\/#organization"},"alternateName":"Rass. Cattolica","potentialAction":[{"@type":"SearchAction","target":{"@type":"EntryPoint","urlTemplate":"https:\/\/www.rassegnastampa-totustuus.it\/cattolica\/?s={search_term_string}"},"query-input":{"@type":"PropertyValueSpecification","valueRequired":true,"valueName":"search_term_string"}}],"inLanguage":"it-IT"},{"@type":"Organization","@id":"https:\/\/www.rassegnastampa-totustuus.it\/cattolica\/#organization","name":"Rassegna Stampa Cattolica","url":"https:\/\/www.rassegnastampa-totustuus.it\/cattolica\/","logo":{"@type":"ImageObject","inLanguage":"it-IT","@id":"https:\/\/www.rassegnastampa-totustuus.it\/cattolica\/#\/schema\/logo\/image\/","url":"https:\/\/www.rassegnastampa-totustuus.it\/cattolica\/wp-content\/uploads\/2014\/04\/logo-rassegna1.gif","contentUrl":"https:\/\/www.rassegnastampa-totustuus.it\/cattolica\/wp-content\/uploads\/2014\/04\/logo-rassegna1.gif","width":600,"height":163,"caption":"Rassegna Stampa Cattolica"},"image":{"@id":"https:\/\/www.rassegnastampa-totustuus.it\/cattolica\/#\/schema\/logo\/image\/"},"sameAs":["https:\/\/www.facebook.com\/rassegnastampacattolica","https:\/\/x.com\/rassegnastampa9"]},{"@type":"Person","@id":"https:\/\/www.rassegnastampa-totustuus.it\/cattolica\/#\/schema\/person\/08f319d2bd1a0904ad9e2bfb7b15e5c3","name":"Redazione","image":{"@type":"ImageObject","inLanguage":"it-IT","@id":"https:\/\/secure.gravatar.com\/avatar\/2fcdf27c78ea025fbdb44e914cc63c72249ffec9dc8aafd5c82b26240ef3f346?s=96&d=mm&r=g","url":"https:\/\/secure.gravatar.com\/avatar\/2fcdf27c78ea025fbdb44e914cc63c72249ffec9dc8aafd5c82b26240ef3f346?s=96&d=mm&r=g","contentUrl":"https:\/\/secure.gravatar.com\/avatar\/2fcdf27c78ea025fbdb44e914cc63c72249ffec9dc8aafd5c82b26240ef3f346?s=96&d=mm&r=g","caption":"Redazione"},"url":"https:\/\/www.rassegnastampa-totustuus.it\/cattolica\/author\/pietroelle\/"}]}},"_links":{"self":[{"href":"https:\/\/www.rassegnastampa-totustuus.it\/cattolica\/wp-json\/wp\/v2\/posts\/1074","targetHints":{"allow":["GET"]}}],"collection":[{"href":"https:\/\/www.rassegnastampa-totustuus.it\/cattolica\/wp-json\/wp\/v2\/posts"}],"about":[{"href":"https:\/\/www.rassegnastampa-totustuus.it\/cattolica\/wp-json\/wp\/v2\/types\/post"}],"author":[{"embeddable":true,"href":"https:\/\/www.rassegnastampa-totustuus.it\/cattolica\/wp-json\/wp\/v2\/users\/6"}],"replies":[{"embeddable":true,"href":"https:\/\/www.rassegnastampa-totustuus.it\/cattolica\/wp-json\/wp\/v2\/comments?post=1074"}],"version-history":[{"count":4,"href":"https:\/\/www.rassegnastampa-totustuus.it\/cattolica\/wp-json\/wp\/v2\/posts\/1074\/revisions"}],"predecessor-version":[{"id":35147,"href":"https:\/\/www.rassegnastampa-totustuus.it\/cattolica\/wp-json\/wp\/v2\/posts\/1074\/revisions\/35147"}],"wp:featuredmedia":[{"embeddable":true,"href":"https:\/\/www.rassegnastampa-totustuus.it\/cattolica\/wp-json\/wp\/v2\/media\/35146"}],"wp:attachment":[{"href":"https:\/\/www.rassegnastampa-totustuus.it\/cattolica\/wp-json\/wp\/v2\/media?parent=1074"}],"wp:term":[{"taxonomy":"category","embeddable":true,"href":"https:\/\/www.rassegnastampa-totustuus.it\/cattolica\/wp-json\/wp\/v2\/categories?post=1074"},{"taxonomy":"post_tag","embeddable":true,"href":"https:\/\/www.rassegnastampa-totustuus.it\/cattolica\/wp-json\/wp\/v2\/tags?post=1074"}],"curies":[{"name":"wp","href":"https:\/\/api.w.org\/{rel}","templated":true}]}}