{"id":1071,"date":"2005-07-21T15:23:38","date_gmt":"2005-07-21T13:23:38","guid":{"rendered":""},"modified":"2014-11-04T16:05:24","modified_gmt":"2014-11-04T15:05:24","slug":"da-palmiro-a-nicodemo","status":"publish","type":"post","link":"https:\/\/www.rassegnastampa-totustuus.it\/cattolica\/da-palmiro-a-nicodemo\/","title":{"rendered":"Da Palmiro a Nicodemo"},"content":{"rendered":"<div style=\"text-align: center;\">pubblicato su <strong>Tempi,<\/strong> del 19 dicembre .2002, n. 51<\/div>\n<p style=\"text-align: justify;\"><em> Come pu\u00f2 un uomo nascere quand&#8217;\u00e8 vecchio? Agli amici rimasti nell&#8217;Ideologia, ai giovani in cerca di Ideale. Confessione di un togliattiano.<\/em><\/p>\n<p style=\"text-align: center;\">di <strong>Massimo Caprara<\/strong><\/p>\n<p><!--more--><\/p>\n<div style=\"text-align: justify;\">Esiste solo qualche parola, o forse nessuna, come la parola ideologia che abbia dominato, anzi oppresso, il nostro tempo: il secolo appena passato &#8220;delle idee assassine&#8221;. Di esse non vi parlo come uno storico di professione, perch\u00e9 tale non sono. Vi parlo della concretezza, del mio vissuto, vi reco una testimonianza che alimenta e nutre una riflessione critica. Non \u00e8 quindi la Storia, ma la mia storia: la storia di un ideale che degenera in ideologia, di come un ideale si trasforma, si corrompe, si separa dall&#8217;esperienza e diviene un sistema dogmatico, una corazza di false verit\u00e0 totalizzanti e assolute.<\/div>\n<p><strong>Ideologia, non succede mai niente di imprevisto <\/strong><\/p>\n<p style=\"text-align: justify;\">In questo senso, ideologia \u00e8 contrario della realt\u00e0, contrario del Vero, suo pregiudizio, sua contrapposizione, suo non pensare. Nell&#8217;ideologia ogni passaggio \u00e8 scontato. Essa \u00e8 incurante dell&#8217;evidenza, \u00e8 tempo senza tempo, incapacit\u00e0 di cercare il Vero, di riconoscerlo, di volerlo, di amarlo, ma capace solo di esecrarlo e negarlo.<\/p>\n<p style=\"text-align: justify;\">In uno dei maggiori suoi teorici, l&#8217;ideologia \u00e8 \u00abpotere di una classe organizzata per opprimerne un&#8217;altra\u00bb. Cos\u00ec Karl Marx nei Manoscritti economici &#8211; filosofici del 1844 e nell&#8217;Ideologia tedesca del 1846, descrive l&#8217;intrinseca violenza, prevedibile e prevista, che \u00e8 la sostanza dell&#8217;ideologia. Essa \u00e8 irreale, non perch\u00e9 non avvenga, ma perch\u00e9 replica se stessa, si ripete senza imprevisti, senza stupore, ma con orrore cieco. Non attende n\u00e9 riconosce alcun Annuncio, o Incontro o Attesa. Produce solo subordinazione e passivit\u00e0, perch\u00e9 tutto \u00e8 gi\u00e0 avvenuto o deterministicamente avverr\u00e0.<\/p>\n<p style=\"text-align: justify;\">Ideologia \u00e8 in lotta perenne contro Ideale. Ideale e Ideologia sono infatti in lotta irrimediabile tra loro come Amicizia \u00e8 il contrario di Solitudine. L&#8217;uno, cio\u00e8 l&#8217;Ideale, \u00e8 destinato a crescere, a procedere: chiede futuro. L&#8217;altra, l&#8217;Ideologia, ristagna, si avvita, uccide spiritualmente. Ha scritto don Giussani, al quale tutti, io credo, siamo debitori infiniti, che \u00abl&#8217;Ideale \u00e8 la dinamica in cammino della natura dell&#8217;uomo ed ad ogni passo qualcosa di esso si adempie\u00bb.<\/p>\n<p style=\"text-align: justify;\">\u00c8 giusto: qualcosa si adempie verso la Bellezza che implica consistenza etica ed estetica, che \u00e8 azione e contemplazione, sentimento delle cose, coscienza amorosa di quanto ci circonda, di quanto ci avvolge, ci invade, desidera ed \u00e8 desiderata. Di quanto ci stimola e ci d\u00e0 libert\u00e0. Bellezza e Libert\u00e0; ossia compiutezza di s\u00e9 nella dimensione del presente, \u00e8 il farsi dell&#8217;uomo, l&#8217;espressione del proprio essere a contatto con la trascendenza, a contatto con gli altri da s\u00e9 e con il suo superamento.<\/p>\n<p style=\"text-align: justify;\"><strong>Un misticismo logico che si fa spirito totalitario.<\/strong><\/p>\n<p style=\"text-align: justify;\"><strong><\/strong>Al contrario, l&#8217;Ideologia si fa Stato, totalit\u00e0 superiore, unilateralit\u00e0, sovranit\u00e0 illegittima, oppressione, sovrastruttura in cui la classe dominante sopprime la libert\u00e0 a suo beneficio: borghese od operaio che sia. Persino Marx \u00e8 costretto a denunziare questo procedimento, accusandolo nelle sue fondamentali Opere filosofiche giovanili, come \u00abmisticismo logico\u00bb. La Bellezza in quanto Verit\u00e0 \u00e8 lotta, tensione continua, aspirazione verso l&#8217;eterno e l&#8217;infinito. La Bellezza, o meglio l&#8217;Estetica, rende lucido lo sguardo, lo raffina, chiarisce la mente e rende gli uomini assetati di luce.<\/p>\n<p style=\"text-align: justify;\">Nei suoi libri don Giussani ha fissato perle ed episodi della musica, della poesia, dell&#8217;architettura e dell&#8217;arte. Ha scritto del proprio padre e della propria madre come educatori alla Bellezza. Ha scritto della Goccia di Chopin, dello Stabat Mater di Pergolesi, del desiderio di felicit\u00e0 infinita nel poema Alla sua donna di Leopardi. Ha rintracciato la Bellezza nei canti popolari russi del Coro sovietico dell&#8217;Accademia di Stato. La Bellezza salva. La Bellezza \u00e8 non avere paura della Verit\u00e0, combattere perch\u00e9 essa venga alla luce, si confronti, vinca, ogni volta si riaffermi.<\/p>\n<p style=\"text-align: justify;\">Quanto Ideologia \u00e8 palude e stagnazione, tanto Ideale o Bellezza \u00e8 movimento, progresso, azione. In un libro del 1951, Hannah Arendt scrisse che l&#8217;Ideologia &#8220;\u00e8 abbandono della libert\u00e0 di pensare per la camicia di forza della logica&#8221;. Ideale \u00e8 un agire, un fare, un manifestare, un vivere un avvenimento, un costruire, Ideale \u00e8 anche contemplazione e condivisione, cammino fatto insieme alla scoperta del senso delle cose.<\/p>\n<p style=\"text-align: justify;\">&#8220;Se l&#8217;uomo non costruisce, come fa a vivere?&#8221; si chiede giustamente il poeta cattolico statunitense naturalizzato inglese, premio Nobel, Thomas Stearns Eliot. L&#8217;ideale \u00e8 anche costruire e comunicare. Il Bello, allora, \u00e8 libert\u00e0 che si dilata, diviene incontro, progetto, presenza, unit\u00e0. La Bellezza allora diviene esperienza collettiva del fatto cristiano, fraternit\u00e0 e solidariet\u00e0 avvertite dalla Chiesa come fatto umano e sociale.<\/p>\n<p style=\"text-align: justify;\"><strong>Sto parlando della mia vita<\/strong><\/p>\n<p style=\"text-align: justify;\"><strong><\/strong>Se parlo con durezza, con ostinazione e contrariet\u00e0, se parlo cos\u00ec di Ideologia non \u00e8 certo per metafisica accademica. Parlo della mia vita. Ho vissuto per oltre 25 anni all&#8217;interno di una Ideologia, in una delle sue versioni pi\u00f9 drammatiche, attivistiche, dottrinarie. Dal 1948 al 1968 ho fatto parte del Partito comunista italiano, del suo massimo pensatoio e dirigenza ossia della Nomenklatura comunista, nella sua confessione togliattiana. Sono stato membro del suo Comitato centrale, Sindaco di Portici, Deputato alla Camera per vent&#8217;anni.<\/p>\n<p style=\"text-align: justify;\">In quella ideologia ho militato con convinzione, allora con calore e ardore. Ho visto da vicino, ogni giorno, il volto e la maschera di una cultura e di una Ideologia autoritaria e costrittiva, che non pu\u00f2 essere obliterata e che lascia un segno di memoria e di trauma. Ho vissuto il male dell&#8217;Ideologia sino in fondo. Ma proprio dal fondo dell&#8217;errore, ho ricevuto una spinta, un recupero, un desiderio del bene e della Verit\u00e0, ho sentito, se cos\u00ec posso dire, il profumo della Bellezza.<\/p>\n<p style=\"text-align: justify;\">Di questo passato, io non mi assolvo. Ne vedo gli errori, le responsabilit\u00e0 personali e collettive, ne porto il peso materiale e morale. Non mi assolvo, ma neppure mi fustigo sterilmente. Di tutti i diritti di cui disponiamo, io non posso avere il diritto di tacere. Scrivo libri, ragiono, discuto, mi confronto per capire e giudicare, per suggerire i temi di un dialogo liberatorio, necessario e durevole.<\/p>\n<p style=\"text-align: justify;\"><strong>Un passato fallito. E che minaccia il presente<\/strong><\/p>\n<p style=\"text-align: justify;\"><strong><\/strong>Perch\u00e9 l&#8217;ideologia, in particolare e soprattutto quella comunista, \u00e8 contraria alla Verit\u00e0? Lo \u00e8 per l&#8217;egualitarismo che contraddice e sopprime la libert\u00e0 personale. Lo \u00e8 per il totalitarismo che concentra in pochi il destino di molti. Ne vincola l&#8217;intera vita sociale, stermina il dissenso e lo reprime come inammissibile e imperdonabile. Lo \u00e8 in quanto derivazione perversa e contraddittoria dal settecentesco Secolo dei Lumi. L&#8217;ideologia comunista comincia con il finto amore per l&#8217;Uomo, ma esso, nell&#8217;intelletto e nella pratica, finisce con l&#8217;orrore della vita. Io ho vissuto nel Partito impraticabili, estranianti ideali, io ho vissuto l&#8217;ideologia dell&#8217;avversione all&#8217;uomo.<\/p>\n<p style=\"text-align: justify;\">Mi sforzo di indurre gli altri a fare i conti con un passato che \u00e8 praticamente fallito, ma non \u00e8 morto. Mi batto perch\u00e9 esso non venga rimosso senza essere stato affrontato criticamente e senza una contestazione civile, ma implacabile. Parlo perch\u00e9 altri non cadano nell&#8217;errore mio e di una intera generazione. La mia rottura con l&#8217;Ideologia \u00e8 stata difficile, forse lenta, sicuramente sofferta. Lottare contro l&#8217;ideologia \u00e8 lottare contro la solitudine, la violenza, l&#8217;inganno. Significa prepararsi a cogliere il vero Ideale della Bellezza: la presenza irresistibile di Dio.<\/p>\n","protected":false},"excerpt":{"rendered":"<p>pubblicato su Tempi, del 19 dicembre .2002, n. 51 Come pu\u00f2 un uomo nascere quand&#8217;\u00e8 vecchio? Agli amici rimasti nell&#8217;Ideologia, ai giovani in cerca di Ideale. Confessione di un togliattiano. di Massimo Caprara<\/p><p><a class=\"more-link btn\" href=\"https:\/\/www.rassegnastampa-totustuus.it\/cattolica\/da-palmiro-a-nicodemo\/\">Continua a leggere<\/a><\/p>\n","protected":false},"author":6,"featured_media":0,"comment_status":"closed","ping_status":"open","sticky":false,"template":"","format":"standard","meta":{"footnotes":""},"categories":[32,82],"tags":[139,174],"class_list":["post-1071","post","type-post","status-publish","format-standard","hentry","category-filosofia-del-comunismo","category-comunismo-in-italia","tag-comunismo","tag-ideologia","item-wrap"],"yoast_head":"<!-- This site is optimized with the Yoast SEO plugin v27.5 - https:\/\/yoast.com\/product\/yoast-seo-wordpress\/ -->\n<title>Da Palmiro a Nicodemo - Rassegna Stampa Cattolica<\/title>\n<meta name=\"description\" content=\"Rassegna Stampa Cattolica - Per una cultura che nasce dalla Rivelazione cristiana in conformit\u00e0 alla tradizione e al Magistero della Chiesa in opposizione ad ogni relativismo e totalitarismo\" \/>\n<meta name=\"robots\" content=\"index, follow, max-snippet:-1, max-image-preview:large, max-video-preview:-1\" \/>\n<link rel=\"canonical\" href=\"https:\/\/www.rassegnastampa-totustuus.it\/cattolica\/da-palmiro-a-nicodemo\/\" \/>\n<meta property=\"og:locale\" content=\"it_IT\" \/>\n<meta property=\"og:type\" content=\"article\" \/>\n<meta property=\"og:title\" content=\"Da Palmiro a Nicodemo - Rassegna Stampa Cattolica\" \/>\n<meta property=\"og:description\" content=\"Rassegna Stampa Cattolica - Per una cultura che nasce dalla Rivelazione cristiana in conformit\u00e0 alla tradizione e al Magistero della Chiesa in opposizione ad ogni relativismo e totalitarismo\" \/>\n<meta property=\"og:url\" content=\"https:\/\/www.rassegnastampa-totustuus.it\/cattolica\/da-palmiro-a-nicodemo\/\" \/>\n<meta property=\"og:site_name\" content=\"Rassegna Stampa Cattolica\" \/>\n<meta property=\"article:publisher\" content=\"https:\/\/www.facebook.com\/rassegnastampacattolica\" \/>\n<meta property=\"article:published_time\" content=\"2005-07-21T13:23:38+00:00\" \/>\n<meta property=\"article:modified_time\" content=\"2014-11-04T15:05:24+00:00\" \/>\n<meta property=\"og:image\" content=\"https:\/\/www.rassegnastampa-totustuus.it\/cattolica\/wp-content\/uploads\/2014\/04\/logo-rassegna.gif\" \/>\n\t<meta property=\"og:image:width\" content=\"600\" \/>\n\t<meta property=\"og:image:height\" content=\"163\" \/>\n\t<meta property=\"og:image:type\" content=\"image\/gif\" \/>\n<meta name=\"author\" content=\"Redazione\" \/>\n<meta name=\"twitter:card\" content=\"summary_large_image\" \/>\n<meta name=\"twitter:creator\" content=\"@rassegnastampa9\" \/>\n<meta name=\"twitter:site\" content=\"@rassegnastampa9\" \/>\n<meta name=\"twitter:label1\" content=\"Scritto da\" \/>\n\t<meta name=\"twitter:data1\" content=\"Redazione\" \/>\n\t<meta name=\"twitter:label2\" content=\"Tempo di lettura stimato\" \/>\n\t<meta name=\"twitter:data2\" content=\"6 minuti\" \/>\n<script type=\"application\/ld+json\" class=\"yoast-schema-graph\">{\"@context\":\"https:\\\/\\\/schema.org\",\"@graph\":[{\"@type\":\"Article\",\"@id\":\"https:\\\/\\\/www.rassegnastampa-totustuus.it\\\/cattolica\\\/da-palmiro-a-nicodemo\\\/#article\",\"isPartOf\":{\"@id\":\"https:\\\/\\\/www.rassegnastampa-totustuus.it\\\/cattolica\\\/da-palmiro-a-nicodemo\\\/\"},\"author\":{\"name\":\"Redazione\",\"@id\":\"https:\\\/\\\/www.rassegnastampa-totustuus.it\\\/cattolica\\\/#\\\/schema\\\/person\\\/08f319d2bd1a0904ad9e2bfb7b15e5c3\"},\"headline\":\"Da Palmiro a Nicodemo\",\"datePublished\":\"2005-07-21T13:23:38+00:00\",\"dateModified\":\"2014-11-04T15:05:24+00:00\",\"mainEntityOfPage\":{\"@id\":\"https:\\\/\\\/www.rassegnastampa-totustuus.it\\\/cattolica\\\/da-palmiro-a-nicodemo\\\/\"},\"wordCount\":1176,\"publisher\":{\"@id\":\"https:\\\/\\\/www.rassegnastampa-totustuus.it\\\/cattolica\\\/#organization\"},\"keywords\":[\"comunismo\",\"ideologia\"],\"articleSection\":[\"Comunismo\",\"Comunismo in Italia\"],\"inLanguage\":\"it-IT\"},{\"@type\":\"WebPage\",\"@id\":\"https:\\\/\\\/www.rassegnastampa-totustuus.it\\\/cattolica\\\/da-palmiro-a-nicodemo\\\/\",\"url\":\"https:\\\/\\\/www.rassegnastampa-totustuus.it\\\/cattolica\\\/da-palmiro-a-nicodemo\\\/\",\"name\":\"Da Palmiro a Nicodemo - Rassegna Stampa Cattolica\",\"isPartOf\":{\"@id\":\"https:\\\/\\\/www.rassegnastampa-totustuus.it\\\/cattolica\\\/#website\"},\"datePublished\":\"2005-07-21T13:23:38+00:00\",\"dateModified\":\"2014-11-04T15:05:24+00:00\",\"description\":\"Rassegna Stampa Cattolica - Per una cultura che nasce dalla Rivelazione cristiana in conformit\u00e0 alla tradizione e al Magistero della Chiesa in opposizione ad ogni relativismo e totalitarismo\",\"breadcrumb\":{\"@id\":\"https:\\\/\\\/www.rassegnastampa-totustuus.it\\\/cattolica\\\/da-palmiro-a-nicodemo\\\/#breadcrumb\"},\"inLanguage\":\"it-IT\",\"potentialAction\":[{\"@type\":\"ReadAction\",\"target\":[\"https:\\\/\\\/www.rassegnastampa-totustuus.it\\\/cattolica\\\/da-palmiro-a-nicodemo\\\/\"]}]},{\"@type\":\"BreadcrumbList\",\"@id\":\"https:\\\/\\\/www.rassegnastampa-totustuus.it\\\/cattolica\\\/da-palmiro-a-nicodemo\\\/#breadcrumb\",\"itemListElement\":[{\"@type\":\"ListItem\",\"position\":1,\"name\":\"Home\",\"item\":\"https:\\\/\\\/www.rassegnastampa-totustuus.it\\\/cattolica\\\/\"},{\"@type\":\"ListItem\",\"position\":2,\"name\":\"Da Palmiro a Nicodemo\"}]},{\"@type\":\"WebSite\",\"@id\":\"https:\\\/\\\/www.rassegnastampa-totustuus.it\\\/cattolica\\\/#website\",\"url\":\"https:\\\/\\\/www.rassegnastampa-totustuus.it\\\/cattolica\\\/\",\"name\":\"Rassegna Stampa Cattolica\",\"description\":\"Per una cultura che nasce dalla Rivelazione cristiana in conformit\u00e0 alla tradizione e al Magistero della Chiesa in opposizione ad ogni relativismo e totalitarismo\",\"publisher\":{\"@id\":\"https:\\\/\\\/www.rassegnastampa-totustuus.it\\\/cattolica\\\/#organization\"},\"alternateName\":\"Rass. Cattolica\",\"potentialAction\":[{\"@type\":\"SearchAction\",\"target\":{\"@type\":\"EntryPoint\",\"urlTemplate\":\"https:\\\/\\\/www.rassegnastampa-totustuus.it\\\/cattolica\\\/?s={search_term_string}\"},\"query-input\":{\"@type\":\"PropertyValueSpecification\",\"valueRequired\":true,\"valueName\":\"search_term_string\"}}],\"inLanguage\":\"it-IT\"},{\"@type\":\"Organization\",\"@id\":\"https:\\\/\\\/www.rassegnastampa-totustuus.it\\\/cattolica\\\/#organization\",\"name\":\"Rassegna Stampa Cattolica\",\"url\":\"https:\\\/\\\/www.rassegnastampa-totustuus.it\\\/cattolica\\\/\",\"logo\":{\"@type\":\"ImageObject\",\"inLanguage\":\"it-IT\",\"@id\":\"https:\\\/\\\/www.rassegnastampa-totustuus.it\\\/cattolica\\\/#\\\/schema\\\/logo\\\/image\\\/\",\"url\":\"https:\\\/\\\/www.rassegnastampa-totustuus.it\\\/cattolica\\\/wp-content\\\/uploads\\\/2014\\\/04\\\/logo-rassegna1.gif\",\"contentUrl\":\"https:\\\/\\\/www.rassegnastampa-totustuus.it\\\/cattolica\\\/wp-content\\\/uploads\\\/2014\\\/04\\\/logo-rassegna1.gif\",\"width\":600,\"height\":163,\"caption\":\"Rassegna Stampa Cattolica\"},\"image\":{\"@id\":\"https:\\\/\\\/www.rassegnastampa-totustuus.it\\\/cattolica\\\/#\\\/schema\\\/logo\\\/image\\\/\"},\"sameAs\":[\"https:\\\/\\\/www.facebook.com\\\/rassegnastampacattolica\",\"https:\\\/\\\/x.com\\\/rassegnastampa9\"]},{\"@type\":\"Person\",\"@id\":\"https:\\\/\\\/www.rassegnastampa-totustuus.it\\\/cattolica\\\/#\\\/schema\\\/person\\\/08f319d2bd1a0904ad9e2bfb7b15e5c3\",\"name\":\"Redazione\",\"image\":{\"@type\":\"ImageObject\",\"inLanguage\":\"it-IT\",\"@id\":\"https:\\\/\\\/secure.gravatar.com\\\/avatar\\\/2fcdf27c78ea025fbdb44e914cc63c72249ffec9dc8aafd5c82b26240ef3f346?s=96&d=mm&r=g\",\"url\":\"https:\\\/\\\/secure.gravatar.com\\\/avatar\\\/2fcdf27c78ea025fbdb44e914cc63c72249ffec9dc8aafd5c82b26240ef3f346?s=96&d=mm&r=g\",\"contentUrl\":\"https:\\\/\\\/secure.gravatar.com\\\/avatar\\\/2fcdf27c78ea025fbdb44e914cc63c72249ffec9dc8aafd5c82b26240ef3f346?s=96&d=mm&r=g\",\"caption\":\"Redazione\"},\"url\":\"https:\\\/\\\/www.rassegnastampa-totustuus.it\\\/cattolica\\\/author\\\/pietroelle\\\/\"}]}<\/script>\n<!-- \/ Yoast SEO plugin. -->","yoast_head_json":{"title":"Da Palmiro a Nicodemo - Rassegna Stampa Cattolica","description":"Rassegna Stampa Cattolica - Per una cultura che nasce dalla Rivelazione cristiana in conformit\u00e0 alla tradizione e al Magistero della Chiesa in opposizione ad ogni relativismo e totalitarismo","robots":{"index":"index","follow":"follow","max-snippet":"max-snippet:-1","max-image-preview":"max-image-preview:large","max-video-preview":"max-video-preview:-1"},"canonical":"https:\/\/www.rassegnastampa-totustuus.it\/cattolica\/da-palmiro-a-nicodemo\/","og_locale":"it_IT","og_type":"article","og_title":"Da Palmiro a Nicodemo - Rassegna Stampa Cattolica","og_description":"Rassegna Stampa Cattolica - Per una cultura che nasce dalla Rivelazione cristiana in conformit\u00e0 alla tradizione e al Magistero della Chiesa in opposizione ad ogni relativismo e totalitarismo","og_url":"https:\/\/www.rassegnastampa-totustuus.it\/cattolica\/da-palmiro-a-nicodemo\/","og_site_name":"Rassegna Stampa Cattolica","article_publisher":"https:\/\/www.facebook.com\/rassegnastampacattolica","article_published_time":"2005-07-21T13:23:38+00:00","article_modified_time":"2014-11-04T15:05:24+00:00","og_image":[{"width":600,"height":163,"url":"https:\/\/www.rassegnastampa-totustuus.it\/cattolica\/wp-content\/uploads\/2014\/04\/logo-rassegna.gif","type":"image\/gif"}],"author":"Redazione","twitter_card":"summary_large_image","twitter_creator":"@rassegnastampa9","twitter_site":"@rassegnastampa9","twitter_misc":{"Scritto da":"Redazione","Tempo di lettura stimato":"6 minuti"},"schema":{"@context":"https:\/\/schema.org","@graph":[{"@type":"Article","@id":"https:\/\/www.rassegnastampa-totustuus.it\/cattolica\/da-palmiro-a-nicodemo\/#article","isPartOf":{"@id":"https:\/\/www.rassegnastampa-totustuus.it\/cattolica\/da-palmiro-a-nicodemo\/"},"author":{"name":"Redazione","@id":"https:\/\/www.rassegnastampa-totustuus.it\/cattolica\/#\/schema\/person\/08f319d2bd1a0904ad9e2bfb7b15e5c3"},"headline":"Da Palmiro a Nicodemo","datePublished":"2005-07-21T13:23:38+00:00","dateModified":"2014-11-04T15:05:24+00:00","mainEntityOfPage":{"@id":"https:\/\/www.rassegnastampa-totustuus.it\/cattolica\/da-palmiro-a-nicodemo\/"},"wordCount":1176,"publisher":{"@id":"https:\/\/www.rassegnastampa-totustuus.it\/cattolica\/#organization"},"keywords":["comunismo","ideologia"],"articleSection":["Comunismo","Comunismo in Italia"],"inLanguage":"it-IT"},{"@type":"WebPage","@id":"https:\/\/www.rassegnastampa-totustuus.it\/cattolica\/da-palmiro-a-nicodemo\/","url":"https:\/\/www.rassegnastampa-totustuus.it\/cattolica\/da-palmiro-a-nicodemo\/","name":"Da Palmiro a Nicodemo - Rassegna Stampa Cattolica","isPartOf":{"@id":"https:\/\/www.rassegnastampa-totustuus.it\/cattolica\/#website"},"datePublished":"2005-07-21T13:23:38+00:00","dateModified":"2014-11-04T15:05:24+00:00","description":"Rassegna Stampa Cattolica - Per una cultura che nasce dalla Rivelazione cristiana in conformit\u00e0 alla tradizione e al Magistero della Chiesa in opposizione ad ogni relativismo e totalitarismo","breadcrumb":{"@id":"https:\/\/www.rassegnastampa-totustuus.it\/cattolica\/da-palmiro-a-nicodemo\/#breadcrumb"},"inLanguage":"it-IT","potentialAction":[{"@type":"ReadAction","target":["https:\/\/www.rassegnastampa-totustuus.it\/cattolica\/da-palmiro-a-nicodemo\/"]}]},{"@type":"BreadcrumbList","@id":"https:\/\/www.rassegnastampa-totustuus.it\/cattolica\/da-palmiro-a-nicodemo\/#breadcrumb","itemListElement":[{"@type":"ListItem","position":1,"name":"Home","item":"https:\/\/www.rassegnastampa-totustuus.it\/cattolica\/"},{"@type":"ListItem","position":2,"name":"Da Palmiro a Nicodemo"}]},{"@type":"WebSite","@id":"https:\/\/www.rassegnastampa-totustuus.it\/cattolica\/#website","url":"https:\/\/www.rassegnastampa-totustuus.it\/cattolica\/","name":"Rassegna Stampa Cattolica","description":"Per una cultura che nasce dalla Rivelazione cristiana in conformit\u00e0 alla tradizione e al Magistero della Chiesa in opposizione ad ogni relativismo e totalitarismo","publisher":{"@id":"https:\/\/www.rassegnastampa-totustuus.it\/cattolica\/#organization"},"alternateName":"Rass. Cattolica","potentialAction":[{"@type":"SearchAction","target":{"@type":"EntryPoint","urlTemplate":"https:\/\/www.rassegnastampa-totustuus.it\/cattolica\/?s={search_term_string}"},"query-input":{"@type":"PropertyValueSpecification","valueRequired":true,"valueName":"search_term_string"}}],"inLanguage":"it-IT"},{"@type":"Organization","@id":"https:\/\/www.rassegnastampa-totustuus.it\/cattolica\/#organization","name":"Rassegna Stampa Cattolica","url":"https:\/\/www.rassegnastampa-totustuus.it\/cattolica\/","logo":{"@type":"ImageObject","inLanguage":"it-IT","@id":"https:\/\/www.rassegnastampa-totustuus.it\/cattolica\/#\/schema\/logo\/image\/","url":"https:\/\/www.rassegnastampa-totustuus.it\/cattolica\/wp-content\/uploads\/2014\/04\/logo-rassegna1.gif","contentUrl":"https:\/\/www.rassegnastampa-totustuus.it\/cattolica\/wp-content\/uploads\/2014\/04\/logo-rassegna1.gif","width":600,"height":163,"caption":"Rassegna Stampa Cattolica"},"image":{"@id":"https:\/\/www.rassegnastampa-totustuus.it\/cattolica\/#\/schema\/logo\/image\/"},"sameAs":["https:\/\/www.facebook.com\/rassegnastampacattolica","https:\/\/x.com\/rassegnastampa9"]},{"@type":"Person","@id":"https:\/\/www.rassegnastampa-totustuus.it\/cattolica\/#\/schema\/person\/08f319d2bd1a0904ad9e2bfb7b15e5c3","name":"Redazione","image":{"@type":"ImageObject","inLanguage":"it-IT","@id":"https:\/\/secure.gravatar.com\/avatar\/2fcdf27c78ea025fbdb44e914cc63c72249ffec9dc8aafd5c82b26240ef3f346?s=96&d=mm&r=g","url":"https:\/\/secure.gravatar.com\/avatar\/2fcdf27c78ea025fbdb44e914cc63c72249ffec9dc8aafd5c82b26240ef3f346?s=96&d=mm&r=g","contentUrl":"https:\/\/secure.gravatar.com\/avatar\/2fcdf27c78ea025fbdb44e914cc63c72249ffec9dc8aafd5c82b26240ef3f346?s=96&d=mm&r=g","caption":"Redazione"},"url":"https:\/\/www.rassegnastampa-totustuus.it\/cattolica\/author\/pietroelle\/"}]}},"_links":{"self":[{"href":"https:\/\/www.rassegnastampa-totustuus.it\/cattolica\/wp-json\/wp\/v2\/posts\/1071","targetHints":{"allow":["GET"]}}],"collection":[{"href":"https:\/\/www.rassegnastampa-totustuus.it\/cattolica\/wp-json\/wp\/v2\/posts"}],"about":[{"href":"https:\/\/www.rassegnastampa-totustuus.it\/cattolica\/wp-json\/wp\/v2\/types\/post"}],"author":[{"embeddable":true,"href":"https:\/\/www.rassegnastampa-totustuus.it\/cattolica\/wp-json\/wp\/v2\/users\/6"}],"replies":[{"embeddable":true,"href":"https:\/\/www.rassegnastampa-totustuus.it\/cattolica\/wp-json\/wp\/v2\/comments?post=1071"}],"version-history":[{"count":3,"href":"https:\/\/www.rassegnastampa-totustuus.it\/cattolica\/wp-json\/wp\/v2\/posts\/1071\/revisions"}],"predecessor-version":[{"id":12744,"href":"https:\/\/www.rassegnastampa-totustuus.it\/cattolica\/wp-json\/wp\/v2\/posts\/1071\/revisions\/12744"}],"wp:attachment":[{"href":"https:\/\/www.rassegnastampa-totustuus.it\/cattolica\/wp-json\/wp\/v2\/media?parent=1071"}],"wp:term":[{"taxonomy":"category","embeddable":true,"href":"https:\/\/www.rassegnastampa-totustuus.it\/cattolica\/wp-json\/wp\/v2\/categories?post=1071"},{"taxonomy":"post_tag","embeddable":true,"href":"https:\/\/www.rassegnastampa-totustuus.it\/cattolica\/wp-json\/wp\/v2\/tags?post=1071"}],"curies":[{"name":"wp","href":"https:\/\/api.w.org\/{rel}","templated":true}]}}