{"id":1050,"date":"2005-07-20T00:00:00","date_gmt":"2005-07-19T22:00:00","guid":{"rendered":""},"modified":"2016-02-23T15:07:12","modified_gmt":"2016-02-23T14:07:12","slug":"oltraggio-alla-cultura","status":"publish","type":"post","link":"https:\/\/www.rassegnastampa-totustuus.it\/cattolica\/oltraggio-alla-cultura\/","title":{"rendered":"Oltraggio alla cultura"},"content":{"rendered":"<div style=\"text-align: center;\"><a href=\"https:\/\/www.rassegnastampa-totustuus.it\/cattolica\/wp-content\/uploads\/2005\/07\/libri_testo.jpg\"><img loading=\"lazy\" decoding=\"async\" class=\"alignleft wp-image-30844\" src=\"https:\/\/www.rassegnastampa-totustuus.it\/cattolica\/wp-content\/uploads\/2005\/07\/libri_testo.jpg\" alt=\"libri_testo\" width=\"147\" height=\"200\" \/><\/a>Articolo pubblicato su<strong> Il Corriere del Sud<\/strong>,<\/div>\n<div style=\"text-align: center;\">15 dicembre\/ 30 dicembre 2000<\/div>\n<p style=\"text-align: center;\">di <strong>Piero Mainardi<\/strong><\/p>\n<p style=\"text-align: justify;\">L\u2019ultima polemica sui libri di testo si pu\u00f2 affrontare in due modi: uno comico e uno serio, ma soprattutto, se si parla della polemica evitiamo di trascinarvi l\u2019oggetto del contendere, cio\u00e8 i libri di testo perch\u00e9 ci\u00f2 sarebbe fuorviante. Nel primo caso \u00e8 sufficiente dare uno sguardo ai quotidiani ed ascoltare giornalisti, politici ed uomini di cultura del centro-sinistra con queste indicazioni per l\u2019uso: concentrarsi sul nome dell\u2019autore dell\u2019articolo o della dichiarazione, quindi immaginare l\u2019espressione dei volti ora indignati per l\u2019\u2019oltraggio alla cultura, ora preoccupata la libert\u00e0 di espressione e per le sorti della nostra democrazia, ora truci e sprezzanti nei confronti di questi &#8220;rigurgiti di fascismo&#8221;, oppure quella ferma ma pi\u00f9 ammiccante che richiama ai suoi doveri una destra che sia &#8220;moderna ed europea&#8221;.<\/p>\n<p style=\"text-align: justify;\"><!--more--><\/p>\n<p style=\"text-align: justify;\">Il tutto in un clima di mobilitazione &#8220;civile delle coscienze democratiche&#8221; consapevoli della doverosa vigilanza rispetto alla possibilit\u00e0 di un risorgente e sempre meno mascherato (Marsiglia docet) pericolo di una affermazione elettorale nazifascioplutocratica.Provate quindi ad immaginare tutti questi volti compunti, indignati, preoccupati e arrabbiati, relazionateli con i termini reali della questione sollevata dalla delibera della Regione Lazio (altro fenomeno ilare) e poi sappiatemi dire quanti di voi li hanno presi sul serio, quanti si sono limitati ad un sorriso, quanti sono scoppiati in una fragorosa risata. Personalmente mi iscrivo tra questi ultimi.<\/p>\n<p style=\"text-align: justify;\">Qualche esempio pu\u00f2 essere fatto con i titoli che i quotidiani hanno dedicato al caso. Cominciamo con Liberazione: &#8220;<em>Minculpop nel Lazio<\/em>&#8221; (D\u2019Avossa Lussurgi); &#8220;<em>Risposte alle direttive<\/em> <em>del governatore fascista Storace<\/em>&#8220;; poi il Manifesto: &#8220;<em>Allarmi son fascisti<\/em>&#8221; (Cosimo Rossi), &#8220;<em>Libro e moschetto<\/em>&#8221; (idem), &#8220;<em>Il fascio dei libri<\/em>&#8221; (Ida Dominijanni); &#8220;<em>Destra di classe<\/em>&#8220;; quindi con La Repubblica: &#8220;<em>L\u2019Epurator della Storia<\/em>&#8220;(Maltese), &#8220;<em>La storia imposta<\/em>&#8220;(Bocca) e simili in cronaca; e infine con Il Tirreno: &#8220;<em>Ma chi ha paura dell\u2019antifascismo<\/em>?(Bonsanti); &#8220;<em>La censura sui libri \u00e8 contro la democrazia<\/em> (Spini).<\/p>\n<p style=\"text-align: justify;\">E qui ci fermiamo perch\u00e9 \u00e8 sufficiente per dare un idea del tono delle reazioni, ma anche perch\u00e9, grazie a Dio, tanti quotidiani e settimanali che per decenni hanno infestato la vista e l\u2019intelletto di molti sono finiti in quel nulla tanto simile alla cultura che hanno prodotto: ultima in ordine di tempo L\u2019Unit\u00e0.<\/p>\n<p style=\"text-align: justify;\">Resta, \u00e8 vero la televisione, con i pistolotti morali dell\u2019austero miliardario Enzo Biagi che nella sua trasmissione &#8220;Il Fatto&#8221;, dopo aver dato ai telespettatori le istruzioni per l\u2019uso sulla questione, illustrandola col prezioso l\u2019ausilio di vignette imbottite di fasci e camicie nere, ha in barba alla par condicio stroncato, citando due del Polo in una sua trasmissione (di cui in positivo) l\u2019iniziativa di Storace con le parole dell\u2019odiato cavaliere.<\/p>\n<p style=\"text-align: justify;\">Detto questo esistono anche punti che la sinistra solleva su cui la destra deve meditare. Intanto tutta la sinistra sa che \u00e8 esistita ed esiste una sua egemonia culturale. Una parte della sinistra la rivendica con orgoglio un&#8217;altra la cela astutamente. Giorgio Bocca a proposito dell\u2019egemonia marxista scherza:\u00abe noi ingenuamente credevamo che per quasi mezzo secolo la repubblica italiana fosse stata governata da democristiani attentissimi ai desideri vaticani\u00bb.<\/p>\n<p style=\"text-align: justify;\">\u00c8 un sofisma che mette il dito nella piaga: i governi erano democristiani e attenti ai desideri &#8220;materiali&#8221; della Chiesa, ma non si pu\u00f2 consentire di confondere il pensiero cattolico col clericalismo democristiano responsabile di aver consegnato o comunque di non aver tentato di impedire che la cultura cadesse nelle mani della sinistra. Una riflessione che dovrebbe indurre ad avere ben pochi rimpianti per il decesso democristiano e soprattutto ad analizzare come ci\u00f2 si sia verificato per impedire che, qualora la destra governi, capiti di nuovo.<\/p>\n<p style=\"text-align: justify;\">Non lontano da questa linea Massimo Gramellini scrive sulla Stampa che: \u00abil pericolo di egemonia marxista esisteva 20 anni fa, quando chiunque non fosse comunista veniva bollato come fascista \u2026 ma il fatto che i giovani del 2000 votino a destra \u00e8 la prova che i libri di storia, faziosi o no, non influenzano pi\u00f9 nessuno\u00bb. Altra tesi tanto falsa quanto pericolosa che nasce dall\u2019ignoranza di che cosa sia realmente la destra: destra e sinistra non sono due schieramenti che si dividono in tema immigrazione, foibe, Berlusconi, fascismo e simili: sono due visioni del mondo antitetiche.<\/p>\n<p style=\"text-align: justify;\">La visione del mondo di sinistra materialista e utopista, eticamente relativista e religiosamente agnostica (quando va bene) \u00e8 largamente presente, grazie anche alla struttura &#8220;progressiva&#8221; dei libri di testo (non solo quelli di storia), in una quota cospicua di politici ed elettori &#8220;di destra&#8221;. Questo \u00e8 un successo ulteriore della sinistra e costituisce un problema per la destra.<\/p>\n<p style=\"text-align: justify;\">L\u2019asprezza della polemica ha anche un valore politico che va oltre la dimensione della preoccupazione da parte della sinistra di perdere le prossime elezioni. La sinistra teme molto di pi\u00f9 la perdita dell\u2019egemonia culturale che la perdita del potere politico, perci\u00f2 ha bisogno di una destra che sia non a lei antitetica, bens\u00ec complementare.<\/p>\n<p style=\"text-align: justify;\">Da qui il richiamo di Veltroni alla difesa della &#8220;memoria storica&#8221; e l\u2019invito alla destra di accettare, di radicarsi e di partecipare a questa memoria storica. Un invito curioso perch\u00e9 la memoria storica cui fa riferimento Veltroni non scende oltre l\u2019Italia repubblicana nata dalla Resistenza. Come se tutto ci\u00f2 che \u00e8 esistito nei secoli precedentemente non fosse patrimonio della cultura storica e dell\u2019identit\u00e0 italiana e come se tutto ci\u00f2 fosse scomparso pacificamente, inghiottito dalla storia.<\/p>\n<p style=\"text-align: justify;\">Tesi di comodo per Veltroni e per tutta la sinistra perch\u00e9 proprio loro sono culturalmente gli eredi di coloro che prima militarmente poi culturalmente hanno prodotto la cancellazione storica di quel mondo portatore di valori umani e cristiani cos\u00ec distanti dal loro sentire. Non \u00e8 il ritorno del fascismo che Veltroni e compagni temono, ma la messa in discussione della ideologia della modernit\u00e0. Di quella modernit\u00e0 che dietro il nome di laicit\u00e0 e democrazia ha fatto precipitare nel nulla, come afferma il card. Biffi, tutto l\u2019Occidente<\/p>\n","protected":false},"excerpt":{"rendered":"<p>Articolo pubblicato su Il Corriere del Sud, 15 dicembre\/ 30 dicembre 2000 di Piero Mainardi L\u2019ultima polemica sui libri di testo si pu\u00f2 affrontare in due modi: uno comico e uno serio, ma soprattutto, se si parla della polemica evitiamo di trascinarvi l\u2019oggetto del contendere, cio\u00e8 i libri di testo perch\u00e9 ci\u00f2 sarebbe fuorviante. Nel &hellip; <\/p>\n<p><a class=\"more-link btn\" href=\"https:\/\/www.rassegnastampa-totustuus.it\/cattolica\/oltraggio-alla-cultura\/\">Continua a leggere<\/a><\/p>\n","protected":false},"author":6,"featured_media":30844,"comment_status":"closed","ping_status":"open","sticky":false,"template":"","format":"standard","meta":{"footnotes":""},"categories":[23],"tags":[849,233],"class_list":["post-1050","post","type-post","status-publish","format-standard","has-post-thumbnail","hentry","category-scuola-ed-educazione","tag-libri-di-testo","tag-scuola","item-wrap"],"yoast_head":"<!-- This site is optimized with the Yoast SEO plugin v27.5 - https:\/\/yoast.com\/product\/yoast-seo-wordpress\/ -->\n<title>Oltraggio alla cultura - Rassegna Stampa Cattolica<\/title>\n<meta name=\"description\" content=\"Rassegna Stampa Cattolica - Per una cultura che nasce dalla Rivelazione cristiana in conformit\u00e0 alla tradizione e al Magistero della Chiesa in opposizione ad ogni relativismo e totalitarismo\" \/>\n<meta name=\"robots\" content=\"index, follow, max-snippet:-1, max-image-preview:large, max-video-preview:-1\" \/>\n<link rel=\"canonical\" href=\"https:\/\/www.rassegnastampa-totustuus.it\/cattolica\/oltraggio-alla-cultura\/\" \/>\n<meta property=\"og:locale\" content=\"it_IT\" \/>\n<meta property=\"og:type\" content=\"article\" \/>\n<meta property=\"og:title\" content=\"Oltraggio alla cultura - Rassegna Stampa Cattolica\" \/>\n<meta property=\"og:description\" content=\"Rassegna Stampa Cattolica - Per una cultura che nasce dalla Rivelazione cristiana in conformit\u00e0 alla tradizione e al Magistero della Chiesa in opposizione ad ogni relativismo e totalitarismo\" \/>\n<meta property=\"og:url\" content=\"https:\/\/www.rassegnastampa-totustuus.it\/cattolica\/oltraggio-alla-cultura\/\" \/>\n<meta property=\"og:site_name\" content=\"Rassegna Stampa Cattolica\" \/>\n<meta property=\"article:publisher\" content=\"https:\/\/www.facebook.com\/rassegnastampacattolica\" \/>\n<meta property=\"article:published_time\" content=\"2005-07-19T22:00:00+00:00\" \/>\n<meta property=\"article:modified_time\" content=\"2016-02-23T14:07:12+00:00\" \/>\n<meta property=\"og:image\" content=\"https:\/\/www.rassegnastampa-totustuus.it\/cattolica\/wp-content\/uploads\/2005\/07\/libri_testo.jpg\" \/>\n\t<meta property=\"og:image:width\" content=\"193\" \/>\n\t<meta property=\"og:image:height\" content=\"262\" \/>\n\t<meta property=\"og:image:type\" content=\"image\/jpeg\" \/>\n<meta name=\"author\" content=\"Redazione\" \/>\n<meta name=\"twitter:card\" content=\"summary_large_image\" \/>\n<meta name=\"twitter:creator\" content=\"@rassegnastampa9\" \/>\n<meta name=\"twitter:site\" content=\"@rassegnastampa9\" \/>\n<meta name=\"twitter:label1\" content=\"Scritto da\" \/>\n\t<meta name=\"twitter:data1\" content=\"Redazione\" \/>\n\t<meta name=\"twitter:label2\" content=\"Tempo di lettura stimato\" \/>\n\t<meta name=\"twitter:data2\" content=\"5 minuti\" \/>\n<script type=\"application\/ld+json\" class=\"yoast-schema-graph\">{\"@context\":\"https:\\\/\\\/schema.org\",\"@graph\":[{\"@type\":\"Article\",\"@id\":\"https:\\\/\\\/www.rassegnastampa-totustuus.it\\\/cattolica\\\/oltraggio-alla-cultura\\\/#article\",\"isPartOf\":{\"@id\":\"https:\\\/\\\/www.rassegnastampa-totustuus.it\\\/cattolica\\\/oltraggio-alla-cultura\\\/\"},\"author\":{\"name\":\"Redazione\",\"@id\":\"https:\\\/\\\/www.rassegnastampa-totustuus.it\\\/cattolica\\\/#\\\/schema\\\/person\\\/08f319d2bd1a0904ad9e2bfb7b15e5c3\"},\"headline\":\"Oltraggio alla cultura\",\"datePublished\":\"2005-07-19T22:00:00+00:00\",\"dateModified\":\"2016-02-23T14:07:12+00:00\",\"mainEntityOfPage\":{\"@id\":\"https:\\\/\\\/www.rassegnastampa-totustuus.it\\\/cattolica\\\/oltraggio-alla-cultura\\\/\"},\"wordCount\":979,\"publisher\":{\"@id\":\"https:\\\/\\\/www.rassegnastampa-totustuus.it\\\/cattolica\\\/#organization\"},\"image\":{\"@id\":\"https:\\\/\\\/www.rassegnastampa-totustuus.it\\\/cattolica\\\/oltraggio-alla-cultura\\\/#primaryimage\"},\"thumbnailUrl\":\"https:\\\/\\\/www.rassegnastampa-totustuus.it\\\/cattolica\\\/wp-content\\\/uploads\\\/2005\\\/07\\\/libri_testo.jpg\",\"keywords\":[\"libri di testo\",\"scuola\"],\"articleSection\":[\"Scuola ed educazione\"],\"inLanguage\":\"it-IT\"},{\"@type\":\"WebPage\",\"@id\":\"https:\\\/\\\/www.rassegnastampa-totustuus.it\\\/cattolica\\\/oltraggio-alla-cultura\\\/\",\"url\":\"https:\\\/\\\/www.rassegnastampa-totustuus.it\\\/cattolica\\\/oltraggio-alla-cultura\\\/\",\"name\":\"Oltraggio alla cultura - Rassegna Stampa Cattolica\",\"isPartOf\":{\"@id\":\"https:\\\/\\\/www.rassegnastampa-totustuus.it\\\/cattolica\\\/#website\"},\"primaryImageOfPage\":{\"@id\":\"https:\\\/\\\/www.rassegnastampa-totustuus.it\\\/cattolica\\\/oltraggio-alla-cultura\\\/#primaryimage\"},\"image\":{\"@id\":\"https:\\\/\\\/www.rassegnastampa-totustuus.it\\\/cattolica\\\/oltraggio-alla-cultura\\\/#primaryimage\"},\"thumbnailUrl\":\"https:\\\/\\\/www.rassegnastampa-totustuus.it\\\/cattolica\\\/wp-content\\\/uploads\\\/2005\\\/07\\\/libri_testo.jpg\",\"datePublished\":\"2005-07-19T22:00:00+00:00\",\"dateModified\":\"2016-02-23T14:07:12+00:00\",\"description\":\"Rassegna Stampa Cattolica - Per una cultura che nasce dalla Rivelazione cristiana in conformit\u00e0 alla tradizione e al Magistero della Chiesa in opposizione ad ogni relativismo e totalitarismo\",\"breadcrumb\":{\"@id\":\"https:\\\/\\\/www.rassegnastampa-totustuus.it\\\/cattolica\\\/oltraggio-alla-cultura\\\/#breadcrumb\"},\"inLanguage\":\"it-IT\",\"potentialAction\":[{\"@type\":\"ReadAction\",\"target\":[\"https:\\\/\\\/www.rassegnastampa-totustuus.it\\\/cattolica\\\/oltraggio-alla-cultura\\\/\"]}]},{\"@type\":\"ImageObject\",\"inLanguage\":\"it-IT\",\"@id\":\"https:\\\/\\\/www.rassegnastampa-totustuus.it\\\/cattolica\\\/oltraggio-alla-cultura\\\/#primaryimage\",\"url\":\"https:\\\/\\\/www.rassegnastampa-totustuus.it\\\/cattolica\\\/wp-content\\\/uploads\\\/2005\\\/07\\\/libri_testo.jpg\",\"contentUrl\":\"https:\\\/\\\/www.rassegnastampa-totustuus.it\\\/cattolica\\\/wp-content\\\/uploads\\\/2005\\\/07\\\/libri_testo.jpg\",\"width\":193,\"height\":262},{\"@type\":\"BreadcrumbList\",\"@id\":\"https:\\\/\\\/www.rassegnastampa-totustuus.it\\\/cattolica\\\/oltraggio-alla-cultura\\\/#breadcrumb\",\"itemListElement\":[{\"@type\":\"ListItem\",\"position\":1,\"name\":\"Home\",\"item\":\"https:\\\/\\\/www.rassegnastampa-totustuus.it\\\/cattolica\\\/\"},{\"@type\":\"ListItem\",\"position\":2,\"name\":\"Oltraggio alla cultura\"}]},{\"@type\":\"WebSite\",\"@id\":\"https:\\\/\\\/www.rassegnastampa-totustuus.it\\\/cattolica\\\/#website\",\"url\":\"https:\\\/\\\/www.rassegnastampa-totustuus.it\\\/cattolica\\\/\",\"name\":\"Rassegna Stampa Cattolica\",\"description\":\"Per una cultura che nasce dalla Rivelazione cristiana in conformit\u00e0 alla tradizione e al Magistero della Chiesa in opposizione ad ogni relativismo e totalitarismo\",\"publisher\":{\"@id\":\"https:\\\/\\\/www.rassegnastampa-totustuus.it\\\/cattolica\\\/#organization\"},\"alternateName\":\"Rass. Cattolica\",\"potentialAction\":[{\"@type\":\"SearchAction\",\"target\":{\"@type\":\"EntryPoint\",\"urlTemplate\":\"https:\\\/\\\/www.rassegnastampa-totustuus.it\\\/cattolica\\\/?s={search_term_string}\"},\"query-input\":{\"@type\":\"PropertyValueSpecification\",\"valueRequired\":true,\"valueName\":\"search_term_string\"}}],\"inLanguage\":\"it-IT\"},{\"@type\":\"Organization\",\"@id\":\"https:\\\/\\\/www.rassegnastampa-totustuus.it\\\/cattolica\\\/#organization\",\"name\":\"Rassegna Stampa Cattolica\",\"url\":\"https:\\\/\\\/www.rassegnastampa-totustuus.it\\\/cattolica\\\/\",\"logo\":{\"@type\":\"ImageObject\",\"inLanguage\":\"it-IT\",\"@id\":\"https:\\\/\\\/www.rassegnastampa-totustuus.it\\\/cattolica\\\/#\\\/schema\\\/logo\\\/image\\\/\",\"url\":\"https:\\\/\\\/www.rassegnastampa-totustuus.it\\\/cattolica\\\/wp-content\\\/uploads\\\/2014\\\/04\\\/logo-rassegna1.gif\",\"contentUrl\":\"https:\\\/\\\/www.rassegnastampa-totustuus.it\\\/cattolica\\\/wp-content\\\/uploads\\\/2014\\\/04\\\/logo-rassegna1.gif\",\"width\":600,\"height\":163,\"caption\":\"Rassegna Stampa Cattolica\"},\"image\":{\"@id\":\"https:\\\/\\\/www.rassegnastampa-totustuus.it\\\/cattolica\\\/#\\\/schema\\\/logo\\\/image\\\/\"},\"sameAs\":[\"https:\\\/\\\/www.facebook.com\\\/rassegnastampacattolica\",\"https:\\\/\\\/x.com\\\/rassegnastampa9\"]},{\"@type\":\"Person\",\"@id\":\"https:\\\/\\\/www.rassegnastampa-totustuus.it\\\/cattolica\\\/#\\\/schema\\\/person\\\/08f319d2bd1a0904ad9e2bfb7b15e5c3\",\"name\":\"Redazione\",\"image\":{\"@type\":\"ImageObject\",\"inLanguage\":\"it-IT\",\"@id\":\"https:\\\/\\\/secure.gravatar.com\\\/avatar\\\/2fcdf27c78ea025fbdb44e914cc63c72249ffec9dc8aafd5c82b26240ef3f346?s=96&d=mm&r=g\",\"url\":\"https:\\\/\\\/secure.gravatar.com\\\/avatar\\\/2fcdf27c78ea025fbdb44e914cc63c72249ffec9dc8aafd5c82b26240ef3f346?s=96&d=mm&r=g\",\"contentUrl\":\"https:\\\/\\\/secure.gravatar.com\\\/avatar\\\/2fcdf27c78ea025fbdb44e914cc63c72249ffec9dc8aafd5c82b26240ef3f346?s=96&d=mm&r=g\",\"caption\":\"Redazione\"},\"url\":\"https:\\\/\\\/www.rassegnastampa-totustuus.it\\\/cattolica\\\/author\\\/pietroelle\\\/\"}]}<\/script>\n<!-- \/ Yoast SEO plugin. -->","yoast_head_json":{"title":"Oltraggio alla cultura - Rassegna Stampa Cattolica","description":"Rassegna Stampa Cattolica - Per una cultura che nasce dalla Rivelazione cristiana in conformit\u00e0 alla tradizione e al Magistero della Chiesa in opposizione ad ogni relativismo e totalitarismo","robots":{"index":"index","follow":"follow","max-snippet":"max-snippet:-1","max-image-preview":"max-image-preview:large","max-video-preview":"max-video-preview:-1"},"canonical":"https:\/\/www.rassegnastampa-totustuus.it\/cattolica\/oltraggio-alla-cultura\/","og_locale":"it_IT","og_type":"article","og_title":"Oltraggio alla cultura - Rassegna Stampa Cattolica","og_description":"Rassegna Stampa Cattolica - Per una cultura che nasce dalla Rivelazione cristiana in conformit\u00e0 alla tradizione e al Magistero della Chiesa in opposizione ad ogni relativismo e totalitarismo","og_url":"https:\/\/www.rassegnastampa-totustuus.it\/cattolica\/oltraggio-alla-cultura\/","og_site_name":"Rassegna Stampa Cattolica","article_publisher":"https:\/\/www.facebook.com\/rassegnastampacattolica","article_published_time":"2005-07-19T22:00:00+00:00","article_modified_time":"2016-02-23T14:07:12+00:00","og_image":[{"width":193,"height":262,"url":"https:\/\/www.rassegnastampa-totustuus.it\/cattolica\/wp-content\/uploads\/2005\/07\/libri_testo.jpg","type":"image\/jpeg"}],"author":"Redazione","twitter_card":"summary_large_image","twitter_creator":"@rassegnastampa9","twitter_site":"@rassegnastampa9","twitter_misc":{"Scritto da":"Redazione","Tempo di lettura stimato":"5 minuti"},"schema":{"@context":"https:\/\/schema.org","@graph":[{"@type":"Article","@id":"https:\/\/www.rassegnastampa-totustuus.it\/cattolica\/oltraggio-alla-cultura\/#article","isPartOf":{"@id":"https:\/\/www.rassegnastampa-totustuus.it\/cattolica\/oltraggio-alla-cultura\/"},"author":{"name":"Redazione","@id":"https:\/\/www.rassegnastampa-totustuus.it\/cattolica\/#\/schema\/person\/08f319d2bd1a0904ad9e2bfb7b15e5c3"},"headline":"Oltraggio alla cultura","datePublished":"2005-07-19T22:00:00+00:00","dateModified":"2016-02-23T14:07:12+00:00","mainEntityOfPage":{"@id":"https:\/\/www.rassegnastampa-totustuus.it\/cattolica\/oltraggio-alla-cultura\/"},"wordCount":979,"publisher":{"@id":"https:\/\/www.rassegnastampa-totustuus.it\/cattolica\/#organization"},"image":{"@id":"https:\/\/www.rassegnastampa-totustuus.it\/cattolica\/oltraggio-alla-cultura\/#primaryimage"},"thumbnailUrl":"https:\/\/www.rassegnastampa-totustuus.it\/cattolica\/wp-content\/uploads\/2005\/07\/libri_testo.jpg","keywords":["libri di testo","scuola"],"articleSection":["Scuola ed educazione"],"inLanguage":"it-IT"},{"@type":"WebPage","@id":"https:\/\/www.rassegnastampa-totustuus.it\/cattolica\/oltraggio-alla-cultura\/","url":"https:\/\/www.rassegnastampa-totustuus.it\/cattolica\/oltraggio-alla-cultura\/","name":"Oltraggio alla cultura - Rassegna Stampa Cattolica","isPartOf":{"@id":"https:\/\/www.rassegnastampa-totustuus.it\/cattolica\/#website"},"primaryImageOfPage":{"@id":"https:\/\/www.rassegnastampa-totustuus.it\/cattolica\/oltraggio-alla-cultura\/#primaryimage"},"image":{"@id":"https:\/\/www.rassegnastampa-totustuus.it\/cattolica\/oltraggio-alla-cultura\/#primaryimage"},"thumbnailUrl":"https:\/\/www.rassegnastampa-totustuus.it\/cattolica\/wp-content\/uploads\/2005\/07\/libri_testo.jpg","datePublished":"2005-07-19T22:00:00+00:00","dateModified":"2016-02-23T14:07:12+00:00","description":"Rassegna Stampa Cattolica - Per una cultura che nasce dalla Rivelazione cristiana in conformit\u00e0 alla tradizione e al Magistero della Chiesa in opposizione ad ogni relativismo e totalitarismo","breadcrumb":{"@id":"https:\/\/www.rassegnastampa-totustuus.it\/cattolica\/oltraggio-alla-cultura\/#breadcrumb"},"inLanguage":"it-IT","potentialAction":[{"@type":"ReadAction","target":["https:\/\/www.rassegnastampa-totustuus.it\/cattolica\/oltraggio-alla-cultura\/"]}]},{"@type":"ImageObject","inLanguage":"it-IT","@id":"https:\/\/www.rassegnastampa-totustuus.it\/cattolica\/oltraggio-alla-cultura\/#primaryimage","url":"https:\/\/www.rassegnastampa-totustuus.it\/cattolica\/wp-content\/uploads\/2005\/07\/libri_testo.jpg","contentUrl":"https:\/\/www.rassegnastampa-totustuus.it\/cattolica\/wp-content\/uploads\/2005\/07\/libri_testo.jpg","width":193,"height":262},{"@type":"BreadcrumbList","@id":"https:\/\/www.rassegnastampa-totustuus.it\/cattolica\/oltraggio-alla-cultura\/#breadcrumb","itemListElement":[{"@type":"ListItem","position":1,"name":"Home","item":"https:\/\/www.rassegnastampa-totustuus.it\/cattolica\/"},{"@type":"ListItem","position":2,"name":"Oltraggio alla cultura"}]},{"@type":"WebSite","@id":"https:\/\/www.rassegnastampa-totustuus.it\/cattolica\/#website","url":"https:\/\/www.rassegnastampa-totustuus.it\/cattolica\/","name":"Rassegna Stampa Cattolica","description":"Per una cultura che nasce dalla Rivelazione cristiana in conformit\u00e0 alla tradizione e al Magistero della Chiesa in opposizione ad ogni relativismo e totalitarismo","publisher":{"@id":"https:\/\/www.rassegnastampa-totustuus.it\/cattolica\/#organization"},"alternateName":"Rass. Cattolica","potentialAction":[{"@type":"SearchAction","target":{"@type":"EntryPoint","urlTemplate":"https:\/\/www.rassegnastampa-totustuus.it\/cattolica\/?s={search_term_string}"},"query-input":{"@type":"PropertyValueSpecification","valueRequired":true,"valueName":"search_term_string"}}],"inLanguage":"it-IT"},{"@type":"Organization","@id":"https:\/\/www.rassegnastampa-totustuus.it\/cattolica\/#organization","name":"Rassegna Stampa Cattolica","url":"https:\/\/www.rassegnastampa-totustuus.it\/cattolica\/","logo":{"@type":"ImageObject","inLanguage":"it-IT","@id":"https:\/\/www.rassegnastampa-totustuus.it\/cattolica\/#\/schema\/logo\/image\/","url":"https:\/\/www.rassegnastampa-totustuus.it\/cattolica\/wp-content\/uploads\/2014\/04\/logo-rassegna1.gif","contentUrl":"https:\/\/www.rassegnastampa-totustuus.it\/cattolica\/wp-content\/uploads\/2014\/04\/logo-rassegna1.gif","width":600,"height":163,"caption":"Rassegna Stampa Cattolica"},"image":{"@id":"https:\/\/www.rassegnastampa-totustuus.it\/cattolica\/#\/schema\/logo\/image\/"},"sameAs":["https:\/\/www.facebook.com\/rassegnastampacattolica","https:\/\/x.com\/rassegnastampa9"]},{"@type":"Person","@id":"https:\/\/www.rassegnastampa-totustuus.it\/cattolica\/#\/schema\/person\/08f319d2bd1a0904ad9e2bfb7b15e5c3","name":"Redazione","image":{"@type":"ImageObject","inLanguage":"it-IT","@id":"https:\/\/secure.gravatar.com\/avatar\/2fcdf27c78ea025fbdb44e914cc63c72249ffec9dc8aafd5c82b26240ef3f346?s=96&d=mm&r=g","url":"https:\/\/secure.gravatar.com\/avatar\/2fcdf27c78ea025fbdb44e914cc63c72249ffec9dc8aafd5c82b26240ef3f346?s=96&d=mm&r=g","contentUrl":"https:\/\/secure.gravatar.com\/avatar\/2fcdf27c78ea025fbdb44e914cc63c72249ffec9dc8aafd5c82b26240ef3f346?s=96&d=mm&r=g","caption":"Redazione"},"url":"https:\/\/www.rassegnastampa-totustuus.it\/cattolica\/author\/pietroelle\/"}]}},"_links":{"self":[{"href":"https:\/\/www.rassegnastampa-totustuus.it\/cattolica\/wp-json\/wp\/v2\/posts\/1050","targetHints":{"allow":["GET"]}}],"collection":[{"href":"https:\/\/www.rassegnastampa-totustuus.it\/cattolica\/wp-json\/wp\/v2\/posts"}],"about":[{"href":"https:\/\/www.rassegnastampa-totustuus.it\/cattolica\/wp-json\/wp\/v2\/types\/post"}],"author":[{"embeddable":true,"href":"https:\/\/www.rassegnastampa-totustuus.it\/cattolica\/wp-json\/wp\/v2\/users\/6"}],"replies":[{"embeddable":true,"href":"https:\/\/www.rassegnastampa-totustuus.it\/cattolica\/wp-json\/wp\/v2\/comments?post=1050"}],"version-history":[{"count":4,"href":"https:\/\/www.rassegnastampa-totustuus.it\/cattolica\/wp-json\/wp\/v2\/posts\/1050\/revisions"}],"predecessor-version":[{"id":30845,"href":"https:\/\/www.rassegnastampa-totustuus.it\/cattolica\/wp-json\/wp\/v2\/posts\/1050\/revisions\/30845"}],"wp:featuredmedia":[{"embeddable":true,"href":"https:\/\/www.rassegnastampa-totustuus.it\/cattolica\/wp-json\/wp\/v2\/media\/30844"}],"wp:attachment":[{"href":"https:\/\/www.rassegnastampa-totustuus.it\/cattolica\/wp-json\/wp\/v2\/media?parent=1050"}],"wp:term":[{"taxonomy":"category","embeddable":true,"href":"https:\/\/www.rassegnastampa-totustuus.it\/cattolica\/wp-json\/wp\/v2\/categories?post=1050"},{"taxonomy":"post_tag","embeddable":true,"href":"https:\/\/www.rassegnastampa-totustuus.it\/cattolica\/wp-json\/wp\/v2\/tags?post=1050"}],"curies":[{"name":"wp","href":"https:\/\/api.w.org\/{rel}","templated":true}]}}