{"id":1040,"date":"2005-07-19T09:54:51","date_gmt":"2005-07-19T07:54:51","guid":{"rendered":""},"modified":"2015-11-13T12:43:18","modified_gmt":"2015-11-13T11:43:18","slug":"trovare-la-via-nel-labirinto-fiscale","status":"publish","type":"post","link":"https:\/\/www.rassegnastampa-totustuus.it\/cattolica\/trovare-la-via-nel-labirinto-fiscale\/","title":{"rendered":"Trovare la via nel labirinto fiscale"},"content":{"rendered":"<div style=\"text-align: center;\"><strong><a href=\"https:\/\/www.rassegnastampa-totustuus.it\/cattolica\/wp-content\/uploads\/2005\/07\/fisco.jpg\"><img loading=\"lazy\" decoding=\"async\" class=\"alignleft wp-image-27722 \" src=\"https:\/\/www.rassegnastampa-totustuus.it\/cattolica\/wp-content\/uploads\/2005\/07\/fisco.jpg\" alt=\"fisco\" width=\"212\" height=\"172\" \/><\/a>Tempi<\/strong> num.29 del 12 luglio 2005<\/div>\n<p style=\"text-align: justify;\"><em>Il principio di sussidiariet\u00e0 fiscale trasforma il diritto-dovere al welfare ridonando sovranit\u00e0 al cittadino: prodromi di una &#8220;rivoluzione&#8221; moderna<\/em><\/p>\n<p style=\"text-align: center;\">di <strong>Antonini Luca<\/strong><br \/>\n<em>* Ordinario di Diritto Costituzionale, Padova<\/em><\/p>\n<p><!--more--><\/p>\n<div style=\"text-align: justify;\">Il principio di sussidiariet\u00e0 costituisce una precondizione fondamentale per lo sviluppo della democrazia. Soprattutto in un contesto come quello italiano, dove si avverte una forte crisi delle forme tradizionali della rappresentanza politica. Gran parte della &#8220;cittadella politica&#8221; appare, infatti, chiusa in un&#8217;autoreferenzialit\u00e0 che, come ha recentemente notato Galli Della Loggia, la rende assai poco capace d&#8217;inclusione.<\/div>\n<p style=\"text-align: justify;\">In questo clima dove \u00e8 drammaticamente aumentata la distanza tra Paese reale e Paese legale, il principio di sussidiariet\u00e0, soprattutto nella sua declinazione a livello fiscale, pu\u00f2 rappresentare la formula istituzionale offerta alla politica per riconcepire se stessa e il proprio ruolo intorno ad una nuova valorizzazione della sovranit\u00e0 popolare. E\u2019 facile notare come la &#8220;questione fiscale&#8221;, da questo punto di vista, sia stata da sempre legata a quella della democrazia. Lo dimostra il principio <em>no taxation without representation<\/em>, in nome del quale si accese la scintilla della rivoluzione americana.<\/p>\n<p style=\"text-align: justify;\">Oggetto del contendere, in connessione con interessi commerciali sempre pi\u00f9 divergenti, erano le tasse che la madrepatria pretendeva di imporre ai propri cittadini delle colonie senza che essi potessero dare il loro consenso, dal momento che non eleggevano propri rappresentanti a Westminster. Ma anche la rivoluzione francese \u00e8 attraversata dalla questione del consenso all&#8217;imposta.<\/p>\n<p style=\"text-align: justify;\">Sebbene la fiscalit\u00e0 rivoluzionaria nei giorni caldi del processo rivoluzionario si fosse poi dimostrata scarsamente popolare, si conserv\u00f2 comunque sullo sfondo l&#8217;idea no taxation without representation. In Fouret-Ozuf, Dizionario critico della rivoluzione francese, sotto la voce Imposta, si legge infatti che il deputato Lavie all&#8217;Assemblea nazionale del 1791 dichiar\u00f2: \u00abAbbiamo fatto la rivoluzione soltanto per essere i padroni dell&#8217;imposta\u00bb.<\/p>\n<p style=\"text-align: justify;\"><strong>I PILASTRI DELLA RENDITA<\/strong><\/p>\n<p style=\"text-align: justify;\">Ma cosa significa oggi essere padroni dell&#8217;imposta? \u00e8 questa la domanda che muove l&#8217;analisi del volume, in un percorso che si sviluppa dimostrando come, in un mondo che \u00e8 profondamente cambiato, le tradizionali garanzie di democraticit\u00e0 del principio no taxation without representation abbiano perso gran parte dell&#8217;antica efficacia. Se in McIlwain si legge: \u00abLa tassazione e la rappresentanza sono inseparabilmente unite: Dio le ha congiunte e nessun Parlamento britannico le pu\u00f2 separare\u00bb, in realt\u00e0 oggi la globalizzazione, di fatto, le separa.<\/p>\n<p style=\"text-align: justify;\">Oggi, infatti, il cittadino elettore pu\u00f2 scegliere il paese dove pagare i tributi e varie istituzioni internazionali erodono la sovranit\u00e0 fiscale dei Parlamenti nazionali. Questi ultimi, sono sempre pi\u00f9 condizionati da istituzioni sovranazionali e internazionali (Wto, Banca Mondiale, Commissione Europea, ecc.) che scontano un evidente deficit di democraticit\u00e0.<\/p>\n<p style=\"text-align: justify;\">In altre parole: il cittadino elegge i parlamentari, ma non sono pi\u00f9 questi i soli sovrani della decisione fiscale, che \u00e8 sempre pi\u00f9 condizionata dai veti e dalle risoluzioni di organismi internazionali che non sono eletti direttamente dai cittadini. Il potere politico nazionale, inoltre, nei suoi spazi residui di sovranit\u00e0 fiscale appare ancora troppo legato alle vecchie logiche delle rendite tipiche del Welfare State, che hanno spesso favorito gli interessi dei fornitori (burocrati, sindacalisti, ecc.) anzich\u00e9 quelli dei destinatari dei servizi. Una rendita di posizione ha protetto i fornitori dei servizi dalla concorrenza, che hanno spesso utilizzato l&#8217;apparato a loro vantaggio, mentre gli utenti non hanno avuto alcuna voce in capitolo.<\/p>\n<p style=\"text-align: justify;\"><strong>LA PALUDE PATERNALISTA<\/strong><\/p>\n<p style=\"text-align: justify;\">Nelle paludi del sottogoverno si annida quindi la rendita, alimentata dalla fantasia di tante norme e codicilli &#8220;ad arte&#8221; che ad ogni finanziaria, pi\u00f9 o meno nascostamente, ritornano tranquillamente a vivere. Ma la perdita di legittimazione del modello &#8220;burocratico impostivo&#8221; oggi non consente pi\u00f9 di sorvolare sull&#8217;appannamento di alcuni princ\u00ecpi di libert\u00e0 prodotto dalle concezioni &#8220;paternalistiche&#8221; in cambio di un alto grado di protezione sociale.<\/p>\n<p style=\"text-align: justify;\">Al cittadino non si pu\u00f2 pi\u00f9 chiedere di subire una pressione fiscale di tipo scandinavo per ottenere in cambio dei servizi sociali inefficienti. Un semplice dato: nel 2003 per un impiegato con un reddito di 37.336 euro, con moglie figlio a carico, il <em>tax freedom day<\/em> cadeva il 22 giugno e per un operaio con un reddito di 18.700 euro, nelle stesse condizioni, cadeva il 15 maggio, \u00e8 tollerabile che quell&#8217;operaio con un reddito basso lavori per lo Stato fino al 14 maggio e poi si ritrovi in cambio un sistema di assistenza sociale e dei servizi pubblici sempre meno efficienti, per via delle rendite che resistono, per alcuni tagli alla spesa pubblica magari inopportuni, perch\u00e9 le risorse chiss\u00e0 dove finiscono?<\/p>\n<p style=\"text-align: justify;\">Oppure: \u00e8 ancora giustificata la tassazione sperequata, figlia della finanza allegra degli anni Ottanta, che si dimostra gravemente punitiva per i ceti produttivi e sfacciatamente favorevole per la rendita finanziaria?<\/p>\n<p style=\"text-align: justify;\"><strong>L&#8217;ESEMPIO ESTERO<\/strong><\/p>\n<p style=\"text-align: justify;\">E&#8217; interessante mostrare quanto invece hanno fatto altri Paesi, come ad esempio la Germania, che negli scorsi anni ha posto un limite costituzionale alla pressione fiscale e ha sviluppato una politica per la famiglia che permette di dedurre fino a 15 mila euro all&#8217;anno per figlio a carico. Oppure come la Gran Bretagna che ha avviato un reale modello di Welfare Mix, combattendo l&#8217;inefficenza.<\/p>\n<p style=\"text-align: justify;\">Il principio di sussidiariet\u00e0 fiscale pu\u00f2 allora costituire una \u00abrivoluzione\u00bb moderna, un antidoto alla perduta democrazia. Il volume ne declina fondamenti, applicazioni e sviluppi (De Tax, \u00abPi\u00f9 dai, meno versi\u00bb, 8 per mille a favore di Non Profit e ricerca, ecc.) mostrando come il cittadino possa recuperare sovranit\u00e0, fino a tornare ad essere \u00abpadrone\u00bb dell&#8217;imposta.<\/p>\n<p style=\"text-align: justify;\">Sar\u00e0 il cittadino, in altre parole, a tagliare dal basso la spesa sociale inefficiente e a finanziare, promuovendola, quella efficiente. Il diritto alla libert\u00e0 di scelta riguardo alla destinazione delle proprie risorse ad agenti Non Profit che svolgono servizi sociali meritori rivaluta, infatti, una possibilit\u00e0 di selezione della spesa sociale efficiente strutturata su un diretto esercizio della sovranit\u00e0 popolare da parte del contribuente, riducendo la mediazione del principio rappresentativo tradizionale.<\/p>\n<p style=\"text-align: justify;\">Lo stesso federalismo fiscale, attuazione della sussidiariet\u00e0 fiscale verticale, realizza una pi\u00f9 diretta ed efficace possibilit\u00e0 di controllo sullo spending power dei governanti. Ed \u00e8 proprio urgente riformare il vigente modello di federalismo fiscale, il decreto legislativo N. 56\/2000 fatto nella scorsa legislatura che ha letteralmente strangolato il Sud senza premiare minimamente chi aveva tentato di risanare i bilanci regionali (vedi il caso Puglia).<\/p>\n<p style=\"text-align: justify;\"><strong>LA POSTA IN GIOCO<\/strong><\/p>\n<p style=\"text-align: justify;\">Come osserva Lorenzo Ornaghi nella prefazione al volume Sussidiariet\u00e0 fiscale (Guerini e associati, 2005): \u00abNella sua duplice dimensione verticale e orizzontale, allora, la sussidiariet\u00e0 realmente costituisce una moderna &#8220;rivoluzione&#8221;. Lo \u00e8 rispetto alla questione del come governare in una societ\u00e0 e in uno Stato che sono, entrambi, sempre pi\u00f9 &#8220;al plurale&#8221;. Lo \u00e8 anche, in particolare, nei confronti degli indispensabili rapporti di interdipendenza e coerenza (troppo spesso trascurati, invero, negli ultimi decenni) tra governabilit\u00e0 e rappresentativit\u00e0.<\/p>\n<p style=\"text-align: justify;\">La sussidiariet\u00e0 fiscale, ponendo un argine agli sprechi e al proliferare delle rendite politiche, \u00e8 il mezzo forse pi\u00f9 efficace per far s\u00ec che il dovere-diritto del cittadino al welfare non suoni come una formula stantia, sempre pi\u00f9 retorica, talvolta irritante poich\u00e9 percepita dai cittadini soltanto nei suoi elementi ideologici\u00bb. Quello che \u00e8 in gioco, in fondo, \u00e8 ancora la democrazia.<\/p>\n","protected":false},"excerpt":{"rendered":"<p>Tempi num.29 del 12 luglio 2005 Il principio di sussidiariet\u00e0 fiscale trasforma il diritto-dovere al welfare ridonando sovranit\u00e0 al cittadino: prodromi di una &#8220;rivoluzione&#8221; moderna di Antonini Luca * Ordinario di Diritto Costituzionale, Padova<\/p><p><a class=\"more-link btn\" href=\"https:\/\/www.rassegnastampa-totustuus.it\/cattolica\/trovare-la-via-nel-labirinto-fiscale\/\">Continua a leggere<\/a><\/p>\n","protected":false},"author":6,"featured_media":27722,"comment_status":"closed","ping_status":"open","sticky":false,"template":"","format":"standard","meta":{"footnotes":""},"categories":[58],"tags":[145],"class_list":["post-1040","post","type-post","status-publish","format-standard","has-post-thumbnail","hentry","category-fisco","tag-fisco-2","item-wrap"],"yoast_head":"<!-- This site is optimized with the Yoast SEO plugin v27.5 - https:\/\/yoast.com\/product\/yoast-seo-wordpress\/ -->\n<title>Trovare la via nel labirinto fiscale - Rassegna Stampa Cattolica<\/title>\n<meta name=\"description\" content=\"Rassegna Stampa Cattolica - Per una cultura che nasce dalla Rivelazione cristiana in conformit\u00e0 alla tradizione e al Magistero della Chiesa in opposizione ad ogni relativismo e totalitarismo\" \/>\n<meta name=\"robots\" content=\"index, follow, max-snippet:-1, max-image-preview:large, max-video-preview:-1\" \/>\n<link rel=\"canonical\" href=\"https:\/\/www.rassegnastampa-totustuus.it\/cattolica\/trovare-la-via-nel-labirinto-fiscale\/\" \/>\n<meta property=\"og:locale\" content=\"it_IT\" \/>\n<meta property=\"og:type\" content=\"article\" \/>\n<meta property=\"og:title\" content=\"Trovare la via nel labirinto fiscale - Rassegna Stampa Cattolica\" \/>\n<meta property=\"og:description\" content=\"Rassegna Stampa Cattolica - Per una cultura che nasce dalla Rivelazione cristiana in conformit\u00e0 alla tradizione e al Magistero della Chiesa in opposizione ad ogni relativismo e totalitarismo\" \/>\n<meta property=\"og:url\" content=\"https:\/\/www.rassegnastampa-totustuus.it\/cattolica\/trovare-la-via-nel-labirinto-fiscale\/\" \/>\n<meta property=\"og:site_name\" content=\"Rassegna Stampa Cattolica\" \/>\n<meta property=\"article:publisher\" content=\"https:\/\/www.facebook.com\/rassegnastampacattolica\" \/>\n<meta property=\"article:published_time\" content=\"2005-07-19T07:54:51+00:00\" \/>\n<meta property=\"article:modified_time\" content=\"2015-11-13T11:43:18+00:00\" \/>\n<meta property=\"og:image\" content=\"https:\/\/www.rassegnastampa-totustuus.it\/cattolica\/wp-content\/uploads\/2005\/07\/fisco.jpg\" \/>\n\t<meta property=\"og:image:width\" content=\"249\" \/>\n\t<meta property=\"og:image:height\" content=\"202\" \/>\n\t<meta property=\"og:image:type\" content=\"image\/jpeg\" \/>\n<meta name=\"author\" content=\"Redazione\" \/>\n<meta name=\"twitter:card\" content=\"summary_large_image\" \/>\n<meta name=\"twitter:creator\" content=\"@rassegnastampa9\" \/>\n<meta name=\"twitter:site\" content=\"@rassegnastampa9\" \/>\n<meta name=\"twitter:label1\" content=\"Scritto da\" \/>\n\t<meta name=\"twitter:data1\" content=\"Redazione\" \/>\n\t<meta name=\"twitter:label2\" content=\"Tempo di lettura stimato\" \/>\n\t<meta name=\"twitter:data2\" content=\"6 minuti\" \/>\n<script type=\"application\/ld+json\" class=\"yoast-schema-graph\">{\"@context\":\"https:\\\/\\\/schema.org\",\"@graph\":[{\"@type\":\"Article\",\"@id\":\"https:\\\/\\\/www.rassegnastampa-totustuus.it\\\/cattolica\\\/trovare-la-via-nel-labirinto-fiscale\\\/#article\",\"isPartOf\":{\"@id\":\"https:\\\/\\\/www.rassegnastampa-totustuus.it\\\/cattolica\\\/trovare-la-via-nel-labirinto-fiscale\\\/\"},\"author\":{\"name\":\"Redazione\",\"@id\":\"https:\\\/\\\/www.rassegnastampa-totustuus.it\\\/cattolica\\\/#\\\/schema\\\/person\\\/08f319d2bd1a0904ad9e2bfb7b15e5c3\"},\"headline\":\"Trovare la via nel labirinto fiscale\",\"datePublished\":\"2005-07-19T07:54:51+00:00\",\"dateModified\":\"2015-11-13T11:43:18+00:00\",\"mainEntityOfPage\":{\"@id\":\"https:\\\/\\\/www.rassegnastampa-totustuus.it\\\/cattolica\\\/trovare-la-via-nel-labirinto-fiscale\\\/\"},\"wordCount\":1148,\"publisher\":{\"@id\":\"https:\\\/\\\/www.rassegnastampa-totustuus.it\\\/cattolica\\\/#organization\"},\"image\":{\"@id\":\"https:\\\/\\\/www.rassegnastampa-totustuus.it\\\/cattolica\\\/trovare-la-via-nel-labirinto-fiscale\\\/#primaryimage\"},\"thumbnailUrl\":\"https:\\\/\\\/www.rassegnastampa-totustuus.it\\\/cattolica\\\/wp-content\\\/uploads\\\/2005\\\/07\\\/fisco.jpg\",\"keywords\":[\"fisco\"],\"articleSection\":[\"Fisco\"],\"inLanguage\":\"it-IT\"},{\"@type\":\"WebPage\",\"@id\":\"https:\\\/\\\/www.rassegnastampa-totustuus.it\\\/cattolica\\\/trovare-la-via-nel-labirinto-fiscale\\\/\",\"url\":\"https:\\\/\\\/www.rassegnastampa-totustuus.it\\\/cattolica\\\/trovare-la-via-nel-labirinto-fiscale\\\/\",\"name\":\"Trovare la via nel labirinto fiscale - Rassegna Stampa Cattolica\",\"isPartOf\":{\"@id\":\"https:\\\/\\\/www.rassegnastampa-totustuus.it\\\/cattolica\\\/#website\"},\"primaryImageOfPage\":{\"@id\":\"https:\\\/\\\/www.rassegnastampa-totustuus.it\\\/cattolica\\\/trovare-la-via-nel-labirinto-fiscale\\\/#primaryimage\"},\"image\":{\"@id\":\"https:\\\/\\\/www.rassegnastampa-totustuus.it\\\/cattolica\\\/trovare-la-via-nel-labirinto-fiscale\\\/#primaryimage\"},\"thumbnailUrl\":\"https:\\\/\\\/www.rassegnastampa-totustuus.it\\\/cattolica\\\/wp-content\\\/uploads\\\/2005\\\/07\\\/fisco.jpg\",\"datePublished\":\"2005-07-19T07:54:51+00:00\",\"dateModified\":\"2015-11-13T11:43:18+00:00\",\"description\":\"Rassegna Stampa Cattolica - Per una cultura che nasce dalla Rivelazione cristiana in conformit\u00e0 alla tradizione e al Magistero della Chiesa in opposizione ad ogni relativismo e totalitarismo\",\"breadcrumb\":{\"@id\":\"https:\\\/\\\/www.rassegnastampa-totustuus.it\\\/cattolica\\\/trovare-la-via-nel-labirinto-fiscale\\\/#breadcrumb\"},\"inLanguage\":\"it-IT\",\"potentialAction\":[{\"@type\":\"ReadAction\",\"target\":[\"https:\\\/\\\/www.rassegnastampa-totustuus.it\\\/cattolica\\\/trovare-la-via-nel-labirinto-fiscale\\\/\"]}]},{\"@type\":\"ImageObject\",\"inLanguage\":\"it-IT\",\"@id\":\"https:\\\/\\\/www.rassegnastampa-totustuus.it\\\/cattolica\\\/trovare-la-via-nel-labirinto-fiscale\\\/#primaryimage\",\"url\":\"https:\\\/\\\/www.rassegnastampa-totustuus.it\\\/cattolica\\\/wp-content\\\/uploads\\\/2005\\\/07\\\/fisco.jpg\",\"contentUrl\":\"https:\\\/\\\/www.rassegnastampa-totustuus.it\\\/cattolica\\\/wp-content\\\/uploads\\\/2005\\\/07\\\/fisco.jpg\",\"width\":249,\"height\":202},{\"@type\":\"BreadcrumbList\",\"@id\":\"https:\\\/\\\/www.rassegnastampa-totustuus.it\\\/cattolica\\\/trovare-la-via-nel-labirinto-fiscale\\\/#breadcrumb\",\"itemListElement\":[{\"@type\":\"ListItem\",\"position\":1,\"name\":\"Home\",\"item\":\"https:\\\/\\\/www.rassegnastampa-totustuus.it\\\/cattolica\\\/\"},{\"@type\":\"ListItem\",\"position\":2,\"name\":\"Trovare la via nel labirinto fiscale\"}]},{\"@type\":\"WebSite\",\"@id\":\"https:\\\/\\\/www.rassegnastampa-totustuus.it\\\/cattolica\\\/#website\",\"url\":\"https:\\\/\\\/www.rassegnastampa-totustuus.it\\\/cattolica\\\/\",\"name\":\"Rassegna Stampa Cattolica\",\"description\":\"Per una cultura che nasce dalla Rivelazione cristiana in conformit\u00e0 alla tradizione e al Magistero della Chiesa in opposizione ad ogni relativismo e totalitarismo\",\"publisher\":{\"@id\":\"https:\\\/\\\/www.rassegnastampa-totustuus.it\\\/cattolica\\\/#organization\"},\"alternateName\":\"Rass. Cattolica\",\"potentialAction\":[{\"@type\":\"SearchAction\",\"target\":{\"@type\":\"EntryPoint\",\"urlTemplate\":\"https:\\\/\\\/www.rassegnastampa-totustuus.it\\\/cattolica\\\/?s={search_term_string}\"},\"query-input\":{\"@type\":\"PropertyValueSpecification\",\"valueRequired\":true,\"valueName\":\"search_term_string\"}}],\"inLanguage\":\"it-IT\"},{\"@type\":\"Organization\",\"@id\":\"https:\\\/\\\/www.rassegnastampa-totustuus.it\\\/cattolica\\\/#organization\",\"name\":\"Rassegna Stampa Cattolica\",\"url\":\"https:\\\/\\\/www.rassegnastampa-totustuus.it\\\/cattolica\\\/\",\"logo\":{\"@type\":\"ImageObject\",\"inLanguage\":\"it-IT\",\"@id\":\"https:\\\/\\\/www.rassegnastampa-totustuus.it\\\/cattolica\\\/#\\\/schema\\\/logo\\\/image\\\/\",\"url\":\"https:\\\/\\\/www.rassegnastampa-totustuus.it\\\/cattolica\\\/wp-content\\\/uploads\\\/2014\\\/04\\\/logo-rassegna1.gif\",\"contentUrl\":\"https:\\\/\\\/www.rassegnastampa-totustuus.it\\\/cattolica\\\/wp-content\\\/uploads\\\/2014\\\/04\\\/logo-rassegna1.gif\",\"width\":600,\"height\":163,\"caption\":\"Rassegna Stampa Cattolica\"},\"image\":{\"@id\":\"https:\\\/\\\/www.rassegnastampa-totustuus.it\\\/cattolica\\\/#\\\/schema\\\/logo\\\/image\\\/\"},\"sameAs\":[\"https:\\\/\\\/www.facebook.com\\\/rassegnastampacattolica\",\"https:\\\/\\\/x.com\\\/rassegnastampa9\"]},{\"@type\":\"Person\",\"@id\":\"https:\\\/\\\/www.rassegnastampa-totustuus.it\\\/cattolica\\\/#\\\/schema\\\/person\\\/08f319d2bd1a0904ad9e2bfb7b15e5c3\",\"name\":\"Redazione\",\"image\":{\"@type\":\"ImageObject\",\"inLanguage\":\"it-IT\",\"@id\":\"https:\\\/\\\/secure.gravatar.com\\\/avatar\\\/2fcdf27c78ea025fbdb44e914cc63c72249ffec9dc8aafd5c82b26240ef3f346?s=96&d=mm&r=g\",\"url\":\"https:\\\/\\\/secure.gravatar.com\\\/avatar\\\/2fcdf27c78ea025fbdb44e914cc63c72249ffec9dc8aafd5c82b26240ef3f346?s=96&d=mm&r=g\",\"contentUrl\":\"https:\\\/\\\/secure.gravatar.com\\\/avatar\\\/2fcdf27c78ea025fbdb44e914cc63c72249ffec9dc8aafd5c82b26240ef3f346?s=96&d=mm&r=g\",\"caption\":\"Redazione\"},\"url\":\"https:\\\/\\\/www.rassegnastampa-totustuus.it\\\/cattolica\\\/author\\\/pietroelle\\\/\"}]}<\/script>\n<!-- \/ Yoast SEO plugin. -->","yoast_head_json":{"title":"Trovare la via nel labirinto fiscale - Rassegna Stampa Cattolica","description":"Rassegna Stampa Cattolica - Per una cultura che nasce dalla Rivelazione cristiana in conformit\u00e0 alla tradizione e al Magistero della Chiesa in opposizione ad ogni relativismo e totalitarismo","robots":{"index":"index","follow":"follow","max-snippet":"max-snippet:-1","max-image-preview":"max-image-preview:large","max-video-preview":"max-video-preview:-1"},"canonical":"https:\/\/www.rassegnastampa-totustuus.it\/cattolica\/trovare-la-via-nel-labirinto-fiscale\/","og_locale":"it_IT","og_type":"article","og_title":"Trovare la via nel labirinto fiscale - Rassegna Stampa Cattolica","og_description":"Rassegna Stampa Cattolica - Per una cultura che nasce dalla Rivelazione cristiana in conformit\u00e0 alla tradizione e al Magistero della Chiesa in opposizione ad ogni relativismo e totalitarismo","og_url":"https:\/\/www.rassegnastampa-totustuus.it\/cattolica\/trovare-la-via-nel-labirinto-fiscale\/","og_site_name":"Rassegna Stampa Cattolica","article_publisher":"https:\/\/www.facebook.com\/rassegnastampacattolica","article_published_time":"2005-07-19T07:54:51+00:00","article_modified_time":"2015-11-13T11:43:18+00:00","og_image":[{"width":249,"height":202,"url":"https:\/\/www.rassegnastampa-totustuus.it\/cattolica\/wp-content\/uploads\/2005\/07\/fisco.jpg","type":"image\/jpeg"}],"author":"Redazione","twitter_card":"summary_large_image","twitter_creator":"@rassegnastampa9","twitter_site":"@rassegnastampa9","twitter_misc":{"Scritto da":"Redazione","Tempo di lettura stimato":"6 minuti"},"schema":{"@context":"https:\/\/schema.org","@graph":[{"@type":"Article","@id":"https:\/\/www.rassegnastampa-totustuus.it\/cattolica\/trovare-la-via-nel-labirinto-fiscale\/#article","isPartOf":{"@id":"https:\/\/www.rassegnastampa-totustuus.it\/cattolica\/trovare-la-via-nel-labirinto-fiscale\/"},"author":{"name":"Redazione","@id":"https:\/\/www.rassegnastampa-totustuus.it\/cattolica\/#\/schema\/person\/08f319d2bd1a0904ad9e2bfb7b15e5c3"},"headline":"Trovare la via nel labirinto fiscale","datePublished":"2005-07-19T07:54:51+00:00","dateModified":"2015-11-13T11:43:18+00:00","mainEntityOfPage":{"@id":"https:\/\/www.rassegnastampa-totustuus.it\/cattolica\/trovare-la-via-nel-labirinto-fiscale\/"},"wordCount":1148,"publisher":{"@id":"https:\/\/www.rassegnastampa-totustuus.it\/cattolica\/#organization"},"image":{"@id":"https:\/\/www.rassegnastampa-totustuus.it\/cattolica\/trovare-la-via-nel-labirinto-fiscale\/#primaryimage"},"thumbnailUrl":"https:\/\/www.rassegnastampa-totustuus.it\/cattolica\/wp-content\/uploads\/2005\/07\/fisco.jpg","keywords":["fisco"],"articleSection":["Fisco"],"inLanguage":"it-IT"},{"@type":"WebPage","@id":"https:\/\/www.rassegnastampa-totustuus.it\/cattolica\/trovare-la-via-nel-labirinto-fiscale\/","url":"https:\/\/www.rassegnastampa-totustuus.it\/cattolica\/trovare-la-via-nel-labirinto-fiscale\/","name":"Trovare la via nel labirinto fiscale - Rassegna Stampa Cattolica","isPartOf":{"@id":"https:\/\/www.rassegnastampa-totustuus.it\/cattolica\/#website"},"primaryImageOfPage":{"@id":"https:\/\/www.rassegnastampa-totustuus.it\/cattolica\/trovare-la-via-nel-labirinto-fiscale\/#primaryimage"},"image":{"@id":"https:\/\/www.rassegnastampa-totustuus.it\/cattolica\/trovare-la-via-nel-labirinto-fiscale\/#primaryimage"},"thumbnailUrl":"https:\/\/www.rassegnastampa-totustuus.it\/cattolica\/wp-content\/uploads\/2005\/07\/fisco.jpg","datePublished":"2005-07-19T07:54:51+00:00","dateModified":"2015-11-13T11:43:18+00:00","description":"Rassegna Stampa Cattolica - Per una cultura che nasce dalla Rivelazione cristiana in conformit\u00e0 alla tradizione e al Magistero della Chiesa in opposizione ad ogni relativismo e totalitarismo","breadcrumb":{"@id":"https:\/\/www.rassegnastampa-totustuus.it\/cattolica\/trovare-la-via-nel-labirinto-fiscale\/#breadcrumb"},"inLanguage":"it-IT","potentialAction":[{"@type":"ReadAction","target":["https:\/\/www.rassegnastampa-totustuus.it\/cattolica\/trovare-la-via-nel-labirinto-fiscale\/"]}]},{"@type":"ImageObject","inLanguage":"it-IT","@id":"https:\/\/www.rassegnastampa-totustuus.it\/cattolica\/trovare-la-via-nel-labirinto-fiscale\/#primaryimage","url":"https:\/\/www.rassegnastampa-totustuus.it\/cattolica\/wp-content\/uploads\/2005\/07\/fisco.jpg","contentUrl":"https:\/\/www.rassegnastampa-totustuus.it\/cattolica\/wp-content\/uploads\/2005\/07\/fisco.jpg","width":249,"height":202},{"@type":"BreadcrumbList","@id":"https:\/\/www.rassegnastampa-totustuus.it\/cattolica\/trovare-la-via-nel-labirinto-fiscale\/#breadcrumb","itemListElement":[{"@type":"ListItem","position":1,"name":"Home","item":"https:\/\/www.rassegnastampa-totustuus.it\/cattolica\/"},{"@type":"ListItem","position":2,"name":"Trovare la via nel labirinto fiscale"}]},{"@type":"WebSite","@id":"https:\/\/www.rassegnastampa-totustuus.it\/cattolica\/#website","url":"https:\/\/www.rassegnastampa-totustuus.it\/cattolica\/","name":"Rassegna Stampa Cattolica","description":"Per una cultura che nasce dalla Rivelazione cristiana in conformit\u00e0 alla tradizione e al Magistero della Chiesa in opposizione ad ogni relativismo e totalitarismo","publisher":{"@id":"https:\/\/www.rassegnastampa-totustuus.it\/cattolica\/#organization"},"alternateName":"Rass. Cattolica","potentialAction":[{"@type":"SearchAction","target":{"@type":"EntryPoint","urlTemplate":"https:\/\/www.rassegnastampa-totustuus.it\/cattolica\/?s={search_term_string}"},"query-input":{"@type":"PropertyValueSpecification","valueRequired":true,"valueName":"search_term_string"}}],"inLanguage":"it-IT"},{"@type":"Organization","@id":"https:\/\/www.rassegnastampa-totustuus.it\/cattolica\/#organization","name":"Rassegna Stampa Cattolica","url":"https:\/\/www.rassegnastampa-totustuus.it\/cattolica\/","logo":{"@type":"ImageObject","inLanguage":"it-IT","@id":"https:\/\/www.rassegnastampa-totustuus.it\/cattolica\/#\/schema\/logo\/image\/","url":"https:\/\/www.rassegnastampa-totustuus.it\/cattolica\/wp-content\/uploads\/2014\/04\/logo-rassegna1.gif","contentUrl":"https:\/\/www.rassegnastampa-totustuus.it\/cattolica\/wp-content\/uploads\/2014\/04\/logo-rassegna1.gif","width":600,"height":163,"caption":"Rassegna Stampa Cattolica"},"image":{"@id":"https:\/\/www.rassegnastampa-totustuus.it\/cattolica\/#\/schema\/logo\/image\/"},"sameAs":["https:\/\/www.facebook.com\/rassegnastampacattolica","https:\/\/x.com\/rassegnastampa9"]},{"@type":"Person","@id":"https:\/\/www.rassegnastampa-totustuus.it\/cattolica\/#\/schema\/person\/08f319d2bd1a0904ad9e2bfb7b15e5c3","name":"Redazione","image":{"@type":"ImageObject","inLanguage":"it-IT","@id":"https:\/\/secure.gravatar.com\/avatar\/2fcdf27c78ea025fbdb44e914cc63c72249ffec9dc8aafd5c82b26240ef3f346?s=96&d=mm&r=g","url":"https:\/\/secure.gravatar.com\/avatar\/2fcdf27c78ea025fbdb44e914cc63c72249ffec9dc8aafd5c82b26240ef3f346?s=96&d=mm&r=g","contentUrl":"https:\/\/secure.gravatar.com\/avatar\/2fcdf27c78ea025fbdb44e914cc63c72249ffec9dc8aafd5c82b26240ef3f346?s=96&d=mm&r=g","caption":"Redazione"},"url":"https:\/\/www.rassegnastampa-totustuus.it\/cattolica\/author\/pietroelle\/"}]}},"_links":{"self":[{"href":"https:\/\/www.rassegnastampa-totustuus.it\/cattolica\/wp-json\/wp\/v2\/posts\/1040","targetHints":{"allow":["GET"]}}],"collection":[{"href":"https:\/\/www.rassegnastampa-totustuus.it\/cattolica\/wp-json\/wp\/v2\/posts"}],"about":[{"href":"https:\/\/www.rassegnastampa-totustuus.it\/cattolica\/wp-json\/wp\/v2\/types\/post"}],"author":[{"embeddable":true,"href":"https:\/\/www.rassegnastampa-totustuus.it\/cattolica\/wp-json\/wp\/v2\/users\/6"}],"replies":[{"embeddable":true,"href":"https:\/\/www.rassegnastampa-totustuus.it\/cattolica\/wp-json\/wp\/v2\/comments?post=1040"}],"version-history":[{"count":3,"href":"https:\/\/www.rassegnastampa-totustuus.it\/cattolica\/wp-json\/wp\/v2\/posts\/1040\/revisions"}],"predecessor-version":[{"id":27723,"href":"https:\/\/www.rassegnastampa-totustuus.it\/cattolica\/wp-json\/wp\/v2\/posts\/1040\/revisions\/27723"}],"wp:featuredmedia":[{"embeddable":true,"href":"https:\/\/www.rassegnastampa-totustuus.it\/cattolica\/wp-json\/wp\/v2\/media\/27722"}],"wp:attachment":[{"href":"https:\/\/www.rassegnastampa-totustuus.it\/cattolica\/wp-json\/wp\/v2\/media?parent=1040"}],"wp:term":[{"taxonomy":"category","embeddable":true,"href":"https:\/\/www.rassegnastampa-totustuus.it\/cattolica\/wp-json\/wp\/v2\/categories?post=1040"},{"taxonomy":"post_tag","embeddable":true,"href":"https:\/\/www.rassegnastampa-totustuus.it\/cattolica\/wp-json\/wp\/v2\/tags?post=1040"}],"curies":[{"name":"wp","href":"https:\/\/api.w.org\/{rel}","templated":true}]}}