{"id":1000,"date":"2005-07-17T00:00:00","date_gmt":"2005-07-16T22:00:00","guid":{"rendered":""},"modified":"2016-06-20T11:12:05","modified_gmt":"2016-06-20T09:12:05","slug":"la-politica-tra-realt-utopia-e-gnosi","status":"publish","type":"post","link":"https:\/\/www.rassegnastampa-totustuus.it\/cattolica\/la-politica-tra-realt-utopia-e-gnosi\/","title":{"rendered":"La politica tra realt&agrave;, utopia e gnosi"},"content":{"rendered":"<div style=\"text-align: center;\"><strong><img loading=\"lazy\" decoding=\"async\" class=\"size-full wp-image-35128 alignleft\" src=\"https:\/\/www.rassegnastampa-totustuus.it\/cattolica\/wp-content\/uploads\/2005\/07\/antipolitica.jpg\" alt=\"antipolitica\" width=\"275\" height=\"183\" \/>www.ragionpolitica.it<\/strong> 29 maggio 2003<\/div>\n<p style=\"text-align: center;\">di <strong>Gianteo Bordero<\/strong><\/p>\n<p style=\"text-align: justify;\">Il realismo genera politica, l&#8217;utopismo genera il suo contrario: l&#8217;antipolitica. Molto oggi si discute sullo scarso interesse dei giovani nei confronti della politica. Esso deriva, sostanzialmente, proprio dall&#8217;abbandono del realismo come criterio e cardine cultural-politico per eccellenza. Se oggi sussiste un impegno politico giovanile &#8220;di massa&#8221;, questo abita a sinistra, ma non come salvaguardia e propagazione delle ragioni della politica, bens\u00ec come distruzione di essa nel nome dell&#8217;anti-politica, cio\u00e8 dell&#8217;utopismo. Il no-global \u00e8 solo la punta dell&#8217;iceberg di questo diffuso sommovimento anti-realista, che affonda la sua visione politica in una concezione gnostica della realt\u00e0.<\/p>\n<p><!--more--><\/p>\n<div style=\"text-align: justify;\">Se non si tiene conto del ritorno della gnosi non si comprende il sorgere, in questi anni, dei movimenti dell&#8217;antagonismo sociale. Lo gnosticismo (da &#8220;gnosis&#8221;, conoscenza) rovesci\u00f2, sin dal suo sorgere, l&#8217;idea greco-classica di un&#8217;originaria bont\u00e0 di tutto ci\u00f2 che \u00e8; Platone prima e Aristotele poi espressero questo pensiero col termine &#8220;kosmos&#8221;, ordine. Per l&#8217;universo concettuale dei Greci il mondo era conoscibile in quanto ordinato e armonico.<\/div>\n<p style=\"text-align: justify;\">Per lo gnosticismo &#8211; come ha osservato in un suo saggio Hans Jonas &#8211; \u00abil cosmo \u00e8 ordine e legge, ma un ordine rigido e nemico, una legge tirannica e malvagia, priva di significato e di bont\u00e0, estranea agli scopi dell&#8217;uomo e alla sua essenza interna, non oggetto della sua comunicazione e affermazione\u00bb.<\/p>\n<p style=\"text-align: justify;\">Il concetto di ordine si era poi dilatato, presso i Greci, passando dalla sfera prettamente filosofico-concettuale a quella sociale e civile: nacque l&#8217;idea di &#8220;polis&#8221;: la citt\u00e0 come convivenza fondata sul &#8220;kosmos&#8221;. Un ateniese del V secolo a.C. viveva la polis come dimensione essenziale del suo stesso essere, e l&#8217;agor\u00e0, la piazza, era proprio il luogo fisico espressivo di questa societ\u00e0 fondata sull&#8217;ordine della realt\u00e0 e sulla centralit\u00e0 della categoria aristotelica di &#8220;relazione&#8221; tra gli enti.<\/p>\n<p style=\"text-align: justify;\">\u00abLo gnosticismo, con la sua teoria dell&#8217;inimicizia tra uomo e mondo (e col suo corrispettivo metafisico del dualismo tra Dio e mondo) metteva in crisi l&#8217;idea classica di polis: Il pensiero gnostico &#8211; scrive ancora Jonas &#8211; \u00e8 ispirato alla scoperta angosciosa della solitudine cosmica dell&#8217;uomo\u00bb.<\/p>\n<p style=\"text-align: justify;\">Per lo gnosticismo non c&#8217;\u00e8 dunque polis che tenga: l&#8217;uomo \u00e8 un punto sperduto nell&#8217;universo, in lotta inimicale con tutto ci\u00f2 che lo circonda. L&#8217;uomo non \u00e8 pi\u00f9 &#8220;animale razionale e politico&#8221;: piuttosto egli \u00e8 definito dalla sua profonda solitudine: \u00abL&#8217;io viene scoperto mediante una rottura col mondo.<\/p>\n<p style=\"text-align: justify;\">Nello stesso tempo questo ripiegamento su di s\u00e9 dall&#8217;estraneit\u00e0 cosmica porta ad una nuova accentuazione della &#8220;comunit\u00e0&#8221; dell&#8217;uomo come unico campo che rimane di affinit\u00e0, dove ci si trova uniti non soltanto per la comunit\u00e0 di origine, ma anche per l&#8217;uguaglianza della situazione in quanto stranieri nel mondo. Codesta &#8220;comunit\u00e0&#8221; non si riferisce per\u00f2 all&#8217;aspetto sociale e naturale dell&#8217;uomo, ossia all&#8217;esistenza terrena dell&#8217;uomo, ma soltanto all&#8217;io interiore e acosmico e a ci\u00f2 che riguarda la salvezza\u00bb.<\/p>\n<p style=\"text-align: justify;\">L&#8217;eco di questa concezione gnostica del reale e dell&#8217;esistenza la possiamo ritrovare oggi come cifra che contraddistingue tutti i movimenti di contestazione, dall&#8217;ambientalismo al pacifismo, passando per il no-global. Si capisce cos\u00ec come l&#8217;utopismo contemporaneo affondi le sue radici molto pi\u00f9 nell&#8217;antico gnosticismo che non &#8211; paradossalmente &#8211; negli stessi scritti utopici del XVI secolo.<\/p>\n<p style=\"text-align: justify;\">I padri culturali degli attuali contestatori non sono Tommaso Moro, Francesco Bacone e Tommaso Campanella; sono piuttosto i grandi nomi del nichilismo ed esistenzialismo contemporanei: Sartre, Camus, Nietzsche, fautori di filosofie e teorie aventi stretta relazione &#8211; come Jonas ha messo in luce &#8211; con lo gnosticismo. Filosofie e teorie che postulano anch&#8217;esse l&#8217;ostilit\u00e0 della realt\u00e0 nei confronti dell&#8217;uomo; un uomo concepito anche qui come angosciato dalla sua solitudine cosmica: \u00abNessuna filosofia si \u00e8 occupata meno della natura di quanto abbia fatto l&#8217;esistenzialismo, il quale non concede ad essa alcuna dignit\u00e0\u00bb.<\/p>\n<p style=\"text-align: justify;\">La conseguenza culturale di queste posizioni \u00e8 l&#8217;abolizione della realt\u00e0, perpetrata nel nome di quella che Bennato chiamava &#8220;l&#8217;isola che non c&#8217;\u00e8&#8221;: se all&#8217;uomo non \u00e8 data possibilit\u00e0 di felicit\u00e0 e realizzazione di s\u00e9 passando attraverso il reale, non rimane che la fuga, l&#8217;evasione, il ripudio delle cose cos\u00ec come sono. E l&#8217;alternativa alla presuntuosa denuncia del non-senso di ci\u00f2 che c&#8217;\u00e8 termina nell&#8217;assurdo dell&#8217;affermazione della sensatezza di ci\u00f2 che non c&#8217;\u00e8: il mondo migliore &#8211; questa specie di immaginario &#8220;asino con le ali&#8221; sognato dalle masse no-global.<\/p>\n<p style=\"text-align: justify;\">Abolizione della realt\u00e0 significa poi abolizione del valore del presente (e del passato come ci\u00f2 da cui il presente scaturisce). Non riveste pi\u00f9 la minima importanza l&#8217;uomo &#8220;qui ed ora&#8221; (e quindi il suo agire &#8220;qui ed ora), ma solo l&#8217;uomo &#8220;che sar\u00e0&#8221;, l&#8217;uomo futuribile, riscattato e liberato dal giogo dell&#8217;inimicizia con tutto ci\u00f2 che lo circonda. Il presente diviene cos\u00ec la grande pietra d&#8217;inciampo, l&#8217;ostacolo maggiore al pieno svolgimento delle potenzialit\u00e0 e delle attese umane; e la redenzione si riduce alla mera cancellazione del mondo e dell&#8217;uomo, considerati intrinsecamente privi di significato, di meta, di scopo.<\/p>\n<p style=\"text-align: justify;\">Tale atteggiamento culturale \u00e8 bene descritto da questa osservazione di Teilhard de Chardin: \u00abIl pericolo maggiore che possa temere l&#8217;umanit\u00e0 non \u00e8 una catastrofe che venga dal di fuori, non \u00e8 n\u00e9 la fame n\u00e9 la peste, \u00e8 invece quella malattia spirituale, la pi\u00f9 terribile, perch\u00e9 il pi\u00f9 direttamente umano dei flagelli, che \u00e8 la perdita del gusto di vivere\u00bb.<\/p>\n<p style=\"text-align: justify;\">Infine \u00e8 pi\u00f9 chiaro perch\u00e9 l&#8217;utopismo non generi politica, ma semmai il suo contrario, l&#8217;anti-politica. L&#8217;alternativa radicale all&#8217;utopismo di matrice gnostica \u00e8 &#8211; come abbiamo accennato &#8211; il realismo, autentico cardine di ci\u00f2 che pu\u00f2 chiamarsi &#8220;politica&#8221; nel senso classico del termine. Essa presuppone ed esalta la sensatezza e la positivit\u00e0 della realt\u00e0 e dell&#8217;uomo &#8220;qui ed ora&#8221;; dell&#8217;uomo valorizza la creativit\u00e0 e l&#8217;intraprendenza nel presente.<\/p>\n<p style=\"text-align: justify;\">La politica non fiorisce e non pu\u00f2 fiorire all&#8217;ombra del nichilismo strisciante, perch\u00e9 non pu\u00f2 essere pensata senza la libert\u00e0 e senza la realt\u00e0, cio\u00e8 senza l&#8217;adeguata comprensione ed accettazione di quella che Tommaso d&#8217;Aquino chiamava la &#8220;gerarchia entis&#8221;: un ordine naturale (dell&#8217;essere, delle cose, dei valori) fondato da e su un ordine soprannaturale.<\/p>\n<p style=\"text-align: justify;\">La &#8220;gerarchia entis&#8221; assegna ad ogni realt\u00e0 &#8211; anche la pi\u00f9 apparentemente insignificante &#8211; una completezza ontologica in s\u00e9, incomprensibile per\u00f2 se non in relazione al fine ultimo, ossia quell&#8217;Essere in cui essenza ed esistenza coincidono. Ma una volta che le cose partecipano (analogicamente) all&#8217;essere, non \u00e8 pi\u00f9 possibile sradicare da esse &#8211; come tentano di fare lo gnosticismo e i suoi derivati culturali e politici &#8211; quelle dimensioni (coestensive all&#8217;essere stesso) che l&#8217;Aquinate chiamava &#8220;trascendentali&#8221;: verit\u00e0 (conoscibilit\u00e0), bont\u00e0 (appetibilit\u00e0) e bellezza.<\/p>\n<p style=\"text-align: justify;\">Se c&#8217;\u00e8 un ordine &#8211; ci dice san Tommaso sulla scia di Aristotele &#8211; c&#8217;\u00e8 una meta, e c&#8217;\u00e8 una &#8220;scala&#8221; con cui raggiungerla; e se c&#8217;\u00e8 una meta (e se c&#8217;\u00e8 la &#8220;scala&#8221;) l&#8217;uomo pu\u00f2 camminare, costruire, desiderare, amare. E pu\u00f2 fare politica. La lotta tra utopismo e realismo \u00e8 infine la lotta tra kaos e kosmos, tra &#8220;nulla&#8221; ed &#8220;essere&#8221;; essa \u00e8 la radicale alternativa culturale e politica del nostro tempo e di tutti i tempi: \u00e8 come scegliere tra la donna ideale e la bella donna che ci transita innanzi. Noi realisti scegliamo, ovviamente, la bella donna che c&#8217;\u00e8 e che ci passa davanti.<\/p>\n","protected":false},"excerpt":{"rendered":"<p>www.ragionpolitica.it 29 maggio 2003 di Gianteo Bordero Il realismo genera politica, l&#8217;utopismo genera il suo contrario: l&#8217;antipolitica. Molto oggi si discute sullo scarso interesse dei giovani nei confronti della politica. Esso deriva, sostanzialmente, proprio dall&#8217;abbandono del realismo come criterio e cardine cultural-politico per eccellenza. Se oggi sussiste un impegno politico giovanile &#8220;di massa&#8221;, questo abita &hellip; <\/p>\n<p><a class=\"more-link btn\" href=\"https:\/\/www.rassegnastampa-totustuus.it\/cattolica\/la-politica-tra-realt-utopia-e-gnosi\/\">Continua a leggere<\/a><\/p>\n","protected":false},"author":6,"featured_media":35128,"comment_status":"closed","ping_status":"open","sticky":false,"template":"","format":"standard","meta":{"footnotes":""},"categories":[53],"tags":[754,235],"class_list":["post-1000","post","type-post","status-publish","format-standard","has-post-thumbnail","hentry","category-politica","tag-gnosi","tag-politica-2","item-wrap"],"yoast_head":"<!-- This site is optimized with the Yoast SEO plugin v27.5 - https:\/\/yoast.com\/product\/yoast-seo-wordpress\/ -->\n<title>La politica tra realt&agrave;, utopia e gnosi - Rassegna Stampa Cattolica<\/title>\n<meta name=\"description\" content=\"Rassegna Stampa Cattolica - Per una cultura che nasce dalla Rivelazione cristiana in conformit\u00e0 alla tradizione e al Magistero della Chiesa in opposizione ad ogni relativismo e totalitarismo\" \/>\n<meta name=\"robots\" content=\"index, follow, max-snippet:-1, max-image-preview:large, max-video-preview:-1\" \/>\n<link rel=\"canonical\" href=\"https:\/\/www.rassegnastampa-totustuus.it\/cattolica\/la-politica-tra-realt-utopia-e-gnosi\/\" \/>\n<meta property=\"og:locale\" content=\"it_IT\" \/>\n<meta property=\"og:type\" content=\"article\" \/>\n<meta property=\"og:title\" content=\"La politica tra realt&agrave;, utopia e gnosi - Rassegna Stampa Cattolica\" \/>\n<meta property=\"og:description\" content=\"Rassegna Stampa Cattolica - Per una cultura che nasce dalla Rivelazione cristiana in conformit\u00e0 alla tradizione e al Magistero della Chiesa in opposizione ad ogni relativismo e totalitarismo\" \/>\n<meta property=\"og:url\" content=\"https:\/\/www.rassegnastampa-totustuus.it\/cattolica\/la-politica-tra-realt-utopia-e-gnosi\/\" \/>\n<meta property=\"og:site_name\" content=\"Rassegna Stampa Cattolica\" \/>\n<meta property=\"article:publisher\" content=\"https:\/\/www.facebook.com\/rassegnastampacattolica\" \/>\n<meta property=\"article:published_time\" content=\"2005-07-16T22:00:00+00:00\" \/>\n<meta property=\"article:modified_time\" content=\"2016-06-20T09:12:05+00:00\" \/>\n<meta property=\"og:image\" content=\"https:\/\/www.rassegnastampa-totustuus.it\/cattolica\/wp-content\/uploads\/2005\/07\/antipolitica.jpg\" \/>\n\t<meta property=\"og:image:width\" content=\"275\" \/>\n\t<meta property=\"og:image:height\" content=\"183\" \/>\n\t<meta property=\"og:image:type\" content=\"image\/jpeg\" \/>\n<meta name=\"author\" content=\"Redazione\" \/>\n<meta name=\"twitter:card\" content=\"summary_large_image\" \/>\n<meta name=\"twitter:creator\" content=\"@rassegnastampa9\" \/>\n<meta name=\"twitter:site\" content=\"@rassegnastampa9\" \/>\n<meta name=\"twitter:label1\" content=\"Scritto da\" \/>\n\t<meta name=\"twitter:data1\" content=\"Redazione\" \/>\n\t<meta name=\"twitter:label2\" content=\"Tempo di lettura stimato\" \/>\n\t<meta name=\"twitter:data2\" content=\"6 minuti\" \/>\n<script type=\"application\/ld+json\" class=\"yoast-schema-graph\">{\"@context\":\"https:\\\/\\\/schema.org\",\"@graph\":[{\"@type\":\"Article\",\"@id\":\"https:\\\/\\\/www.rassegnastampa-totustuus.it\\\/cattolica\\\/la-politica-tra-realt-utopia-e-gnosi\\\/#article\",\"isPartOf\":{\"@id\":\"https:\\\/\\\/www.rassegnastampa-totustuus.it\\\/cattolica\\\/la-politica-tra-realt-utopia-e-gnosi\\\/\"},\"author\":{\"name\":\"Redazione\",\"@id\":\"https:\\\/\\\/www.rassegnastampa-totustuus.it\\\/cattolica\\\/#\\\/schema\\\/person\\\/08f319d2bd1a0904ad9e2bfb7b15e5c3\"},\"headline\":\"La politica tra realt&agrave;, utopia e gnosi\",\"datePublished\":\"2005-07-16T22:00:00+00:00\",\"dateModified\":\"2016-06-20T09:12:05+00:00\",\"mainEntityOfPage\":{\"@id\":\"https:\\\/\\\/www.rassegnastampa-totustuus.it\\\/cattolica\\\/la-politica-tra-realt-utopia-e-gnosi\\\/\"},\"wordCount\":1224,\"publisher\":{\"@id\":\"https:\\\/\\\/www.rassegnastampa-totustuus.it\\\/cattolica\\\/#organization\"},\"image\":{\"@id\":\"https:\\\/\\\/www.rassegnastampa-totustuus.it\\\/cattolica\\\/la-politica-tra-realt-utopia-e-gnosi\\\/#primaryimage\"},\"thumbnailUrl\":\"https:\\\/\\\/www.rassegnastampa-totustuus.it\\\/cattolica\\\/wp-content\\\/uploads\\\/2005\\\/07\\\/antipolitica.jpg\",\"keywords\":[\"gnosi\",\"politica\"],\"articleSection\":[\"Politica\"],\"inLanguage\":\"it-IT\"},{\"@type\":\"WebPage\",\"@id\":\"https:\\\/\\\/www.rassegnastampa-totustuus.it\\\/cattolica\\\/la-politica-tra-realt-utopia-e-gnosi\\\/\",\"url\":\"https:\\\/\\\/www.rassegnastampa-totustuus.it\\\/cattolica\\\/la-politica-tra-realt-utopia-e-gnosi\\\/\",\"name\":\"La politica tra realt&agrave;, utopia e gnosi - Rassegna Stampa Cattolica\",\"isPartOf\":{\"@id\":\"https:\\\/\\\/www.rassegnastampa-totustuus.it\\\/cattolica\\\/#website\"},\"primaryImageOfPage\":{\"@id\":\"https:\\\/\\\/www.rassegnastampa-totustuus.it\\\/cattolica\\\/la-politica-tra-realt-utopia-e-gnosi\\\/#primaryimage\"},\"image\":{\"@id\":\"https:\\\/\\\/www.rassegnastampa-totustuus.it\\\/cattolica\\\/la-politica-tra-realt-utopia-e-gnosi\\\/#primaryimage\"},\"thumbnailUrl\":\"https:\\\/\\\/www.rassegnastampa-totustuus.it\\\/cattolica\\\/wp-content\\\/uploads\\\/2005\\\/07\\\/antipolitica.jpg\",\"datePublished\":\"2005-07-16T22:00:00+00:00\",\"dateModified\":\"2016-06-20T09:12:05+00:00\",\"description\":\"Rassegna Stampa Cattolica - Per una cultura che nasce dalla Rivelazione cristiana in conformit\u00e0 alla tradizione e al Magistero della Chiesa in opposizione ad ogni relativismo e totalitarismo\",\"breadcrumb\":{\"@id\":\"https:\\\/\\\/www.rassegnastampa-totustuus.it\\\/cattolica\\\/la-politica-tra-realt-utopia-e-gnosi\\\/#breadcrumb\"},\"inLanguage\":\"it-IT\",\"potentialAction\":[{\"@type\":\"ReadAction\",\"target\":[\"https:\\\/\\\/www.rassegnastampa-totustuus.it\\\/cattolica\\\/la-politica-tra-realt-utopia-e-gnosi\\\/\"]}]},{\"@type\":\"ImageObject\",\"inLanguage\":\"it-IT\",\"@id\":\"https:\\\/\\\/www.rassegnastampa-totustuus.it\\\/cattolica\\\/la-politica-tra-realt-utopia-e-gnosi\\\/#primaryimage\",\"url\":\"https:\\\/\\\/www.rassegnastampa-totustuus.it\\\/cattolica\\\/wp-content\\\/uploads\\\/2005\\\/07\\\/antipolitica.jpg\",\"contentUrl\":\"https:\\\/\\\/www.rassegnastampa-totustuus.it\\\/cattolica\\\/wp-content\\\/uploads\\\/2005\\\/07\\\/antipolitica.jpg\",\"width\":275,\"height\":183},{\"@type\":\"BreadcrumbList\",\"@id\":\"https:\\\/\\\/www.rassegnastampa-totustuus.it\\\/cattolica\\\/la-politica-tra-realt-utopia-e-gnosi\\\/#breadcrumb\",\"itemListElement\":[{\"@type\":\"ListItem\",\"position\":1,\"name\":\"Home\",\"item\":\"https:\\\/\\\/www.rassegnastampa-totustuus.it\\\/cattolica\\\/\"},{\"@type\":\"ListItem\",\"position\":2,\"name\":\"La politica tra realt&agrave;, utopia e gnosi\"}]},{\"@type\":\"WebSite\",\"@id\":\"https:\\\/\\\/www.rassegnastampa-totustuus.it\\\/cattolica\\\/#website\",\"url\":\"https:\\\/\\\/www.rassegnastampa-totustuus.it\\\/cattolica\\\/\",\"name\":\"Rassegna Stampa Cattolica\",\"description\":\"Per una cultura che nasce dalla Rivelazione cristiana in conformit\u00e0 alla tradizione e al Magistero della Chiesa in opposizione ad ogni relativismo e totalitarismo\",\"publisher\":{\"@id\":\"https:\\\/\\\/www.rassegnastampa-totustuus.it\\\/cattolica\\\/#organization\"},\"alternateName\":\"Rass. Cattolica\",\"potentialAction\":[{\"@type\":\"SearchAction\",\"target\":{\"@type\":\"EntryPoint\",\"urlTemplate\":\"https:\\\/\\\/www.rassegnastampa-totustuus.it\\\/cattolica\\\/?s={search_term_string}\"},\"query-input\":{\"@type\":\"PropertyValueSpecification\",\"valueRequired\":true,\"valueName\":\"search_term_string\"}}],\"inLanguage\":\"it-IT\"},{\"@type\":\"Organization\",\"@id\":\"https:\\\/\\\/www.rassegnastampa-totustuus.it\\\/cattolica\\\/#organization\",\"name\":\"Rassegna Stampa Cattolica\",\"url\":\"https:\\\/\\\/www.rassegnastampa-totustuus.it\\\/cattolica\\\/\",\"logo\":{\"@type\":\"ImageObject\",\"inLanguage\":\"it-IT\",\"@id\":\"https:\\\/\\\/www.rassegnastampa-totustuus.it\\\/cattolica\\\/#\\\/schema\\\/logo\\\/image\\\/\",\"url\":\"https:\\\/\\\/www.rassegnastampa-totustuus.it\\\/cattolica\\\/wp-content\\\/uploads\\\/2014\\\/04\\\/logo-rassegna1.gif\",\"contentUrl\":\"https:\\\/\\\/www.rassegnastampa-totustuus.it\\\/cattolica\\\/wp-content\\\/uploads\\\/2014\\\/04\\\/logo-rassegna1.gif\",\"width\":600,\"height\":163,\"caption\":\"Rassegna Stampa Cattolica\"},\"image\":{\"@id\":\"https:\\\/\\\/www.rassegnastampa-totustuus.it\\\/cattolica\\\/#\\\/schema\\\/logo\\\/image\\\/\"},\"sameAs\":[\"https:\\\/\\\/www.facebook.com\\\/rassegnastampacattolica\",\"https:\\\/\\\/x.com\\\/rassegnastampa9\"]},{\"@type\":\"Person\",\"@id\":\"https:\\\/\\\/www.rassegnastampa-totustuus.it\\\/cattolica\\\/#\\\/schema\\\/person\\\/08f319d2bd1a0904ad9e2bfb7b15e5c3\",\"name\":\"Redazione\",\"image\":{\"@type\":\"ImageObject\",\"inLanguage\":\"it-IT\",\"@id\":\"https:\\\/\\\/secure.gravatar.com\\\/avatar\\\/2fcdf27c78ea025fbdb44e914cc63c72249ffec9dc8aafd5c82b26240ef3f346?s=96&d=mm&r=g\",\"url\":\"https:\\\/\\\/secure.gravatar.com\\\/avatar\\\/2fcdf27c78ea025fbdb44e914cc63c72249ffec9dc8aafd5c82b26240ef3f346?s=96&d=mm&r=g\",\"contentUrl\":\"https:\\\/\\\/secure.gravatar.com\\\/avatar\\\/2fcdf27c78ea025fbdb44e914cc63c72249ffec9dc8aafd5c82b26240ef3f346?s=96&d=mm&r=g\",\"caption\":\"Redazione\"},\"url\":\"https:\\\/\\\/www.rassegnastampa-totustuus.it\\\/cattolica\\\/author\\\/pietroelle\\\/\"}]}<\/script>\n<!-- \/ Yoast SEO plugin. -->","yoast_head_json":{"title":"La politica tra realt&agrave;, utopia e gnosi - Rassegna Stampa Cattolica","description":"Rassegna Stampa Cattolica - Per una cultura che nasce dalla Rivelazione cristiana in conformit\u00e0 alla tradizione e al Magistero della Chiesa in opposizione ad ogni relativismo e totalitarismo","robots":{"index":"index","follow":"follow","max-snippet":"max-snippet:-1","max-image-preview":"max-image-preview:large","max-video-preview":"max-video-preview:-1"},"canonical":"https:\/\/www.rassegnastampa-totustuus.it\/cattolica\/la-politica-tra-realt-utopia-e-gnosi\/","og_locale":"it_IT","og_type":"article","og_title":"La politica tra realt&agrave;, utopia e gnosi - Rassegna Stampa Cattolica","og_description":"Rassegna Stampa Cattolica - Per una cultura che nasce dalla Rivelazione cristiana in conformit\u00e0 alla tradizione e al Magistero della Chiesa in opposizione ad ogni relativismo e totalitarismo","og_url":"https:\/\/www.rassegnastampa-totustuus.it\/cattolica\/la-politica-tra-realt-utopia-e-gnosi\/","og_site_name":"Rassegna Stampa Cattolica","article_publisher":"https:\/\/www.facebook.com\/rassegnastampacattolica","article_published_time":"2005-07-16T22:00:00+00:00","article_modified_time":"2016-06-20T09:12:05+00:00","og_image":[{"width":275,"height":183,"url":"https:\/\/www.rassegnastampa-totustuus.it\/cattolica\/wp-content\/uploads\/2005\/07\/antipolitica.jpg","type":"image\/jpeg"}],"author":"Redazione","twitter_card":"summary_large_image","twitter_creator":"@rassegnastampa9","twitter_site":"@rassegnastampa9","twitter_misc":{"Scritto da":"Redazione","Tempo di lettura stimato":"6 minuti"},"schema":{"@context":"https:\/\/schema.org","@graph":[{"@type":"Article","@id":"https:\/\/www.rassegnastampa-totustuus.it\/cattolica\/la-politica-tra-realt-utopia-e-gnosi\/#article","isPartOf":{"@id":"https:\/\/www.rassegnastampa-totustuus.it\/cattolica\/la-politica-tra-realt-utopia-e-gnosi\/"},"author":{"name":"Redazione","@id":"https:\/\/www.rassegnastampa-totustuus.it\/cattolica\/#\/schema\/person\/08f319d2bd1a0904ad9e2bfb7b15e5c3"},"headline":"La politica tra realt&agrave;, utopia e gnosi","datePublished":"2005-07-16T22:00:00+00:00","dateModified":"2016-06-20T09:12:05+00:00","mainEntityOfPage":{"@id":"https:\/\/www.rassegnastampa-totustuus.it\/cattolica\/la-politica-tra-realt-utopia-e-gnosi\/"},"wordCount":1224,"publisher":{"@id":"https:\/\/www.rassegnastampa-totustuus.it\/cattolica\/#organization"},"image":{"@id":"https:\/\/www.rassegnastampa-totustuus.it\/cattolica\/la-politica-tra-realt-utopia-e-gnosi\/#primaryimage"},"thumbnailUrl":"https:\/\/www.rassegnastampa-totustuus.it\/cattolica\/wp-content\/uploads\/2005\/07\/antipolitica.jpg","keywords":["gnosi","politica"],"articleSection":["Politica"],"inLanguage":"it-IT"},{"@type":"WebPage","@id":"https:\/\/www.rassegnastampa-totustuus.it\/cattolica\/la-politica-tra-realt-utopia-e-gnosi\/","url":"https:\/\/www.rassegnastampa-totustuus.it\/cattolica\/la-politica-tra-realt-utopia-e-gnosi\/","name":"La politica tra realt&agrave;, utopia e gnosi - Rassegna Stampa Cattolica","isPartOf":{"@id":"https:\/\/www.rassegnastampa-totustuus.it\/cattolica\/#website"},"primaryImageOfPage":{"@id":"https:\/\/www.rassegnastampa-totustuus.it\/cattolica\/la-politica-tra-realt-utopia-e-gnosi\/#primaryimage"},"image":{"@id":"https:\/\/www.rassegnastampa-totustuus.it\/cattolica\/la-politica-tra-realt-utopia-e-gnosi\/#primaryimage"},"thumbnailUrl":"https:\/\/www.rassegnastampa-totustuus.it\/cattolica\/wp-content\/uploads\/2005\/07\/antipolitica.jpg","datePublished":"2005-07-16T22:00:00+00:00","dateModified":"2016-06-20T09:12:05+00:00","description":"Rassegna Stampa Cattolica - Per una cultura che nasce dalla Rivelazione cristiana in conformit\u00e0 alla tradizione e al Magistero della Chiesa in opposizione ad ogni relativismo e totalitarismo","breadcrumb":{"@id":"https:\/\/www.rassegnastampa-totustuus.it\/cattolica\/la-politica-tra-realt-utopia-e-gnosi\/#breadcrumb"},"inLanguage":"it-IT","potentialAction":[{"@type":"ReadAction","target":["https:\/\/www.rassegnastampa-totustuus.it\/cattolica\/la-politica-tra-realt-utopia-e-gnosi\/"]}]},{"@type":"ImageObject","inLanguage":"it-IT","@id":"https:\/\/www.rassegnastampa-totustuus.it\/cattolica\/la-politica-tra-realt-utopia-e-gnosi\/#primaryimage","url":"https:\/\/www.rassegnastampa-totustuus.it\/cattolica\/wp-content\/uploads\/2005\/07\/antipolitica.jpg","contentUrl":"https:\/\/www.rassegnastampa-totustuus.it\/cattolica\/wp-content\/uploads\/2005\/07\/antipolitica.jpg","width":275,"height":183},{"@type":"BreadcrumbList","@id":"https:\/\/www.rassegnastampa-totustuus.it\/cattolica\/la-politica-tra-realt-utopia-e-gnosi\/#breadcrumb","itemListElement":[{"@type":"ListItem","position":1,"name":"Home","item":"https:\/\/www.rassegnastampa-totustuus.it\/cattolica\/"},{"@type":"ListItem","position":2,"name":"La politica tra realt&agrave;, utopia e gnosi"}]},{"@type":"WebSite","@id":"https:\/\/www.rassegnastampa-totustuus.it\/cattolica\/#website","url":"https:\/\/www.rassegnastampa-totustuus.it\/cattolica\/","name":"Rassegna Stampa Cattolica","description":"Per una cultura che nasce dalla Rivelazione cristiana in conformit\u00e0 alla tradizione e al Magistero della Chiesa in opposizione ad ogni relativismo e totalitarismo","publisher":{"@id":"https:\/\/www.rassegnastampa-totustuus.it\/cattolica\/#organization"},"alternateName":"Rass. Cattolica","potentialAction":[{"@type":"SearchAction","target":{"@type":"EntryPoint","urlTemplate":"https:\/\/www.rassegnastampa-totustuus.it\/cattolica\/?s={search_term_string}"},"query-input":{"@type":"PropertyValueSpecification","valueRequired":true,"valueName":"search_term_string"}}],"inLanguage":"it-IT"},{"@type":"Organization","@id":"https:\/\/www.rassegnastampa-totustuus.it\/cattolica\/#organization","name":"Rassegna Stampa Cattolica","url":"https:\/\/www.rassegnastampa-totustuus.it\/cattolica\/","logo":{"@type":"ImageObject","inLanguage":"it-IT","@id":"https:\/\/www.rassegnastampa-totustuus.it\/cattolica\/#\/schema\/logo\/image\/","url":"https:\/\/www.rassegnastampa-totustuus.it\/cattolica\/wp-content\/uploads\/2014\/04\/logo-rassegna1.gif","contentUrl":"https:\/\/www.rassegnastampa-totustuus.it\/cattolica\/wp-content\/uploads\/2014\/04\/logo-rassegna1.gif","width":600,"height":163,"caption":"Rassegna Stampa Cattolica"},"image":{"@id":"https:\/\/www.rassegnastampa-totustuus.it\/cattolica\/#\/schema\/logo\/image\/"},"sameAs":["https:\/\/www.facebook.com\/rassegnastampacattolica","https:\/\/x.com\/rassegnastampa9"]},{"@type":"Person","@id":"https:\/\/www.rassegnastampa-totustuus.it\/cattolica\/#\/schema\/person\/08f319d2bd1a0904ad9e2bfb7b15e5c3","name":"Redazione","image":{"@type":"ImageObject","inLanguage":"it-IT","@id":"https:\/\/secure.gravatar.com\/avatar\/2fcdf27c78ea025fbdb44e914cc63c72249ffec9dc8aafd5c82b26240ef3f346?s=96&d=mm&r=g","url":"https:\/\/secure.gravatar.com\/avatar\/2fcdf27c78ea025fbdb44e914cc63c72249ffec9dc8aafd5c82b26240ef3f346?s=96&d=mm&r=g","contentUrl":"https:\/\/secure.gravatar.com\/avatar\/2fcdf27c78ea025fbdb44e914cc63c72249ffec9dc8aafd5c82b26240ef3f346?s=96&d=mm&r=g","caption":"Redazione"},"url":"https:\/\/www.rassegnastampa-totustuus.it\/cattolica\/author\/pietroelle\/"}]}},"_links":{"self":[{"href":"https:\/\/www.rassegnastampa-totustuus.it\/cattolica\/wp-json\/wp\/v2\/posts\/1000","targetHints":{"allow":["GET"]}}],"collection":[{"href":"https:\/\/www.rassegnastampa-totustuus.it\/cattolica\/wp-json\/wp\/v2\/posts"}],"about":[{"href":"https:\/\/www.rassegnastampa-totustuus.it\/cattolica\/wp-json\/wp\/v2\/types\/post"}],"author":[{"embeddable":true,"href":"https:\/\/www.rassegnastampa-totustuus.it\/cattolica\/wp-json\/wp\/v2\/users\/6"}],"replies":[{"embeddable":true,"href":"https:\/\/www.rassegnastampa-totustuus.it\/cattolica\/wp-json\/wp\/v2\/comments?post=1000"}],"version-history":[{"count":4,"href":"https:\/\/www.rassegnastampa-totustuus.it\/cattolica\/wp-json\/wp\/v2\/posts\/1000\/revisions"}],"predecessor-version":[{"id":35129,"href":"https:\/\/www.rassegnastampa-totustuus.it\/cattolica\/wp-json\/wp\/v2\/posts\/1000\/revisions\/35129"}],"wp:featuredmedia":[{"embeddable":true,"href":"https:\/\/www.rassegnastampa-totustuus.it\/cattolica\/wp-json\/wp\/v2\/media\/35128"}],"wp:attachment":[{"href":"https:\/\/www.rassegnastampa-totustuus.it\/cattolica\/wp-json\/wp\/v2\/media?parent=1000"}],"wp:term":[{"taxonomy":"category","embeddable":true,"href":"https:\/\/www.rassegnastampa-totustuus.it\/cattolica\/wp-json\/wp\/v2\/categories?post=1000"},{"taxonomy":"post_tag","embeddable":true,"href":"https:\/\/www.rassegnastampa-totustuus.it\/cattolica\/wp-json\/wp\/v2\/tags?post=1000"}],"curies":[{"name":"wp","href":"https:\/\/api.w.org\/{rel}","templated":true}]}}