{"id":1,"date":"2004-10-26T13:24:43","date_gmt":"2004-10-26T11:24:43","guid":{"rendered":""},"modified":"2024-01-04T21:02:02","modified_gmt":"2024-01-04T20:02:02","slug":"aborto-la-legge-194-che-la-dc-non-impedi","status":"publish","type":"post","link":"https:\/\/www.rassegnastampa-totustuus.it\/cattolica\/aborto-la-legge-194-che-la-dc-non-impedi\/","title":{"rendered":"Aborto,   la legge 194 che la Dc non imped\u00ec"},"content":{"rendered":"<p style=\"text-align: justify;\"><span style=\"color: #000000;\"><strong><img loading=\"lazy\" decoding=\"async\" class=\"size-full wp-image-25936 alignleft\" src=\"https:\/\/www.rassegnastampa-totustuus.it\/cattolica\/wp-content\/uploads\/2013\/10\/legge-194.jpg\" alt=\"Aborto:   la legge 194 che la Dc non imped\u00ec\" width=\"269\" height=\"187\" \/>Abstract:\u00a0 <\/strong><em>Aborto: la legge 194 che la Dc non imped\u00ec<\/em><\/span><em><span style=\"color: #000000;\">.<strong>\u00a0<\/strong>Dalle manovre preparatorie degli abortisti al tradimento della Dc che non imped\u00ec la promulgazione . Una pagina di storia che non deve essere dimenticata. Purtroppo, a volte occorrono 25 anni, all&#8217;uomo, per riconoscere i propri sbagli, il 22 maggio 2003, le agenzie hanno battuto questa dichiarazione dell&#8217;ex Presidente del Consiglio Giulio Andreotti: &#8220;Oggi preferirei dimettermi, che controfirmare quella legge&#8221;.<\/span><\/em><\/p>\n<p><!--more--><\/p>\n<p style=\"text-align: center;\"><span style=\"color: #000000;\"><span style=\"color: #0000ff;\"><a style=\"color: #0000ff;\" href=\"https:\/\/www.iltimone.org\/\" target=\"_blank\" rel=\"noopener\"><strong>Il Timone<\/strong> <\/a><\/span>n. 26 luglio\/agosto 2003<\/span><\/p>\n<h3 style=\"text-align: center;\"><span style=\"color: #000000;\"> <strong>Aborto, 25 anni di vergogna<\/strong><\/span><\/h3>\n<p style=\"text-align: justify;\"><span style=\"color: #000000;\"><em>Il 18 maggio 1978 veniva approvata la legge 194 che legalizzava l&#8217;uccisione di esseri umani concepiti nel seno materno. Da allora, oltre quattro milioni di vittime. Una vergogna.<\/em><\/span><\/p>\n<p style=\"text-align: center;\"><span style=\"color: #000000;\">di <strong>Mario Palmaro<\/strong><\/span><\/p>\n<p style=\"text-align: justify;\"><span style=\"color: #000000;\"><img loading=\"lazy\" decoding=\"async\" class=\"alignleft wp-image-31335 size-full\" src=\"https:\/\/www.rassegnastampa-totustuus.it\/cattolica\/wp-content\/uploads\/2004\/11\/DC_aborto.jpg\" alt=\"Aborto:   la legge 194 che la Dc non imped\u00ec\" width=\"194\" height=\"259\" \/>Un applauso raggelante si leva dai banchi del Senato: presidente ha appena letto il risultato delle votazioni con cui l&#8217;aborto \u00e8 diventato legge dello Stato italiano. \u00c8 un gioved\u00ec pomeriggio di 25 anni fa, il 18 maggio del1978. Cos\u00ec il Parlamento approva la legge 194, che rende lecita la soppressione dell&#8217;essere umano concepito. L&#8217;intervento \u00e8 a carico del Servizio sanitario nazionale e viene &#8220;pagato&#8221; da tutti i contribuenti, anche da quelli che sono contrari all&#8217;aborto di Stato. In Senato, gli applausi arrivano soprattutto dai banchi della sinistra: la legge passa con l&#8217; appoggio decisivo del Partito Comunista, del Partito Socialista, e delle altre componenti di tradizione marxista. Salvo alcune eccezioni, anche i cosiddetti partiti laici &#8211; Psdi, Pli e Pri &#8211; si schierano a favore della autodeterminazione della donna. Contro la legge votano i deputati della Democrazia cristiana e del Movimento sociale italiano Destra nazionale, ma non basta.<\/span><\/p>\n<h4 style=\"text-align: center;\"><span style=\"color: #000000;\"><strong>Manovre preparatorie<\/strong><\/span><\/h4>\n<p style=\"text-align: justify;\"><span style=\"color: #000000;\"><img loading=\"lazy\" decoding=\"async\" class=\"alignright wp-image-18058 size-full\" src=\"https:\/\/www.rassegnastampa-totustuus.it\/cattolica\/wp-content\/uploads\/2009\/03\/Bonino_aborto.jpg\" alt=\"Aborto:   la legge 194 che la Dc non imped\u00ec\" width=\"255\" height=\"197\" \/>Soltanto fino a 3 anni prima l&#8217;aborto era in Italia un reato, sanzionato dal codice penale. Come era stato possibile giungere cos\u00ec repentinamente alla legalizzazione? Il fronte abortista aveva potuto lavorare indisturbato per modificare il senso comune. Innanzitutto, servendosi del progetto di occupazione &#8220;gramsciana&#8221; dei mass media, i quali diffondevano cifre assolutamente fantasiose sull&#8217;aborto clandestino. Fu messa in atto una vera e propria campagna di propaganda per l&#8217;aborto di Stato, cui presero parte quasi tutti i pi\u00f9 diffusi quotidiani e rotocalchi. Il mondo cattolico, diviso al suo interno da una crisi d&#8217;identit\u00e0 alimentata dal &#8217;68, non fu in grado di opporre una seria resistenza.<\/span><\/p>\n<p style=\"text-align: justify;\"><span style=\"color: #000000;\">C&#8217;erano addirittura parlamentari cattolici tra i fautori dell&#8217;aborto legale: furono i cattocomunisti Gozzini, La Valle e Codrignani a inventarsi il titolo &#8211; tragicamente comico &#8211; della legge 194, che reca &#8220;Norme per la tutela sociale della maternit\u00e0 e sull&#8217;interruzione volontaria della gravidanza&#8221;. Una &#8220;tutela della maternit\u00e0&#8221; che dal 1978 al 2001 ha provocato la morte di 4.255.005 nascituri, secondo le cifre ufficiali del Ministero della sanit\u00e0. Ma anche nella stessa Democrazia cristiana si manifestavano gravi segni di cedimento, perfino in alcuni dei suoi uomini pi\u00f9 prestigiosi.<\/span><\/p>\n<h4 style=\"text-align: center;\"><span style=\"color: #000000;\"><strong>Il tradimento della Dc<\/strong><\/span><\/h4>\n<p style=\"text-align: justify;\"><span style=\"color: #000000;\">Una prima avvisaglia del tradimento dello Scudo crociato si era gi\u00e0 avuto il 26 febbraio 1976, quando il gruppo Dc alla Camera vot\u00f2 insieme al Pci contro l&#8217;eccezione di incostituzionalita alla legge abortista. Nell&#8217;estate del 1976 sar\u00e0 sempre un governo a guida democristiana (l&#8217;Andreotti Terzo) ad autorizzare in via straordinaria aborti eugenetici per le donne colpite dalla nube tossica di diossina a Seveso, nei pressi di Milano.<\/span><\/p>\n<p style=\"text-align: justify;\"><span style=\"color: #000000;\">Pochi ricordano che la 194 \u00e8 l&#8217;unica legge sull&#8217;aborto al mondo che porti la firma esclusivamente di uomini politici cattolici. Quando viene pubblicata sulla Gazzetta Ufficiale il 22 maggio del 1978, essa porta in calce la firma di cinque politici dello Scudo crociato: il Presidente del Consiglio Giulio Andreotti e i ministri Tina Anselmi, Francesco Bonifacio, Tommaso Morlino, Filippo Maria Pandolfi. I membri dell&#8217;esecutivo della Dc avrebbero potuto dimettersi piuttosto che firmare una legge assolutamente inaccettabile, ma rimasero alloro posto &#8220;per il bene del Paese&#8221;. Il Capo dello Stato, anch&#8217; egli democristiano, Giovanni Leone, avrebbe potuto rimandare la legge 194 alle Camere per sospetta incostituzionalit\u00e0, senza nemmeno dover rassegnare le dimissioni, in base all&#8217;articolo 74 della Costituzione. Invece, dopo soli quattro giorni firm\u00f2. Purtroppo non fu solo la paura, o l&#8217;attaccamento al potere, a portare al tradimento gli uomini della Dc.<\/span><\/p>\n<h4 style=\"text-align: center;\"><strong><span style=\"color: #000000;\">&#8220;Giustamente, in quel momento&#8221;<\/span><\/strong><\/h4>\n<p style=\"text-align: justify;\"><span style=\"color: #000000;\">Da anni era in atto una trasformazione del partito, che gettava le basi per un disimpegno progressivo sulle questioni pi\u00f9 scomode e cruciali. Il 20 luglio del 1975, al Consiglio nazionale della Democrazia cristiana, il premier in carica Aldo Moro prende la parola: &#8220;La ritrovata natura popolare del partito induce a chiudere nel riserbo delle coscienze alcune valutazioni rigorose, alcune posizioni di principio che sono proprie della nostra esperienza in una fase diversa della vita sociale, ma che fanno ostacolo alla facilit\u00e0 di contatto con le masse e alla cooperazione politica.<\/span><\/p>\n<p style=\"text-align: justify;\"><span style=\"color: #000000;\">Vi sono cose che, appunto, la moderna coscienza pubblica attribuisce alla sfera privata e rifiuta siano regolate dalla legislazione e oggetto di intervento dello Stato. Prevarranno dunque la duttilit\u00e0 e la tolleranza&#8221;. La linea politica era dunque tracciata, nel segno della resa e del rinnegamento dell&#8217;identit\u00e0 sulle &#8220;cose che contano&#8221;. Nel 1999 l&#8217;ex Presidente della Repubblica Francesco Cossiga, gi\u00e0 democristiano, dichiarava alla rivista Liberal: &#8220;Un cattolico pu\u00f2 separare convinzioni etiche e realt\u00e0 politica. Si pu\u00f2 dire che sono contro l&#8217;aborto, ma che non ne faccio questione di battaglia politica. Mi inchino al volere della maggioranza: non rompo un governo sull&#8217;aborto&#8221;. Nel 1991, sempre Cossiga aveva scritto: &#8220;La Dc ha meriti storici grandissimi nell&#8217;aver saputo rinunciare alla sua specificit\u00e0 ideologica e ideale: le leggi sul divorzio e sull&#8217;aborto sono state firmate da capi di stato e da ministri democratici cristiani che, giustamente in quel momento, hanno privilegiato l&#8217;unit\u00e0 politica a favore della democrazia, della libert\u00e0 e dell&#8217;indipendenza&#8221;.<\/span><\/p>\n<h4 style=\"text-align: center;\"><strong><span style=\"color: #000000;\">La &#8220;neutralit\u00e0&#8221; del Governo<\/span><\/strong><\/h4>\n<p style=\"text-align: justify;\"><span style=\"color: #000000;\">Il 21 gennaio del 1977 Giulio Andreotti annotava sul suo diario: &#8220;Seduta a Montecitorio per il voto sull&#8217;aborto. Passa con 310 a favore e 296 contro. Mi sono posto il problema della controfirma a questa legge (lo ha fatto anche Leone per la firma) ma se mi rifiutassi non solo apriremmo una crisi appena dopo aver cominciato a turare le falle, ma oltre a subire la legge sull&#8217;aborto la Dc perderebbe anche la presidenza e sarebbe davvero pi\u00f9 grave&#8221;.<\/span><\/p>\n<p style=\"text-align: justify;\"><span style=\"color: #000000;\">Dunque, la perdita della presidenza del Governo veniva giudicata pi\u00f9 grave della responsabilit\u00e0 morale di sottoscrivere una legge che decretava la sentenza di morte per un numero incalcolabile di bambini innocenti. <em>Error cui non resistitur approvatur<\/em>, recita una massima lapidaria di Sant&#8217;Innocenzo I: l&#8217;errore cui non si oppone resistenza, \u00e8 approvato. Senonch\u00e8, il Governo Andreotti non soltanto firm\u00f2 la legge, ma assunse ufficialmente la responsabilit\u00e0 di sostenerne la costituzionalit\u00e0, inviando l&#8217;Avvocato Generale dello Stato a difendere le norme sull&#8217;aborto libero. Il Governo si costitu\u00ec in difesa della 194 davanti alla Corte costituzionale nell&#8217;udienza del 5 dicembre 1979. Eppure, nessuna legge obbligava il governo a compiere questo atto.<\/span><\/p>\n<h4 style=\"text-align: center;\"><span style=\"color: #000000;\"><strong>La morale della storia<\/strong><\/span><\/h4>\n<p style=\"text-align: justify;\"><span style=\"color: #000000;\">A distanza di 25 anni, il tradimento dei cattolici impegnati in politica consumatosi in quel maggio del 1978 rappresenta una pagina di storia che non deve essere dimenticata. Anche nel 1534, quando in Inghilterra Enrico VIII impone ai suoi sudditi l&#8217;Atto di Supremazia &#8211; con cui si consuma lo scisma dalla Chiesa cattolica &#8211; Tommaso Moro \u00e8 l&#8217;unico laico in tutta l&#8217;Inghilterra a rifiutare il giuramento. Pagher\u00e0 con la vita la sua intransigenza, mediante decapitazione. Molti secoli dopo, di fronte al bivio tra firmare o non firmare la legge sull&#8217;aborto, si trattava di mettere a repentaglio non la testa, ma la propria poltrona<\/span>.<\/p>\n<p style=\"text-align: justify;\"><span style=\"color: #000000;\">Ben diversamente dai politici democristiani si era comportato nel 1990 Re Baldovino del Belgio, che aveva messo a repentaglio la sua corona piuttosto che firmare la legge sull&#8217;aborto. Purtroppo, a volte occorrono 25 anni, all&#8217;uomo, per riconoscere i propri sbagli, il 22 maggio 2003, le agenzie hanno battuto questa dichiarazione dell&#8217;ex Presidente del Consiglio Giulio Andreotti: &#8220;Oggi preferirei dimettermi, che controfirmare quella legge&#8221;.<\/span><\/p>\n<h4 style=\"text-align: left;\"><span style=\"color: #000000;\"><strong>Ricorda<\/strong><\/span><\/h4>\n<p style=\"text-align: justify;\"><span style=\"color: #000000;\">&#8220;Pertanto, con l&#8217;autorit\u00e0 che Cristo ha conferito a Pietro e al suoi Successori, in comunione con i Vescovi della Chiesa cattolica, confermo che l&#8217;uccisione diretta e volontaria di un essere umano innocente \u00e8 sempre gravemente immorale. (\u2026) La scelta deliberata di privare un essere umano innocente della sua vita \u00e8 sempre cattiva dal punto di vista morale e non pu\u00f2 mai essere lecita n\u00e9 come fine, n\u00e9 come mezzo per un fine buono&#8221;,\u00a0(<em>Giovanni Paolo II, Evangelium vitae, n. 57<\/em>).<\/span><\/p>\n<h4><span style=\"color: #000000;\"><strong>Bibliografia<\/strong><\/span><\/h4>\n<p style=\"text-align: justify;\"><span style=\"color: #000000;\">Congregazione per la Dottrina della fede, &#8220;<span style=\"color: #0000ff;\"><a style=\"color: #0000ff;\" href=\"https:\/\/www.rassegnastampa-totustuus.it\/cattolica\/cattolici-in-politica\/\" target=\"_blank\" rel=\"noopener\">Nota dottrinale circa alcune questioni riguardanti l&#8217;impegno e il comportamento dei cattolici nella vita politica<\/a><\/span>&#8220;, 2003.<\/span><\/p>\n<p><span style=\"color: #000000;\"><strong>Giovanni Paolo II<\/strong>, &#8220;<a href=\"https:\/\/www.vatican.va\/content\/john-paul-ii\/it\/encyclicals\/documents\/hf_jp-ii_enc_25031995_evangelium-vitae.html\" target=\"_blank\" rel=\"noopener\"><span style=\"color: #0000ff;\">Evangelium vitae<\/span><\/a>&#8220;, 1995.<\/span><\/p>\n<p><span style=\"color: #000000;\"><strong>Roberto de Mattei<\/strong>, &#8220;<span style=\"color: #0000ff;\"><a style=\"color: #0000ff;\" href=\"https:\/\/www.rassegnastampa-totustuus.it\/cattolica\/la-rivoluzione-woke-uccide-loccidente\/\" target=\"_blank\" rel=\"noopener\">Il centro che ci port\u00f2 a sinistra<\/a><\/span>&#8220;, Edizioni Fiducia, Roma 1994.<\/span><\/p>\n<p><span style=\"color: #000000;\"><strong>Mario Palmaro,<\/strong> &#8220;<span style=\"color: #0000ff;\"><a style=\"color: #0000ff;\" href=\"https:\/\/www.mondadoristore.it\/cardinale-coraggioso-Mario-Palmaro\/eai978887152693\/\" target=\"_blank\" rel=\"noopener\">Il cardinale coraggioso, Giovanni Colombo il sessantotto e l&#8217;aborto<\/a><\/span>&#8220;, Gribaudi, Milano 2002.<\/span><\/p>\n<p><span style=\"color: #000000;\"><strong>AA.VV<\/strong>., &#8220;<span style=\"color: #0000ff;\"><a style=\"color: #0000ff;\" href=\"https:\/\/www.ibs.it\/aborto-genocidio-del-xx-secolo-libro-vari\/e\/9788885223165\" target=\"_blank\" rel=\"noopener\">Aborto, il genocidio del XX secolo<\/a><\/span>&#8220;, Effedieffe, Milano 2000.<\/span><\/p>\n<p>______________________________________<\/p>\n<p><a href=\"https:\/\/www.rassegnastampa-totustuus.it\/cattolica\/a-35-anni-dalla-legge-sullaborto\/\" target=\"_blank\" rel=\"noopener\"><span style=\"color: #0000ff;\">A 35 anni dalla legge sull\u2019aborto. In Italia a che punto \u00e8 la notte?<\/span><\/a><\/p>\n","protected":false},"excerpt":{"rendered":"<p>Abstract:\u00a0 Aborto: la legge 194 che la Dc non imped\u00ec.\u00a0Dalle manovre preparatorie degli abortisti al tradimento della Dc che non imped\u00ec la promulgazione . Una pagina di storia che non deve essere dimenticata. Purtroppo, a volte occorrono 25 anni, all&#8217;uomo, per riconoscere i propri sbagli, il 22 maggio 2003, le agenzie hanno battuto questa dichiarazione &hellip; <\/p>\n<p><a class=\"more-link btn\" href=\"https:\/\/www.rassegnastampa-totustuus.it\/cattolica\/aborto-la-legge-194-che-la-dc-non-impedi\/\">Continua a leggere<\/a><\/p>\n","protected":false},"author":6,"featured_media":57804,"comment_status":"closed","ping_status":"open","sticky":false,"template":"","format":"standard","meta":{"footnotes":""},"categories":[2],"tags":[2386],"class_list":["post-1","post","type-post","status-publish","format-standard","has-post-thumbnail","hentry","category-aborto","tag-aborto","item-wrap"],"yoast_head":"<!-- This site is optimized with the Yoast SEO plugin v27.5 - https:\/\/yoast.com\/product\/yoast-seo-wordpress\/ -->\n<title>Aborto,  la legge 194 che la Dc non imped\u00ec - Rassegna Stampa Cattolica<\/title>\n<meta name=\"description\" content=\"Aborto, la legge 194 che la Dc non imped\u00ec. Una pagina di storia e un tradimento che non devono essere dimenticati.\" \/>\n<meta name=\"robots\" content=\"index, follow, max-snippet:-1, max-image-preview:large, max-video-preview:-1\" \/>\n<link rel=\"canonical\" href=\"https:\/\/www.rassegnastampa-totustuus.it\/cattolica\/aborto-la-legge-194-che-la-dc-non-impedi\/\" \/>\n<meta property=\"og:locale\" content=\"it_IT\" \/>\n<meta property=\"og:type\" content=\"article\" \/>\n<meta property=\"og:title\" content=\"Aborto,  la legge 194 che la Dc non imped\u00ec - Rassegna Stampa Cattolica\" \/>\n<meta property=\"og:description\" content=\"Aborto, la legge 194 che la Dc non imped\u00ec. Una pagina di storia e un tradimento che non devono essere dimenticati.\" \/>\n<meta property=\"og:url\" content=\"https:\/\/www.rassegnastampa-totustuus.it\/cattolica\/aborto-la-legge-194-che-la-dc-non-impedi\/\" \/>\n<meta property=\"og:site_name\" content=\"Rassegna Stampa Cattolica\" \/>\n<meta property=\"article:publisher\" content=\"https:\/\/www.facebook.com\/rassegnastampacattolica\" \/>\n<meta property=\"article:published_time\" content=\"2004-10-26T11:24:43+00:00\" \/>\n<meta property=\"article:modified_time\" content=\"2024-01-04T20:02:02+00:00\" \/>\n<meta property=\"og:image\" content=\"https:\/\/www.rassegnastampa-totustuus.it\/cattolica\/wp-content\/uploads\/2004\/10\/Legge194_aborto_Dc.jpg\" \/>\n\t<meta property=\"og:image:width\" content=\"337\" \/>\n\t<meta property=\"og:image:height\" content=\"174\" \/>\n\t<meta property=\"og:image:type\" content=\"image\/jpeg\" \/>\n<meta name=\"author\" content=\"Redazione\" \/>\n<meta name=\"twitter:card\" content=\"summary_large_image\" \/>\n<meta name=\"twitter:creator\" content=\"@rassegnastampa9\" \/>\n<meta name=\"twitter:site\" content=\"@rassegnastampa9\" \/>\n<meta name=\"twitter:label1\" content=\"Scritto da\" \/>\n\t<meta name=\"twitter:data1\" content=\"Redazione\" \/>\n\t<meta name=\"twitter:label2\" content=\"Tempo di lettura stimato\" \/>\n\t<meta name=\"twitter:data2\" content=\"9 minuti\" \/>\n<script type=\"application\/ld+json\" class=\"yoast-schema-graph\">{\"@context\":\"https:\\\/\\\/schema.org\",\"@graph\":[{\"@type\":\"Article\",\"@id\":\"https:\\\/\\\/www.rassegnastampa-totustuus.it\\\/cattolica\\\/aborto-la-legge-194-che-la-dc-non-impedi\\\/#article\",\"isPartOf\":{\"@id\":\"https:\\\/\\\/www.rassegnastampa-totustuus.it\\\/cattolica\\\/aborto-la-legge-194-che-la-dc-non-impedi\\\/\"},\"author\":{\"name\":\"Redazione\",\"@id\":\"https:\\\/\\\/www.rassegnastampa-totustuus.it\\\/cattolica\\\/#\\\/schema\\\/person\\\/08f319d2bd1a0904ad9e2bfb7b15e5c3\"},\"headline\":\"Aborto, la legge 194 che la Dc non imped\u00ec\",\"datePublished\":\"2004-10-26T11:24:43+00:00\",\"dateModified\":\"2024-01-04T20:02:02+00:00\",\"mainEntityOfPage\":{\"@id\":\"https:\\\/\\\/www.rassegnastampa-totustuus.it\\\/cattolica\\\/aborto-la-legge-194-che-la-dc-non-impedi\\\/\"},\"wordCount\":1432,\"publisher\":{\"@id\":\"https:\\\/\\\/www.rassegnastampa-totustuus.it\\\/cattolica\\\/#organization\"},\"image\":{\"@id\":\"https:\\\/\\\/www.rassegnastampa-totustuus.it\\\/cattolica\\\/aborto-la-legge-194-che-la-dc-non-impedi\\\/#primaryimage\"},\"thumbnailUrl\":\"https:\\\/\\\/www.rassegnastampa-totustuus.it\\\/cattolica\\\/wp-content\\\/uploads\\\/2004\\\/10\\\/Legge194_aborto_Dc.jpg\",\"keywords\":[\"Aborto\"],\"articleSection\":[\"Aborto\"],\"inLanguage\":\"it-IT\"},{\"@type\":\"WebPage\",\"@id\":\"https:\\\/\\\/www.rassegnastampa-totustuus.it\\\/cattolica\\\/aborto-la-legge-194-che-la-dc-non-impedi\\\/\",\"url\":\"https:\\\/\\\/www.rassegnastampa-totustuus.it\\\/cattolica\\\/aborto-la-legge-194-che-la-dc-non-impedi\\\/\",\"name\":\"Aborto, la legge 194 che la Dc non imped\u00ec - Rassegna Stampa Cattolica\",\"isPartOf\":{\"@id\":\"https:\\\/\\\/www.rassegnastampa-totustuus.it\\\/cattolica\\\/#website\"},\"primaryImageOfPage\":{\"@id\":\"https:\\\/\\\/www.rassegnastampa-totustuus.it\\\/cattolica\\\/aborto-la-legge-194-che-la-dc-non-impedi\\\/#primaryimage\"},\"image\":{\"@id\":\"https:\\\/\\\/www.rassegnastampa-totustuus.it\\\/cattolica\\\/aborto-la-legge-194-che-la-dc-non-impedi\\\/#primaryimage\"},\"thumbnailUrl\":\"https:\\\/\\\/www.rassegnastampa-totustuus.it\\\/cattolica\\\/wp-content\\\/uploads\\\/2004\\\/10\\\/Legge194_aborto_Dc.jpg\",\"datePublished\":\"2004-10-26T11:24:43+00:00\",\"dateModified\":\"2024-01-04T20:02:02+00:00\",\"description\":\"Aborto, la legge 194 che la Dc non imped\u00ec. Una pagina di storia e un tradimento che non devono essere dimenticati.\",\"breadcrumb\":{\"@id\":\"https:\\\/\\\/www.rassegnastampa-totustuus.it\\\/cattolica\\\/aborto-la-legge-194-che-la-dc-non-impedi\\\/#breadcrumb\"},\"inLanguage\":\"it-IT\",\"potentialAction\":[{\"@type\":\"ReadAction\",\"target\":[\"https:\\\/\\\/www.rassegnastampa-totustuus.it\\\/cattolica\\\/aborto-la-legge-194-che-la-dc-non-impedi\\\/\"]}]},{\"@type\":\"ImageObject\",\"inLanguage\":\"it-IT\",\"@id\":\"https:\\\/\\\/www.rassegnastampa-totustuus.it\\\/cattolica\\\/aborto-la-legge-194-che-la-dc-non-impedi\\\/#primaryimage\",\"url\":\"https:\\\/\\\/www.rassegnastampa-totustuus.it\\\/cattolica\\\/wp-content\\\/uploads\\\/2004\\\/10\\\/Legge194_aborto_Dc.jpg\",\"contentUrl\":\"https:\\\/\\\/www.rassegnastampa-totustuus.it\\\/cattolica\\\/wp-content\\\/uploads\\\/2004\\\/10\\\/Legge194_aborto_Dc.jpg\",\"width\":337,\"height\":174,\"caption\":\"si manifesta per l'aborto e la legge 194\"},{\"@type\":\"BreadcrumbList\",\"@id\":\"https:\\\/\\\/www.rassegnastampa-totustuus.it\\\/cattolica\\\/aborto-la-legge-194-che-la-dc-non-impedi\\\/#breadcrumb\",\"itemListElement\":[{\"@type\":\"ListItem\",\"position\":1,\"name\":\"Home\",\"item\":\"https:\\\/\\\/www.rassegnastampa-totustuus.it\\\/cattolica\\\/\"},{\"@type\":\"ListItem\",\"position\":2,\"name\":\"Aborto, la legge 194 che la Dc non imped\u00ec\"}]},{\"@type\":\"WebSite\",\"@id\":\"https:\\\/\\\/www.rassegnastampa-totustuus.it\\\/cattolica\\\/#website\",\"url\":\"https:\\\/\\\/www.rassegnastampa-totustuus.it\\\/cattolica\\\/\",\"name\":\"Rassegna Stampa Cattolica\",\"description\":\"Per una cultura che nasce dalla Rivelazione cristiana in conformit\u00e0 alla tradizione e al Magistero della Chiesa in opposizione ad ogni relativismo e totalitarismo\",\"publisher\":{\"@id\":\"https:\\\/\\\/www.rassegnastampa-totustuus.it\\\/cattolica\\\/#organization\"},\"alternateName\":\"Rass. Cattolica\",\"potentialAction\":[{\"@type\":\"SearchAction\",\"target\":{\"@type\":\"EntryPoint\",\"urlTemplate\":\"https:\\\/\\\/www.rassegnastampa-totustuus.it\\\/cattolica\\\/?s={search_term_string}\"},\"query-input\":{\"@type\":\"PropertyValueSpecification\",\"valueRequired\":true,\"valueName\":\"search_term_string\"}}],\"inLanguage\":\"it-IT\"},{\"@type\":\"Organization\",\"@id\":\"https:\\\/\\\/www.rassegnastampa-totustuus.it\\\/cattolica\\\/#organization\",\"name\":\"Rassegna Stampa Cattolica\",\"url\":\"https:\\\/\\\/www.rassegnastampa-totustuus.it\\\/cattolica\\\/\",\"logo\":{\"@type\":\"ImageObject\",\"inLanguage\":\"it-IT\",\"@id\":\"https:\\\/\\\/www.rassegnastampa-totustuus.it\\\/cattolica\\\/#\\\/schema\\\/logo\\\/image\\\/\",\"url\":\"https:\\\/\\\/www.rassegnastampa-totustuus.it\\\/cattolica\\\/wp-content\\\/uploads\\\/2014\\\/04\\\/logo-rassegna1.gif\",\"contentUrl\":\"https:\\\/\\\/www.rassegnastampa-totustuus.it\\\/cattolica\\\/wp-content\\\/uploads\\\/2014\\\/04\\\/logo-rassegna1.gif\",\"width\":600,\"height\":163,\"caption\":\"Rassegna Stampa Cattolica\"},\"image\":{\"@id\":\"https:\\\/\\\/www.rassegnastampa-totustuus.it\\\/cattolica\\\/#\\\/schema\\\/logo\\\/image\\\/\"},\"sameAs\":[\"https:\\\/\\\/www.facebook.com\\\/rassegnastampacattolica\",\"https:\\\/\\\/x.com\\\/rassegnastampa9\"]},{\"@type\":\"Person\",\"@id\":\"https:\\\/\\\/www.rassegnastampa-totustuus.it\\\/cattolica\\\/#\\\/schema\\\/person\\\/08f319d2bd1a0904ad9e2bfb7b15e5c3\",\"name\":\"Redazione\",\"image\":{\"@type\":\"ImageObject\",\"inLanguage\":\"it-IT\",\"@id\":\"https:\\\/\\\/secure.gravatar.com\\\/avatar\\\/2fcdf27c78ea025fbdb44e914cc63c72249ffec9dc8aafd5c82b26240ef3f346?s=96&d=mm&r=g\",\"url\":\"https:\\\/\\\/secure.gravatar.com\\\/avatar\\\/2fcdf27c78ea025fbdb44e914cc63c72249ffec9dc8aafd5c82b26240ef3f346?s=96&d=mm&r=g\",\"contentUrl\":\"https:\\\/\\\/secure.gravatar.com\\\/avatar\\\/2fcdf27c78ea025fbdb44e914cc63c72249ffec9dc8aafd5c82b26240ef3f346?s=96&d=mm&r=g\",\"caption\":\"Redazione\"},\"url\":\"https:\\\/\\\/www.rassegnastampa-totustuus.it\\\/cattolica\\\/author\\\/pietroelle\\\/\"}]}<\/script>\n<!-- \/ Yoast SEO plugin. -->","yoast_head_json":{"title":"Aborto,  la legge 194 che la Dc non imped\u00ec - Rassegna Stampa Cattolica","description":"Aborto, la legge 194 che la Dc non imped\u00ec. Una pagina di storia e un tradimento che non devono essere dimenticati.","robots":{"index":"index","follow":"follow","max-snippet":"max-snippet:-1","max-image-preview":"max-image-preview:large","max-video-preview":"max-video-preview:-1"},"canonical":"https:\/\/www.rassegnastampa-totustuus.it\/cattolica\/aborto-la-legge-194-che-la-dc-non-impedi\/","og_locale":"it_IT","og_type":"article","og_title":"Aborto,  la legge 194 che la Dc non imped\u00ec - Rassegna Stampa Cattolica","og_description":"Aborto, la legge 194 che la Dc non imped\u00ec. Una pagina di storia e un tradimento che non devono essere dimenticati.","og_url":"https:\/\/www.rassegnastampa-totustuus.it\/cattolica\/aborto-la-legge-194-che-la-dc-non-impedi\/","og_site_name":"Rassegna Stampa Cattolica","article_publisher":"https:\/\/www.facebook.com\/rassegnastampacattolica","article_published_time":"2004-10-26T11:24:43+00:00","article_modified_time":"2024-01-04T20:02:02+00:00","og_image":[{"width":337,"height":174,"url":"https:\/\/www.rassegnastampa-totustuus.it\/cattolica\/wp-content\/uploads\/2004\/10\/Legge194_aborto_Dc.jpg","type":"image\/jpeg"}],"author":"Redazione","twitter_card":"summary_large_image","twitter_creator":"@rassegnastampa9","twitter_site":"@rassegnastampa9","twitter_misc":{"Scritto da":"Redazione","Tempo di lettura stimato":"9 minuti"},"schema":{"@context":"https:\/\/schema.org","@graph":[{"@type":"Article","@id":"https:\/\/www.rassegnastampa-totustuus.it\/cattolica\/aborto-la-legge-194-che-la-dc-non-impedi\/#article","isPartOf":{"@id":"https:\/\/www.rassegnastampa-totustuus.it\/cattolica\/aborto-la-legge-194-che-la-dc-non-impedi\/"},"author":{"name":"Redazione","@id":"https:\/\/www.rassegnastampa-totustuus.it\/cattolica\/#\/schema\/person\/08f319d2bd1a0904ad9e2bfb7b15e5c3"},"headline":"Aborto, la legge 194 che la Dc non imped\u00ec","datePublished":"2004-10-26T11:24:43+00:00","dateModified":"2024-01-04T20:02:02+00:00","mainEntityOfPage":{"@id":"https:\/\/www.rassegnastampa-totustuus.it\/cattolica\/aborto-la-legge-194-che-la-dc-non-impedi\/"},"wordCount":1432,"publisher":{"@id":"https:\/\/www.rassegnastampa-totustuus.it\/cattolica\/#organization"},"image":{"@id":"https:\/\/www.rassegnastampa-totustuus.it\/cattolica\/aborto-la-legge-194-che-la-dc-non-impedi\/#primaryimage"},"thumbnailUrl":"https:\/\/www.rassegnastampa-totustuus.it\/cattolica\/wp-content\/uploads\/2004\/10\/Legge194_aborto_Dc.jpg","keywords":["Aborto"],"articleSection":["Aborto"],"inLanguage":"it-IT"},{"@type":"WebPage","@id":"https:\/\/www.rassegnastampa-totustuus.it\/cattolica\/aborto-la-legge-194-che-la-dc-non-impedi\/","url":"https:\/\/www.rassegnastampa-totustuus.it\/cattolica\/aborto-la-legge-194-che-la-dc-non-impedi\/","name":"Aborto, la legge 194 che la Dc non imped\u00ec - Rassegna Stampa Cattolica","isPartOf":{"@id":"https:\/\/www.rassegnastampa-totustuus.it\/cattolica\/#website"},"primaryImageOfPage":{"@id":"https:\/\/www.rassegnastampa-totustuus.it\/cattolica\/aborto-la-legge-194-che-la-dc-non-impedi\/#primaryimage"},"image":{"@id":"https:\/\/www.rassegnastampa-totustuus.it\/cattolica\/aborto-la-legge-194-che-la-dc-non-impedi\/#primaryimage"},"thumbnailUrl":"https:\/\/www.rassegnastampa-totustuus.it\/cattolica\/wp-content\/uploads\/2004\/10\/Legge194_aborto_Dc.jpg","datePublished":"2004-10-26T11:24:43+00:00","dateModified":"2024-01-04T20:02:02+00:00","description":"Aborto, la legge 194 che la Dc non imped\u00ec. Una pagina di storia e un tradimento che non devono essere dimenticati.","breadcrumb":{"@id":"https:\/\/www.rassegnastampa-totustuus.it\/cattolica\/aborto-la-legge-194-che-la-dc-non-impedi\/#breadcrumb"},"inLanguage":"it-IT","potentialAction":[{"@type":"ReadAction","target":["https:\/\/www.rassegnastampa-totustuus.it\/cattolica\/aborto-la-legge-194-che-la-dc-non-impedi\/"]}]},{"@type":"ImageObject","inLanguage":"it-IT","@id":"https:\/\/www.rassegnastampa-totustuus.it\/cattolica\/aborto-la-legge-194-che-la-dc-non-impedi\/#primaryimage","url":"https:\/\/www.rassegnastampa-totustuus.it\/cattolica\/wp-content\/uploads\/2004\/10\/Legge194_aborto_Dc.jpg","contentUrl":"https:\/\/www.rassegnastampa-totustuus.it\/cattolica\/wp-content\/uploads\/2004\/10\/Legge194_aborto_Dc.jpg","width":337,"height":174,"caption":"si manifesta per l'aborto e la legge 194"},{"@type":"BreadcrumbList","@id":"https:\/\/www.rassegnastampa-totustuus.it\/cattolica\/aborto-la-legge-194-che-la-dc-non-impedi\/#breadcrumb","itemListElement":[{"@type":"ListItem","position":1,"name":"Home","item":"https:\/\/www.rassegnastampa-totustuus.it\/cattolica\/"},{"@type":"ListItem","position":2,"name":"Aborto, la legge 194 che la Dc non imped\u00ec"}]},{"@type":"WebSite","@id":"https:\/\/www.rassegnastampa-totustuus.it\/cattolica\/#website","url":"https:\/\/www.rassegnastampa-totustuus.it\/cattolica\/","name":"Rassegna Stampa Cattolica","description":"Per una cultura che nasce dalla Rivelazione cristiana in conformit\u00e0 alla tradizione e al Magistero della Chiesa in opposizione ad ogni relativismo e totalitarismo","publisher":{"@id":"https:\/\/www.rassegnastampa-totustuus.it\/cattolica\/#organization"},"alternateName":"Rass. Cattolica","potentialAction":[{"@type":"SearchAction","target":{"@type":"EntryPoint","urlTemplate":"https:\/\/www.rassegnastampa-totustuus.it\/cattolica\/?s={search_term_string}"},"query-input":{"@type":"PropertyValueSpecification","valueRequired":true,"valueName":"search_term_string"}}],"inLanguage":"it-IT"},{"@type":"Organization","@id":"https:\/\/www.rassegnastampa-totustuus.it\/cattolica\/#organization","name":"Rassegna Stampa Cattolica","url":"https:\/\/www.rassegnastampa-totustuus.it\/cattolica\/","logo":{"@type":"ImageObject","inLanguage":"it-IT","@id":"https:\/\/www.rassegnastampa-totustuus.it\/cattolica\/#\/schema\/logo\/image\/","url":"https:\/\/www.rassegnastampa-totustuus.it\/cattolica\/wp-content\/uploads\/2014\/04\/logo-rassegna1.gif","contentUrl":"https:\/\/www.rassegnastampa-totustuus.it\/cattolica\/wp-content\/uploads\/2014\/04\/logo-rassegna1.gif","width":600,"height":163,"caption":"Rassegna Stampa Cattolica"},"image":{"@id":"https:\/\/www.rassegnastampa-totustuus.it\/cattolica\/#\/schema\/logo\/image\/"},"sameAs":["https:\/\/www.facebook.com\/rassegnastampacattolica","https:\/\/x.com\/rassegnastampa9"]},{"@type":"Person","@id":"https:\/\/www.rassegnastampa-totustuus.it\/cattolica\/#\/schema\/person\/08f319d2bd1a0904ad9e2bfb7b15e5c3","name":"Redazione","image":{"@type":"ImageObject","inLanguage":"it-IT","@id":"https:\/\/secure.gravatar.com\/avatar\/2fcdf27c78ea025fbdb44e914cc63c72249ffec9dc8aafd5c82b26240ef3f346?s=96&d=mm&r=g","url":"https:\/\/secure.gravatar.com\/avatar\/2fcdf27c78ea025fbdb44e914cc63c72249ffec9dc8aafd5c82b26240ef3f346?s=96&d=mm&r=g","contentUrl":"https:\/\/secure.gravatar.com\/avatar\/2fcdf27c78ea025fbdb44e914cc63c72249ffec9dc8aafd5c82b26240ef3f346?s=96&d=mm&r=g","caption":"Redazione"},"url":"https:\/\/www.rassegnastampa-totustuus.it\/cattolica\/author\/pietroelle\/"}]}},"_links":{"self":[{"href":"https:\/\/www.rassegnastampa-totustuus.it\/cattolica\/wp-json\/wp\/v2\/posts\/1","targetHints":{"allow":["GET"]}}],"collection":[{"href":"https:\/\/www.rassegnastampa-totustuus.it\/cattolica\/wp-json\/wp\/v2\/posts"}],"about":[{"href":"https:\/\/www.rassegnastampa-totustuus.it\/cattolica\/wp-json\/wp\/v2\/types\/post"}],"author":[{"embeddable":true,"href":"https:\/\/www.rassegnastampa-totustuus.it\/cattolica\/wp-json\/wp\/v2\/users\/6"}],"replies":[{"embeddable":true,"href":"https:\/\/www.rassegnastampa-totustuus.it\/cattolica\/wp-json\/wp\/v2\/comments?post=1"}],"version-history":[{"count":14,"href":"https:\/\/www.rassegnastampa-totustuus.it\/cattolica\/wp-json\/wp\/v2\/posts\/1\/revisions"}],"predecessor-version":[{"id":58796,"href":"https:\/\/www.rassegnastampa-totustuus.it\/cattolica\/wp-json\/wp\/v2\/posts\/1\/revisions\/58796"}],"wp:featuredmedia":[{"embeddable":true,"href":"https:\/\/www.rassegnastampa-totustuus.it\/cattolica\/wp-json\/wp\/v2\/media\/57804"}],"wp:attachment":[{"href":"https:\/\/www.rassegnastampa-totustuus.it\/cattolica\/wp-json\/wp\/v2\/media?parent=1"}],"wp:term":[{"taxonomy":"category","embeddable":true,"href":"https:\/\/www.rassegnastampa-totustuus.it\/cattolica\/wp-json\/wp\/v2\/categories?post=1"},{"taxonomy":"post_tag","embeddable":true,"href":"https:\/\/www.rassegnastampa-totustuus.it\/cattolica\/wp-json\/wp\/v2\/tags?post=1"}],"curies":[{"name":"wp","href":"https:\/\/api.w.org\/{rel}","templated":true}]}}